{"id":3143,"date":"2021-11-22T09:22:53","date_gmt":"2021-11-22T08:22:53","guid":{"rendered":"https:\/\/magazine.lapeyre.fr\/c\/magazine\/?p=3143"},"modified":"2025-12-16T14:02:44","modified_gmt":"2025-12-16T13:02:44","slug":"remplace-porte-de-garage-fenetre","status":"publish","type":"post","link":"https:\/\/www.lapeyre.fr\/c\/magazine\/remplace-porte-de-garage-fenetre\/","title":{"rendered":"Comment remplacer une porte de garage par une fen\u00eatre ou une baie coulissante ?"},"content":{"rendered":"\r\n<p><strong><span class=\"TextRun SCXW221725731 BCX0\" lang=\"FR-FR\" xml:lang=\"FR-FR\" data-contrast=\"auto\"><span class=\"NormalTextRun SCXW221725731 BCX0\">Envie de transformer votre garage en une pi\u00e8ce \u00e0 vivre confortable et esth\u00e9tiquement impeccable ?<\/span><span class=\"NormalTextRun SCXW221725731 BCX0\">\u00a0Lapeyre vous guide dans votre projet\u202f!<\/span><\/span><span class=\"EOP SCXW221725731 BCX0\" data-ccp-props=\"{}\">\u00a0<\/span><\/strong><\/p>\r\n<p><img loading=\"lazy\" decoding=\"async\" class=\"aligncenter wp-image-4727 size-large\" src=\"https:\/\/www.lapeyre.fr\/wp-content\/uploads\/2021\/11\/202130630_8_HD-1024x741.jpg\" alt=\"Garage avec baie coulissante\" width=\"1024\" height=\"741\" srcset=\"https:\/\/www.lapeyre.fr\/wp-content\/uploads\/2021\/11\/202130630_8_HD-1024x741.jpg 1024w, https:\/\/www.lapeyre.fr\/wp-content\/uploads\/2021\/11\/202130630_8_HD-300x217.jpg 300w, https:\/\/www.lapeyre.fr\/wp-content\/uploads\/2021\/11\/202130630_8_HD-768x556.jpg 768w, https:\/\/www.lapeyre.fr\/wp-content\/uploads\/2021\/11\/202130630_8_HD-1536x1111.jpg 1536w, https:\/\/www.lapeyre.fr\/wp-content\/uploads\/2021\/11\/202130630_8_HD-2048x1482.jpg 2048w, https:\/\/www.lapeyre.fr\/wp-content\/uploads\/2021\/11\/202130630_8_HD-1920x1389.jpg 1920w\" sizes=\"auto, (max-width: 1024px) 100vw, 1024px\" \/><\/p>\r\n\r\n\r\n\r\n\r\n\r\n\r\n\r\n<h2 class=\"wp-block-heading\"><span class=\"TextRun SCXW35524513 BCX0\" lang=\"FR-FR\" xml:lang=\"FR-FR\" data-contrast=\"auto\"><span class=\"NormalTextRun SCXW35524513 BCX0\">Comment remplacer une porte de garage par une fen\u00eatre ou une baie coulissante ?<\/span><\/span><\/h2>\r\n\r\n\r\n\r\n<p><span data-contrast=\"auto\">Envie de transformer votre garage en une pi\u00e8ce \u00e0 vivre confortable et esth\u00e9tiquement impeccable ? Pensez \u00e0 remplacer votre porte de garage par d\u2019autres \u00e9quipements appropri\u00e9s pour le nouvel espace que vous souhaitez am\u00e9nager.<\/span><span data-ccp-props=\"{}\">\u00a0<\/span><\/p>\r\n<p><span data-contrast=\"auto\">Pour ce type de projet, il existe diff\u00e9rentes solutions qui r\u00e9pondent \u00e0 vos besoins. Vous pouvez installer une\u202ffen\u00eatre\u202fdans le mat\u00e9riau de votre choix ou encore poser une baie vitr\u00e9e. Quelle est la d\u00e9marche \u00e0 suivre pour r\u00e9aliser cette op\u00e9ration conform\u00e9ment aux normes en vigueur ? Cet article r\u00e9pond \u00e0 la question en pr\u00e9sentant la proc\u00e9dure de remplacement d\u2019une porte de garage par une fen\u00eatre.<\/span><span data-ccp-props=\"{}\">\u00a0<\/span><\/p>\r\n\r\n\r\n\r\n<h2 class=\"wp-block-heading\"><span class=\"TextRun SCXW10723880 BCX0\" lang=\"FR-FR\" xml:lang=\"FR-FR\" data-contrast=\"auto\"><span class=\"NormalTextRun SCXW10723880 BCX0\">Quel type de fen\u00eatre ou baie vitr\u00e9e ?<\/span><\/span><\/h2>\r\n\r\n\r\n\r\n<p><span class=\"TextRun SCXW246727794 BCX0\" lang=\"FR-FR\" xml:lang=\"FR-FR\" data-contrast=\"auto\"><span class=\"NormalTextRun SCXW246727794 BCX0\">Pour remplacer votre\u00a0<\/span><\/span><a class=\"Hyperlink SCXW246727794 BCX0\" href=\"https:\/\/www.lapeyre.fr\/produits\/jardin-exterieur\/porte-garage\" target=\"_blank\" rel=\"noreferrer noopener\"><span class=\"TextRun Underlined SCXW246727794 BCX0\" lang=\"FR-FR\" xml:lang=\"FR-FR\" data-contrast=\"none\"><span class=\"NormalTextRun SCXW246727794 BCX0\" data-ccp-charstyle=\"Hyperlink\"><strong>porte de garage<\/strong><\/span><\/span><\/a><span class=\"TextRun SCXW246727794 BCX0\" lang=\"FR-FR\" xml:lang=\"FR-FR\" data-contrast=\"auto\"><span class=\"NormalTextRun SCXW246727794 BCX0\">, vous pouvez privil\u00e9gier comme solution l\u2019installation d\u2019une fen\u00eatre. C\u2019est un \u00e9quipement disponible dans une vari\u00e9t\u00e9 de mod\u00e8les parfaitement adapt\u00e9s \u00e0 vos besoins sp\u00e9cifiques. En misant sur une\u202f<\/span><\/span><strong><span class=\"TextRun SCXW246727794 BCX0\" lang=\"FR-FR\" xml:lang=\"FR-FR\" data-contrast=\"auto\"><span class=\"NormalTextRun SCXW246727794 BCX0\">porte-fen\u00eatre<\/span><\/span><\/strong><span class=\"TextRun SCXW246727794 BCX0\" lang=\"FR-FR\" xml:lang=\"FR-FR\" data-contrast=\"auto\"><span class=\"NormalTextRun SCXW246727794 BCX0\">, vous b\u00e9n\u00e9ficierez d\u2019une meilleure luminosit\u00e9 \u00e0 l\u2019int\u00e9rieur de votre pi\u00e8ce. Elle constitue la solution id\u00e9ale pour\u202f<\/span><\/span><strong><span class=\"TextRun SCXW246727794 BCX0\" lang=\"FR-FR\" xml:lang=\"FR-FR\" data-contrast=\"auto\"><span class=\"NormalTextRun SCXW246727794 BCX0\">faire entrer efficacement la lumi\u00e8re dans votre maison<\/span><\/span><\/strong><span class=\"TextRun SCXW246727794 BCX0\" lang=\"FR-FR\" xml:lang=\"FR-FR\" data-contrast=\"auto\"><span class=\"NormalTextRun SCXW246727794 BCX0\">. Dot\u00e9 d\u2019ouvertures particuli\u00e8rement larges, c\u2019est un dispositif qui permet d\u2019<\/span><\/span><strong><span class=\"TextRun SCXW246727794 BCX0\" lang=\"FR-FR\" xml:lang=\"FR-FR\" data-contrast=\"auto\"><span class=\"NormalTextRun SCXW246727794 BCX0\">ouvrir votre nouvelle pi\u00e8ce \u00e0 vivre sur l\u2019ext\u00e9rieur<\/span><\/span><\/strong><span class=\"TextRun SCXW246727794 BCX0\" lang=\"FR-FR\" xml:lang=\"FR-FR\" data-contrast=\"auto\"><span class=\"NormalTextRun SCXW246727794 BCX0\">. Mieux, une porte-fen\u00eatre poss\u00e8de des qualit\u00e9s pour rendre votre logement plus lumineux. Une autre option est de vous orienter vers une<strong>\u202f<\/strong><\/span><\/span><strong><span class=\"TextRun SCXW246727794 BCX0\" lang=\"FR-FR\" xml:lang=\"FR-FR\" data-contrast=\"auto\"><span class=\"NormalTextRun SCXW246727794 BCX0\">porte coulissante<\/span><\/span><\/strong><span class=\"TextRun SCXW246727794 BCX0\" lang=\"FR-FR\" xml:lang=\"FR-FR\" data-contrast=\"auto\"><span class=\"NormalTextRun SCXW246727794 BCX0\">. Son int\u00e9r\u00eat r\u00e9side dans sa capacit\u00e9 \u00e0 assurer une\u202f<\/span><\/span><strong><span class=\"TextRun SCXW246727794 BCX0\" lang=\"FR-FR\" xml:lang=\"FR-FR\" data-contrast=\"auto\"><span class=\"NormalTextRun SCXW246727794 BCX0\">optimisation de l\u2019espace disponible<\/span><\/span><\/strong><span class=\"TextRun SCXW246727794 BCX0\" lang=\"FR-FR\" xml:lang=\"FR-FR\" data-contrast=\"auto\"><span class=\"NormalTextRun SCXW246727794 BCX0\">.<\/span><\/span><span class=\"EOP SCXW246727794 BCX0\" data-ccp-props=\"{}\">\u00a0<\/span><\/p>\r\n<p><span data-contrast=\"auto\">Il est aussi possible de poser une baie vitr\u00e9e en remplacement de votre <\/span><b><span data-contrast=\"auto\">porte de garage<\/span><\/b><span data-contrast=\"auto\">. Qu\u2019il s\u2019agisse d\u2019une baie coulissante ou non, cette solution apporte \u00e0 la pi\u00e8ce <\/span><b><span data-contrast=\"auto\">un maximum de lumi\u00e8re naturelle<\/span><\/b><span data-contrast=\"auto\">. Selon la nature de votre projet, <\/span><b><span data-contrast=\"auto\">des autorisations peuvent \u00eatre n\u00e9cessaires<\/span><\/b><span data-contrast=\"auto\">. En fonction de la <\/span><b><span data-contrast=\"auto\">surface <\/span><\/b><span data-contrast=\"auto\">de votre garage que vous comptez transformer, vous ferez une <\/span><b><span data-contrast=\"auto\">d\u00e9claration pr\u00e9alable de travaux <\/span><\/b><span data-contrast=\"auto\">aupr\u00e8s de votre mairie ou une demande de <\/span><b><span data-contrast=\"auto\">permis de construire<\/span><\/b><span data-contrast=\"auto\">. Pour ce qui est des mod\u00e8les, vous pouvez choisir <\/span><b><span data-contrast=\"auto\">une <\/span><\/b><b><span data-contrast=\"auto\">baie coulissante \u00e0 galandage<\/span><\/b><span data-contrast=\"auto\">. Elle est dot\u00e9e de vantaux capables de se glisser dans les murs. Tr\u00e8s en vogue et parfaite pour les maisons modernes, elle permet une ouverture totale. La baie coulissante \u00e0 galandage favorise la <\/span><b><span data-contrast=\"auto\">cr\u00e9ation d\u2019un lien unique l\u2019ext\u00e9rieur et votre nouvelle pi\u00e8ce<\/span><\/b><span data-contrast=\"auto\">.<\/span><span data-ccp-props=\"{}\">\u00a0<\/span><\/p>\r\n<p><span data-contrast=\"auto\">Gardez \u00e0 l\u2019esprit que les portes de garage se caract\u00e9risent g\u00e9n\u00e9ralement par d\u2019importantes dimensions. Il est donc judicieux de <\/span><b><span data-contrast=\"auto\">privil\u00e9gier la pose d\u2019une baie vitr\u00e9e, plut\u00f4t que celle d\u2019une fen\u00eatre<\/span><\/b><span data-contrast=\"auto\">. Il s\u2019agit du moyen le plus \u00e9conomique lorsque vous souhaitez donner un second souffle \u00e0 votre garage, une pi\u00e8ce incontournable de votre maison. \u00c9tudiez minutieusement les caract\u00e9ristiques des diff\u00e9rents mod\u00e8les et faites un choix en ad\u00e9quation avec vos besoins et votre budget.\u202f<\/span><span data-ccp-props=\"{}\">\u00a0<\/span><\/p>\r\n<h2><span class=\"TextRun SCXW76229825 BCX0\" lang=\"FR-FR\" xml:lang=\"FR-FR\" data-contrast=\"auto\"><span class=\"NormalTextRun SCXW76229825 BCX0\">Quelles autorisations pour remplacer une porte de garage par une baie vitr\u00e9e ?<\/span><\/span><span class=\"EOP SCXW76229825 BCX0\" data-ccp-props=\"{}\">\u00a0<\/span><\/h2>\r\n<p>\r\n\r\n<\/p>\r\n<p><span class=\"TextRun SCXW117245774 BCX0\" lang=\"FR-FR\" xml:lang=\"FR-FR\" data-contrast=\"auto\"><span class=\"NormalTextRun SCXW117245774 BCX0\">Le\u202f<\/span><\/span><strong><span class=\"TextRun SCXW117245774 BCX0\" lang=\"FR-FR\" xml:lang=\"FR-FR\" data-contrast=\"auto\"><span class=\"NormalTextRun SCXW117245774 BCX0\">permis de construire<\/span><\/span><\/strong><span class=\"TextRun SCXW117245774 BCX0\" lang=\"FR-FR\" xml:lang=\"FR-FR\" data-contrast=\"auto\"><span class=\"NormalTextRun SCXW117245774 BCX0\">\u202fet <strong>la\u202f<\/strong><\/span><\/span><span class=\"TextRun SCXW117245774 BCX0\" lang=\"FR-FR\" xml:lang=\"FR-FR\" data-contrast=\"auto\"><span class=\"NormalTextRun SCXW117245774 BCX0\"><strong>d\u00e9claration pr\u00e9alable<\/strong> de travaux\u202f<\/span><\/span><span class=\"TextRun SCXW117245774 BCX0\" lang=\"FR-FR\" xml:lang=\"FR-FR\" data-contrast=\"auto\"><span class=\"NormalTextRun SCXW117245774 BCX0\">font partie des <\/span><\/span><strong><span class=\"TextRun SCXW117245774 BCX0\" lang=\"FR-FR\" xml:lang=\"FR-FR\" data-contrast=\"auto\"><span class=\"NormalTextRun SCXW117245774 BCX0\">autorisations indispensables <\/span><\/span><\/strong><span class=\"TextRun SCXW117245774 BCX0\" lang=\"FR-FR\" xml:lang=\"FR-FR\" data-contrast=\"auto\"><span class=\"NormalTextRun SCXW117245774 BCX0\">dans le cadre d\u2019un remplacement d\u2019une porte de garage par une baie vitr\u00e9e. Deux param\u00e8tres sont \u00e0 prendre en compte pour d\u00e9terminer la d\u00e9marche administrative \u00e0 effectuer. <\/span><\/span><strong><span class=\"TextRun SCXW117245774 BCX0\" lang=\"FR-FR\" xml:lang=\"FR-FR\" data-contrast=\"auto\"><span class=\"NormalTextRun SCXW117245774 BCX0\">Le lieu<\/span><\/span><span class=\"TextRun SCXW117245774 BCX0\" lang=\"FR-FR\" xml:lang=\"FR-FR\" data-contrast=\"auto\"><span class=\"NormalTextRun SCXW117245774 BCX0\">\u202f<\/span><\/span><span class=\"TextRun SCXW117245774 BCX0\" lang=\"FR-FR\" xml:lang=\"FR-FR\" data-contrast=\"auto\"><span class=\"NormalTextRun SCXW117245774 BCX0\">de situation du garage <\/span><\/span><\/strong><span class=\"TextRun SCXW117245774 BCX0\" lang=\"FR-FR\" xml:lang=\"FR-FR\" data-contrast=\"auto\"><span class=\"NormalTextRun SCXW117245774 BCX0\">\u00e0 transformer et <strong>la\u202f<\/strong><\/span><\/span><strong><span class=\"TextRun SCXW117245774 BCX0\" lang=\"FR-FR\" xml:lang=\"FR-FR\" data-contrast=\"auto\"><span class=\"NormalTextRun SCXW117245774 BCX0\">surface de celui-ci <\/span><\/span><\/strong><span class=\"TextRun SCXW117245774 BCX0\" lang=\"FR-FR\" xml:lang=\"FR-FR\" data-contrast=\"auto\"><span class=\"NormalTextRun SCXW117245774 BCX0\">sont ainsi pris en compte. Si vous r\u00e9sidez dans une commune non-couverte par un\u202f<\/span><\/span><strong><span class=\"TextRun SCXW117245774 BCX0\" lang=\"FR-FR\" xml:lang=\"FR-FR\" data-contrast=\"auto\"><span class=\"NormalTextRun SCXW117245774 BCX0\">Plan Local d\u2019Urbanisme<\/span><span class=\"NormalTextRun SCXW117245774 BCX0\">\u00a0<\/span><span class=\"NormalTextRun SCXW117245774 BCX0\">(PLU)<\/span><\/span><\/strong><span class=\"TextRun SCXW117245774 BCX0\" lang=\"FR-FR\" xml:lang=\"FR-FR\" data-contrast=\"auto\"><span class=\"NormalTextRun SCXW117245774 BCX0\">, une d\u00e9claration pr\u00e9alable de travaux est n\u00e9cessaire pour un garage avec une superficie inf\u00e9rieure ou \u00e9gale \u00e0 20 m\u00b2. Pour une surface d\u00e9passant 20 m\u00b2, un permis de construire vous sera exig\u00e9 pour\u00a0<\/span><\/span><a class=\"Hyperlink SCXW117245774 BCX0\" href=\"https:\/\/www.lapeyre.fr\/c\/magazine\/comment-poser-une-baie-vitree\/\" target=\"_blank\" rel=\"noreferrer noopener\"><span class=\"TextRun Underlined SCXW117245774 BCX0\" lang=\"FR-FR\" xml:lang=\"FR-FR\" data-contrast=\"none\"><span class=\"NormalTextRun SCXW117245774 BCX0\" data-ccp-charstyle=\"Hyperlink\"><strong>poser une baie vitr\u00e9e<\/strong><\/span><\/span><\/a><span class=\"TextRun SCXW117245774 BCX0\" lang=\"FR-FR\" xml:lang=\"FR-FR\" data-contrast=\"auto\"><span class=\"NormalTextRun SCXW117245774 BCX0\">\u00a0dans le<\/span><\/span><strong><span class=\"TextRun SCXW117245774 BCX0\" lang=\"FR-FR\" xml:lang=\"FR-FR\" data-contrast=\"auto\"><span class=\"NormalTextRun SCXW117245774 BCX0\">\u202frespect des normes en vigueur<\/span><\/span><\/strong><span class=\"TextRun SCXW117245774 BCX0\" lang=\"FR-FR\" xml:lang=\"FR-FR\" data-contrast=\"auto\"><span class=\"NormalTextRun SCXW117245774 BCX0\">.<\/span><\/span><span class=\"EOP SCXW117245774 BCX0\" data-ccp-props=\"{}\">\u00a0<\/span><\/p>\r\n\r\n\r\n\r\n<h2 class=\"wp-block-heading\">Avantages et inconv\u00e9nients de remplacer une porte de garage par une fen\u00eatre<\/h2>\r\n\r\n\r\n\r\n<p>Le remplacement de votre porte de garage par une <strong>fen\u00eatre ou une baie vitr\u00e9e<\/strong> est un excellent moyen pour <strong>illuminer efficacement votre pi\u00e8ce<\/strong>. C&rsquo;est \u00e9galement une op\u00e9ration qui <strong>transforme votre garage en une<\/strong> <strong>pi\u00e8ce utile et augmente votre surface habitable<\/strong>. L&rsquo;avantage de tels travaux d&rsquo;am\u00e9nagement r\u00e9side en outre dans sa capacit\u00e9 \u00e0 conserver la nature des plans de votre maison. En d\u00e9pit de ces b\u00e9n\u00e9fices, remplacer votre porte de garage par une fen\u00eatre a des limites. On peut citer le <strong>co\u00fbt des travaux<\/strong>, <strong>l&rsquo;accroissement de l\u2019imp\u00f4t foncier <\/strong>en cas de r\u00e9alisation d\u2019une extension de la surface habitable et les <strong>formalit\u00e9s administratives<\/strong>.<\/p>\r\n<h2><span class=\"TextRun SCXW228711334 BCX0\" lang=\"FR-FR\" xml:lang=\"FR-FR\" data-contrast=\"auto\"><span class=\"NormalTextRun SCXW228711334 BCX0\">Remplacer une porte de garage par une baie vitr\u00e9e\u202f: les conseils Lapeyre\u202f!<\/span><\/span><\/h2>\r\n<p>\r\n\r\n<\/p>\r\n<p><span class=\"TextRun SCXW156627028 BCX0\" lang=\"FR-FR\" xml:lang=\"FR-FR\" data-contrast=\"auto\"><span class=\"NormalTextRun SCXW156627028 BCX0\">Vous envisagez de\u00a0<\/span><span class=\"NormalTextRun SCXW156627028 BCX0\">remplacer<\/span><span class=\"NormalTextRun SCXW156627028 BCX0\">\u00a0votre porte de garage\u00a0<\/span><span class=\"NormalTextRun SCXW156627028 BCX0\">par une<\/span><span class=\"NormalTextRun SCXW156627028 BCX0\">\u00a0baie vitr\u00e9e ou\u00a0<\/span><span class=\"NormalTextRun SCXW156627028 BCX0\">une<\/span><span class=\"NormalTextRun SCXW156627028 BCX0\">\u00a0fen\u00eatre ? Excellente id\u00e9e ! Mais avant de vous lancer t\u00eate baiss\u00e9e, prenez le temps de bien r\u00e9fl\u00e9chir \u00e0 ce qui conviendra vraiment \u00e0 votre situation.<\/span><span class=\"NormalTextRun SCXW156627028 BCX0\">\u00a0<\/span><span class=\"NormalTextRun SCXW156627028 BCX0\">Ce genre de projet, c&rsquo;est bien plus qu&rsquo;une question d&rsquo;esth\u00e9tique. Oui, c&rsquo;est vrai, votre garage va gagner en luminosit\u00e9 et en charme, mais il faut aussi penser isolation et performances \u00e9nerg\u00e9tiques. Pas question de se retrouver avec une pi\u00e8ce glaciale en hiver ou \u00e9touffante en \u00e9t\u00e9 !<\/span><\/span><span class=\"EOP SCXW156627028 BCX0\" data-ccp-props=\"{}\">\u00a0<\/span><\/p>\r\n<p><span data-contrast=\"auto\">A lire \u00e9galement\u202f:\u00a0<\/span><strong><a href=\"https:\/\/www.lapeyre.fr\/c\/magazine\/isoler-une-baie-vitree-pourquoi-comment\/\">Comment isoler une baie vitr\u00e9e\u202f?<\/a>\u00a0<\/strong><\/p>\r\n<ol>\r\n<li><span data-contrast=\"auto\">Pour le vitrage\u00a0de la baie vitr\u00e9e, misez sur du solide : un double, voire un triple vitrage si votre budget le permet. C&rsquo;est un investissement qui en vaut vraiment la peine, car vous allez \u00e9conomiser sur le chauffage et profiter d&rsquo;un meilleur confort acoustique.<\/span><span data-ccp-props=\"{}\">\u00a0<\/span><\/li>\r\n<li><span data-contrast=\"auto\">C\u00f4t\u00e9 mat\u00e9riaux, vous avez le choix.\u00a0La\u00a0<\/span><strong><a href=\"https:\/\/www.lapeyre.fr\/produits\/menuiserie-porte-fenetre\/baie-vitree\/baie-vitree-pvc\">baie vitr\u00e9e en\u00a0PVC<\/a><\/strong><span data-contrast=\"auto\">,\u00a0c\u2019est\u00a0la\u00a0championne\u00a0du rapport qualit\u00e9-prix : robuste, sans entretien et abordable.\u00a0La\u00a0<\/span><strong><a href=\"https:\/\/www.lapeyre.fr\/produits\/menuiserie-porte-fenetre\/baie-vitree\/baie-vitree-bois\">baie vitr\u00e9e en bois<\/a><\/strong><span data-contrast=\"auto\">,\u00a0elle, apporte ce petit c\u00f4t\u00e9 chaleureux et authentique qui fait toute la diff\u00e9rence, surtout si votre maison a du caract\u00e8re.\u00a0La\u00a0<\/span><a href=\"https:\/\/www.lapeyre.fr\/produits\/menuiserie-porte-fenetre\/baie-vitree\/baie-vitree-aluminium\"><span data-contrast=\"none\"><strong>baie vitr\u00e9e en aluminium<\/strong><\/span><\/a><span data-contrast=\"auto\">\u00a0est tr\u00e8s design.\u00a0\u00c0 vous de voir ce qui vous correspond le mieux\u202f!<\/span><span data-ccp-props=\"{}\">\u00a0<\/span><\/li>\r\n<li><span data-contrast=\"auto\">N&rsquo;oubliez pas non plus les questions de s\u00e9curit\u00e9 : \u00e9tanch\u00e9it\u00e9, solidit\u00e9&#8230; ce sont des d\u00e9tails qui comptent \u00e9norm\u00e9ment. C&rsquo;est pour \u00e7a qu&rsquo;il vaut mieux faire appel \u00e0 un bon professionnel. Certes, \u00e7a repr\u00e9sente un co\u00fbt, mais au moins vous \u00eates tranquille : le travail sera bien fait, aux normes, et vous \u00e9viterez les mauvaises surprises.<\/span><span data-ccp-props=\"{}\">\u00a0<\/span><\/li>\r\n<\/ol>\r\n<p><span data-contrast=\"auto\">Au final, ce type d&rsquo;am\u00e9nagement, c&rsquo;est vraiment transformateur. Votre ancien garage devient un v\u00e9ritable espace de vie, lumineux et agr\u00e9able, et en prime, \u00e7a donne de la valeur \u00e0 votre maison. <br \/>Que demander de mieux ?<\/span><span data-ccp-props=\"{}\">\u00a0<\/span><\/p>\r\n<p><span data-contrast=\"auto\">Une question\u202fprix\u00a0? Un doute\u202fsur l\u2019installation de votre nouvelle ouverture\u00a0? Les experts Lapeyre vous\u00a0guident\u202fdans votre projet ou vos travaux\u00a0! Prenez rendez-vous d\u00e8s \u00e0 pr\u00e9sent en magasin ou chez vous.<\/span><span data-ccp-props=\"{}\">\u00a0<\/span><\/p>\r\n\n<p style=\"text-align: center;\"><a class=\"bouton bleu\" id=\"btn-rdv-magazine\" href=\"https:\/\/www.lapeyre.fr\/prise-de-rdv\">Prendre RDV<\/a><\/p>","protected":false},"excerpt":{"rendered":"<p>Envie de transformer votre garage en une pi\u00e8ce \u00e0 vivre confortable et esth\u00e9tiquement impeccable ?\u00a0Lapeyre vous guide&#8230;<\/p>\n","protected":false},"author":1016,"featured_media":4727,"comment_status":"open","ping_status":"open","sticky":false,"template":"","format":"standard","meta":{"_acf_changed":false,"footnotes":""},"categories":[955,957],"tags":[927,934,925,917,23],"class_list":{"2":"type-post","6":"hentry"},"acf":[],"_links":{"self":[{"href":"https:\/\/www.lapeyre.fr\/c\/magazine\/wp-json\/wp\/v2\/posts\/3143","targetHints":{"allow":["GET"]}}],"collection":[{"href":"https:\/\/www.lapeyre.fr\/c\/magazine\/wp-json\/wp\/v2\/posts"}],"about":[{"href":"https:\/\/www.lapeyre.fr\/c\/magazine\/wp-json\/wp\/v2\/types\/post"}],"author":[{"embeddable":true,"href":"https:\/\/www.lapeyre.fr\/c\/magazine\/wp-json\/wp\/v2\/users\/1016"}],"replies":[{"embeddable":true,"href":"https:\/\/www.lapeyre.fr\/c\/magazine\/wp-json\/wp\/v2\/comments?post=3143"}],"version-history":[{"count":0,"href":"https:\/\/www.lapeyre.fr\/c\/magazine\/wp-json\/wp\/v2\/posts\/3143\/revisions"}],"wp:featuredmedia":[{"embeddable":true,"href":"https:\/\/www.lapeyre.fr\/c\/magazine\/wp-json\/wp\/v2\/media\/4727"}],"wp:attachment":[{"href":"https:\/\/www.lapeyre.fr\/c\/magazine\/wp-json\/wp\/v2\/media?parent=3143"}],"wp:term":[{"taxonomy":"category","embeddable":true,"href":"https:\/\/www.lapeyre.fr\/c\/magazine\/wp-json\/wp\/v2\/categories?post=3143"},{"taxonomy":"post_tag","embeddable":true,"href":"https:\/\/www.lapeyre.fr\/c\/magazine\/wp-json\/wp\/v2\/tags?post=3143"}],"curies":[{"name":"wp","href":"https:\/\/api.w.org\/{rel}","templated":true}]}}