{"id":3242,"date":"2021-12-29T09:56:20","date_gmt":"2021-12-29T08:56:20","guid":{"rendered":"https:\/\/magazine.lapeyre.fr\/c\/magazine\/?p=3242"},"modified":"2025-02-03T10:23:54","modified_gmt":"2025-02-03T09:23:54","slug":"remplacer-baignoire-par-douche","status":"publish","type":"post","link":"https:\/\/www.lapeyre.fr\/c\/magazine\/remplacer-baignoire-par-douche\/","title":{"rendered":"Lorsque optimiser votre espace salle de bains rime avec malin"},"content":{"rendered":"\r\n<h2 class=\"wp-block-heading\">Optimiser l\u2019espace dans les salles de bains exig\u00fces\u00a0<\/h2>\r\n\r\n\r\n\r\n<p>Si vous ressentez un sentiment de d\u00e9ception, voire d\u2019envie de quitter au plus vite votre salle de bains, c\u2019est peut-\u00eatre qu\u2019il est temps d\u2019<strong>effectuer des am\u00e9nagements afin de la rendre plus accueillante. Vous pouvez \u00e9galement \u00e9prouver des difficult\u00e9s pour faire une toilette dans de bonnes conditions.<\/strong> Enjamber votre baignoire est devenu difficile car elle se trouve coinc\u00e9e dans un espace trop limit\u00e9. Tous ces handicaps encouragent \u00e0 vous tourner vers des <strong>solutions plus adapt\u00e9es<\/strong>.\u00a0C\u2019est l\u2019occasion d\u2019installer une <strong>salle de bains douche<\/strong> qui va vous apporter le bien-\u00eatre au quotidien.<\/p>\r\n\r\n\r\n\r\n<p>Que ce soit une <a href=\"https:\/\/www.lapeyre.fr\/cabines-completes-CCN0125\"><strong>douche cabine<\/strong><\/a>\u00a0 ou une douche classique, votre espace dispose d\u00e9j\u00e0 de l\u2019arriv\u00e9e d&rsquo;eau. Il vous suffit d\u2019installer alors votre receveur si vous faites le choix d\u2019un mod\u00e8le plus classique. De fa\u00e7on \u00e0 faciliter l\u2019acc\u00e8s \u00e0 cette nouvelle installation, vous pouvez au choix <strong>installer des poign\u00e9es ou encore des marches <\/strong>qui sont d\u2019une grande utilit\u00e9. Certaines cabines de douche sont \u00e9quip\u00e9es de<strong> si\u00e8ges int\u00e9gr\u00e9s rabattant<\/strong>. Ce sont \u00e9galement des mod\u00e8les de douche qui <strong>n\u00e9cessitent tr\u00e8s peu d\u2019entretien<\/strong>. Vous passez simplement un chiffon sur les <a href=\"https:\/\/www.lapeyre.fr\/portes-douche-parois-CCN688017\"><strong>parois<\/strong><\/a> et le tour est jou\u00e9 ! Cela peut \u00e9ventuellement apporter un <strong>suppl\u00e9ment de confort et optimiser votre espace <\/strong>salle de bains pour que vous preniez enfin un r\u00e9el plaisir \u00e0 faire votre toilette.<\/p>\r\n\r\n\r\n\r\n<h2 class=\"wp-block-heading\">Un choix esth\u00e9tique pour casser l\u2019effet bloc de la baignoire\u00a0<\/h2>\r\n\r\n\r\n\r\n<figure class=\"wp-block-image size-large is-style-default\"><img loading=\"lazy\" decoding=\"async\" width=\"960\" height=\"1024\" class=\"wp-image-3272\" src=\"https:\/\/magazine.lapeyre.fr\/wp-content\/uploads\/2021\/12\/economiser-espace-960x1024.jpg\" alt=\"\" srcset=\"https:\/\/www.lapeyre.fr\/wp-content\/uploads\/2021\/12\/economiser-espace-960x1024.jpg 960w, https:\/\/www.lapeyre.fr\/wp-content\/uploads\/2021\/12\/economiser-espace-281x300.jpg 281w, https:\/\/www.lapeyre.fr\/wp-content\/uploads\/2021\/12\/economiser-espace-768x819.jpg 768w, https:\/\/www.lapeyre.fr\/wp-content\/uploads\/2021\/12\/economiser-espace.jpg 1309w\" sizes=\"auto, (max-width: 960px) 100vw, 960px\" \/><\/figure>\r\n\r\n\r\n\r\n<p>Disposer d\u2019une salle de bain avec baignoire peut sembler le summum du confort. Malheureusement, avec le temps, vous constatez que cet am\u00e9nagement monopolise la plus grande place de cet espace d\u00e9j\u00e0 confin\u00e9. De plus, vous trouvez que le tablier de votre baignoire jure avec votre d\u00e9coration. <strong>Remplacer votre baignoire par une douche avec paroi ou par une douche \u00e0 l&rsquo;italienne para\u00eet une solution qui convient mieux \u00e0 vos besoins.<\/strong><\/p>\r\n\r\n\r\n\r\n<p>La <strong>paroi de douche en verre<\/strong> apporte une perspective tout \u00e0 fait int\u00e9ressante pour <strong>agrandir votre espace<\/strong>. Pour peu que vous choisissiez de petits carreaux clairs pour maximiser cet effet, vous avez de grandes chances pour d\u00e9cupler votre plaisir.\u00a0D\u2019autant que les options sont multiples et le r\u00e9sultat toujours tr\u00e8s abouti et en accord avec les standards <strong>esth\u00e9tiques<\/strong>.<\/p>\r\n\r\n\r\n\r\n<p>Vous pouvez ainsi installer un receveur extra \u2013plat et le rev\u00eatir avec des mat\u00e9riaux que vous privil\u00e9giez. Si vous craignez de faire une chute, vous avez la possibilit\u00e9 de choisir <strong>un <a href=\"https:\/\/www.lapeyre.fr\/produits\/revetement-sol-mur\/carrelage-interieur\">rev\u00eatement anti-d\u00e9rapant <\/a>qui va s\u00e9curiser cet espace<\/strong>.<\/p>\r\n\r\n\r\n\r\n<p>Pour ce qui est des parois, vous pouvez jouer sur des <strong>effets de transparence<\/strong> en faisant varier leurs tailles et leurs \u00e9paisseurs par exemple. Les avantages de cet \u00e9quipement sont nombreux. Vous \u00e9vitez la porte paroi de douche parfois encombrante pour disposer d\u2019un r\u00e9el espace de bien-\u00eatre o\u00f9 vous \u00e9voluez en toute libert\u00e9. Pour peu que vous installiez une <strong><a href=\"https:\/\/www.lapeyre.fr\/produits\/equipement-outil\/plomberie\">colonne de douche <\/a>avec des jets stimulants et des poign\u00e9es<\/strong>, vous profitez d\u2019un espace \u00e0 votre mesure et retrouvez des sensations de bien-\u00eatre tout \u00e0 fait n\u00e9cessaires au quotidien.<\/p>\r\n\r\n\r\n\r\n<h2 class=\"wp-block-heading\">Diminuer sa consommation d\u2019eau pour vivre \u00e0 l\u2019unisson<\/h2>\r\n\r\n\r\n\r\n<p>Remplacer votre baignoire par une salle de bains douche pr\u00e9sente en cons\u00e9quence de nombreux avantages et notamment <strong>esth\u00e9tiques<\/strong>. Mais vous pouvez \u00e9galement y trouver un<strong> avantage financier, voire \u00e9cologique<\/strong>.<\/p>\r\n\r\n\r\n\r\n<p>\u00c0 une \u00e9poque o\u00f9 la ressource devient plus rare et plus ch\u00e8re, r\u00e9duire sa consommation d\u2019eau devient un enjeu de premier plan. <strong>On sait qu\u2019une baignoire consomme de 120 \u00e0 160 litres et la douche environ un tiers<\/strong>. C\u2019est donc un argument suppl\u00e9mentaire pour faire un geste vraiment durable en rempla\u00e7ant votre baignoire par un \u00e9quipement beaucoup plus <strong>\u00e9conome<\/strong>. D\u2019autant plus que votre <strong>facture d\u2019eau sera all\u00e9g\u00e9e<\/strong>. Vous serez ainsi gagnant sur tous les tableaux et notamment pour ce qui est de la gestion de cette ressource.<\/p>\r\n\r\n\r\n\r\n<p>Vous pouvez \u00e9quiper votre douche avec paroi avec des <strong>\u00e9conomiseurs d\u2019eau<\/strong>. Il s\u2019agit simplement de <strong>limiter le d\u00e9bit d\u2019arriv\u00e9e d&rsquo;eau <\/strong>de votre douche pour <strong>\u00e9viter les exc\u00e8s<\/strong>. Des \u00e9tudes montrent que les Fran\u00e7ais passent <strong>environ 9 minutes sous la douche<\/strong>, ce qui est \u00e9galement trop long pour \u00e9conomiser vraiment l\u2019eau. Ainsi votre douche \u00e0 l&rsquo;italienne \u00e9quip\u00e9e d\u2019un receveur extra \u2013plat ou votre boc douche, peuvent devenir des lieux o\u00f9 l\u2019on pr\u00e9serve la plan\u00e8te en toute simplicit\u00e9.\u00a0<\/p>\r\n\n<p style=\"text-align: center;\"><a class=\"bouton bleu\" id=\"btn-rdv-magazine\" href=\"https:\/\/www.lapeyre.fr\/prise-de-rdv\">Prendre RDV<\/a><\/p>","protected":false},"excerpt":{"rendered":"<p>Optimiser l\u2019espace dans les salles de bains exig\u00fces\u00a0 Si vous ressentez un sentiment de d\u00e9ception, voire d\u2019envie&#8230;<\/p>\n","protected":false},"author":1016,"featured_media":3272,"comment_status":"open","ping_status":"open","sticky":false,"template":"","format":"standard","meta":{"_acf_changed":false,"footnotes":""},"categories":[973,971],"tags":[922,912,906,24,11],"class_list":{"2":"type-post","6":"hentry"},"acf":[],"_links":{"self":[{"href":"https:\/\/www.lapeyre.fr\/c\/magazine\/wp-json\/wp\/v2\/posts\/3242","targetHints":{"allow":["GET"]}}],"collection":[{"href":"https:\/\/www.lapeyre.fr\/c\/magazine\/wp-json\/wp\/v2\/posts"}],"about":[{"href":"https:\/\/www.lapeyre.fr\/c\/magazine\/wp-json\/wp\/v2\/types\/post"}],"author":[{"embeddable":true,"href":"https:\/\/www.lapeyre.fr\/c\/magazine\/wp-json\/wp\/v2\/users\/1016"}],"replies":[{"embeddable":true,"href":"https:\/\/www.lapeyre.fr\/c\/magazine\/wp-json\/wp\/v2\/comments?post=3242"}],"version-history":[{"count":0,"href":"https:\/\/www.lapeyre.fr\/c\/magazine\/wp-json\/wp\/v2\/posts\/3242\/revisions"}],"wp:featuredmedia":[{"embeddable":true,"href":"https:\/\/www.lapeyre.fr\/c\/magazine\/wp-json\/wp\/v2\/media\/3272"}],"wp:attachment":[{"href":"https:\/\/www.lapeyre.fr\/c\/magazine\/wp-json\/wp\/v2\/media?parent=3242"}],"wp:term":[{"taxonomy":"category","embeddable":true,"href":"https:\/\/www.lapeyre.fr\/c\/magazine\/wp-json\/wp\/v2\/categories?post=3242"},{"taxonomy":"post_tag","embeddable":true,"href":"https:\/\/www.lapeyre.fr\/c\/magazine\/wp-json\/wp\/v2\/tags?post=3242"}],"curies":[{"name":"wp","href":"https:\/\/api.w.org\/{rel}","templated":true}]}}