{"id":3527,"date":"2022-11-25T14:10:15","date_gmt":"2022-11-25T13:10:15","guid":{"rendered":"https:\/\/www.lapeyre.fr\/c\/magazine\/?p=3527"},"modified":"2025-02-03T13:49:08","modified_gmt":"2025-02-03T12:49:08","slug":"quelle-couleur-pour-une-entree-avec-escalier-en-bois","status":"publish","type":"post","link":"https:\/\/www.lapeyre.fr\/c\/magazine\/quelle-couleur-pour-une-entree-avec-escalier-en-bois\/","title":{"rendered":"Quelle couleur pour une entr\u00e9e avec escalier en bois ?\u00a0"},"content":{"rendered":"<p><span style=\"font-weight: 400;\">L\u2019entr\u00e9e avec escalier est une configuration courante dans les maisons \u00e0 plusieurs niveaux. Si l\u2019escalier ou la cage d\u2019escalier est un \u00e9l\u00e9ment fonctionnel <\/span><b>ouvrant sur le hall d\u2019entr\u00e9e<\/b><span style=\"font-weight: 400;\">, il reste n\u00e9anmoins judicieux de l\u2019int\u00e9grer \u00e0 votre d\u00e9coration en la valorisant. Cela passe par <\/span><b>le choix du coloris de votre escalier en bois, qu\u2019il soit en bois fonc\u00e9 ou clair<\/b><span style=\"font-weight: 400;\">.<\/span><\/p>\n<h2><span style=\"font-weight: 400;\">Les teintes \u00e0 privil\u00e9gier pour une entr\u00e9e avec escalier en bois fonc\u00e9<\/span><\/h2>\n<p><span style=\"font-weight: 400;\">Les nuances fonc\u00e9es habillent g\u00e9n\u00e9ralement des escaliers anciens m\u00eame si les r\u00e9alisations r\u00e9centes permettent \u00e9galement d\u2019opter pour des tons assez sombres. Si vous disposez d\u2019une cage d\u2019escalier, choisissez des couleurs assez claires pour illuminer et agrandir l\u2019espace. Le contraste avec la teinte de l\u2019escalier permettra de mettre ce dernier en valeur.\u00a0<\/span><\/p>\n<p><img loading=\"lazy\" decoding=\"async\" class=\"alignnone wp-image-3528 size-large\" src=\"https:\/\/magazine.lapeyre.fr\/wp-content\/uploads\/2022\/11\/202029346_2_HD-min-788x1024.jpg\" alt=\"escalier en bois int\u00e9rieur fonc\u00e9\" width=\"788\" height=\"1024\" srcset=\"https:\/\/www.lapeyre.fr\/wp-content\/uploads\/2022\/11\/202029346_2_HD-min-788x1024.jpg 788w, https:\/\/www.lapeyre.fr\/wp-content\/uploads\/2022\/11\/202029346_2_HD-min-231x300.jpg 231w, https:\/\/www.lapeyre.fr\/wp-content\/uploads\/2022\/11\/202029346_2_HD-min-768x998.jpg 768w, https:\/\/www.lapeyre.fr\/wp-content\/uploads\/2022\/11\/202029346_2_HD-min-1182x1536.jpg 1182w, https:\/\/www.lapeyre.fr\/wp-content\/uploads\/2022\/11\/202029346_2_HD-min-1576x2048.jpg 1576w, https:\/\/www.lapeyre.fr\/wp-content\/uploads\/2022\/11\/202029346_2_HD-min-scaled.jpg 1970w\" sizes=\"auto, (max-width: 788px) 100vw, 788px\" \/><\/p>\n<p><span style=\"font-weight: 400;\">Choisissez du blanc ou une couleur qui s\u2019en rapproche pour le plafond de la cage d\u2019escalier. Vous aurez l\u2019impression de gagner en hauteur. Pour les murs, les tons ivoire et beige se marient tr\u00e8s bien avec les escaliers en bois fonc\u00e9.\u00a0<\/span><\/p>\n<p><span style=\"font-weight: 400;\">Si l\u2019espace est assez vaste et\/ou si vous avez install\u00e9 un <\/span><a href=\"https:\/\/www.lapeyre.fr\/produits\/piece-vie-escalier\/escalier\/escalier-gain-place\"><span style=\"font-weight: 400;\">escalier gain de place<\/span><\/a><span style=\"font-weight: 400;\">, vous pouvez vous permettre d\u2019utiliser des tons plus chauds. Cependant, appliquez la nuance avec parcimonie (sur un seul pan de mur ou en motifs, par exemple) pour ne pas alourdir l\u2019ensemble.<\/span><\/p>\n<h2><span style=\"font-weight: 400;\">Les teintes \u00e0 privil\u00e9gier pour une entr\u00e9e avec un escalier en bois clair<\/span><\/h2>\n<p><span style=\"font-weight: 400;\">C\u2019est souvent dans les maisons r\u00e9centes que l\u2019on trouve une entr\u00e9e avec un escalier en bois clair. Ce dernier, g\u00e9n\u00e9ralement droit et \u00e0 quart tournant ou en colima\u00e7on, est \u00e9quip\u00e9 d\u2019une <\/span><a href=\"https:\/\/www.lapeyre.fr\/produits\/piece-vie-escalier\/escalier\/main-courante\"><span style=\"font-weight: 400;\">main courante<\/span><\/a><span style=\"font-weight: 400;\"> ou une rampe travaill\u00e9e dans un style qui s\u2019accorde avec l\u2019esth\u00e9tique des escaliers en bois. Pour les plus ambitieux, on peut aussi trouver des escaliers en bois travaill\u00e9s dans des formes r\u00e9solument originales. La mise en valeur repose donc sur l\u2019\u00e9quilibre visuel.<\/span><\/p>\n<p><span style=\"font-weight: 400;\">La premi\u00e8re option consiste \u00e0 jouer les contrastes avec un choix de contremarches dans des tons assez chauds ou profonds. All\u00e9gez ensuite en appliquant des tons clairs sur les murs.<\/span><\/p>\n<p><img loading=\"lazy\" decoding=\"async\" class=\"alignnone wp-image-3532 size-full\" src=\"https:\/\/magazine.lapeyre.fr\/wp-content\/uploads\/2022\/11\/getimage-6.jpg\" alt=\"escalier couleur bois clair et mur fonc\u00e9\" width=\"660\" height=\"990\" srcset=\"https:\/\/www.lapeyre.fr\/wp-content\/uploads\/2022\/11\/getimage-6.jpg 660w, https:\/\/www.lapeyre.fr\/wp-content\/uploads\/2022\/11\/getimage-6-200x300.jpg 200w\" sizes=\"auto, (max-width: 660px) 100vw, 660px\" \/><\/p>\n<p><span style=\"font-weight: 400;\">Dans le cas d\u2019un escalier aux ne pr\u00e9sentant pas de contremarches, misez tout sur le mur du fond. L\u2019id\u00e9e est d\u2019attirer l\u2019attention sur l\u2019escalier en attirant le regard sur le mur peint dans un coloris attrayant ou, \u00e0 d\u00e9faut, qui contraste l\u00e9g\u00e8rement avec les autres. Choisissez donc une nuance plus fonc\u00e9e pour laisser la place \u00e0 ce mat\u00e9riau noble plein de caract\u00e8re.\u00a0<\/span><\/p>\n<h2><span style=\"font-weight: 400;\">Les couleurs id\u00e9ales pour une entr\u00e9e ouvrant sur un hall<\/span><\/h2>\n<p><span style=\"font-weight: 400;\">Par d\u00e9finition, le hall offre plus d\u2019espace qu\u2019une entr\u00e9e classique. On y trouve la cage d\u2019escalier ainsi que diff\u00e9rentes portes qui donnent sur des pi\u00e8ces ferm\u00e9es comme des chambres, une cuisine, une salle de bains\u2026. Le fait que la porte d\u2019entr\u00e9e donne \u00e0 la fois sur un espace cloisonn\u00e9 peut provoquer une sensation d\u2019oppression, en particulier lorsque les superficies sont assez modestes. Il est donc important de cr\u00e9er une ambiance d\u00e8s l\u2019entr\u00e9e avec un escalier en bois de sorte \u00e0 ce qu\u2019elle soit plus accueillante et chaleureuse.<\/span><\/p>\n<p><img loading=\"lazy\" decoding=\"async\" class=\"alignnone wp-image-3530 size-large\" src=\"https:\/\/magazine.lapeyre.fr\/wp-content\/uploads\/2022\/11\/201926783_2_HD-min-724x1024.jpg\" alt=\"escalier en bois et entr\u00e9e claire\" width=\"724\" height=\"1024\" srcset=\"https:\/\/www.lapeyre.fr\/wp-content\/uploads\/2022\/11\/201926783_2_HD-min-724x1024.jpg 724w, https:\/\/www.lapeyre.fr\/wp-content\/uploads\/2022\/11\/201926783_2_HD-min-212x300.jpg 212w, https:\/\/www.lapeyre.fr\/wp-content\/uploads\/2022\/11\/201926783_2_HD-min-768x1086.jpg 768w, https:\/\/www.lapeyre.fr\/wp-content\/uploads\/2022\/11\/201926783_2_HD-min-1086x1536.jpg 1086w, https:\/\/www.lapeyre.fr\/wp-content\/uploads\/2022\/11\/201926783_2_HD-min-1448x2048.jpg 1448w, https:\/\/www.lapeyre.fr\/wp-content\/uploads\/2022\/11\/201926783_2_HD-min-scaled.jpg 1810w\" sizes=\"auto, (max-width: 724px) 100vw, 724px\" \/><\/p>\n<p><span style=\"font-weight: 400;\">Naturellement, les couleurs claires restent des valeurs s\u00fbres pour illuminer le hall. En alternative au traditionnel blanc, vous pouvez choisir des couleurs claires naturelles\u2026 tant que le rendu reste doux et l\u00e9ger, vous avez la certitude de faire le bon choix.<\/span><\/p>\n<p><span style=\"font-weight: 400;\">\u00a0Il faut donc ajouter des touches de couleur pour donner vie \u00e0 l\u2019ensemble. Ajoutez des \u00e9l\u00e9ments de d\u00e9coration pour dynamiser l\u2019entr\u00e9e et la cage d\u2019escalier : de cadres photos, des objets de d\u00e9coration imposant grands vases, des sculptures\u2026c\u2019est sur ces \u00e9l\u00e9ments qu\u2019il faudra jouer sur les contrastes color\u00e9s. Vous pouvez aussi peindre la porte d\u2019entr\u00e9e dans un ton chaud pour casser la neutralit\u00e9 des teintes basiques.<\/span><\/p>\n<p><span style=\"font-weight: 400;\">Astuce : Pensez \u00e0 utiliser un produit de r\u00e9novation pour vos marches d\u2019escalier afin que cette derni\u00e8re conserve ses atouts d\u00e9coratifs.<\/span><\/p>\n<p><span style=\"font-weight: 400;\">N\u2019h\u00e9sitez pas \u00e0 vous servir d\u2019un nuancier pour avoir un aper\u00e7u du r\u00e9sultat. Le plus important est de transformer donner du caract\u00e8re \u00e0 un simple escalier sans qu\u2019il ne donne l\u2019impression d\u2019encombrer l\u2019entr\u00e9e de votre maison. Bien entendu, il est essentiel que les couleurs choisies vous plaisent.<\/span><\/p>\n<p style=\"text-align: center;\"><a class=\"bouton bleu\" id=\"btn-rdv-magazine\" href=\"https:\/\/www.lapeyre.fr\/prise-de-rdv\">Prendre RDV<\/a><\/p>\n","protected":false},"excerpt":{"rendered":"<p>L\u2019entr\u00e9e avec escalier est une configuration courante dans les maisons \u00e0 plusieurs niveaux. Si l\u2019escalier ou la&#8230;<\/p>\n","protected":false},"author":1016,"featured_media":3532,"comment_status":"open","ping_status":"open","sticky":false,"template":"","format":"standard","meta":{"_acf_changed":false,"footnotes":""},"categories":[959,960],"tags":[14,926],"class_list":{"2":"type-post","6":"hentry"},"acf":[],"_links":{"self":[{"href":"https:\/\/www.lapeyre.fr\/c\/magazine\/wp-json\/wp\/v2\/posts\/3527","targetHints":{"allow":["GET"]}}],"collection":[{"href":"https:\/\/www.lapeyre.fr\/c\/magazine\/wp-json\/wp\/v2\/posts"}],"about":[{"href":"https:\/\/www.lapeyre.fr\/c\/magazine\/wp-json\/wp\/v2\/types\/post"}],"author":[{"embeddable":true,"href":"https:\/\/www.lapeyre.fr\/c\/magazine\/wp-json\/wp\/v2\/users\/1016"}],"replies":[{"embeddable":true,"href":"https:\/\/www.lapeyre.fr\/c\/magazine\/wp-json\/wp\/v2\/comments?post=3527"}],"version-history":[{"count":0,"href":"https:\/\/www.lapeyre.fr\/c\/magazine\/wp-json\/wp\/v2\/posts\/3527\/revisions"}],"wp:featuredmedia":[{"embeddable":true,"href":"https:\/\/www.lapeyre.fr\/c\/magazine\/wp-json\/wp\/v2\/media\/3532"}],"wp:attachment":[{"href":"https:\/\/www.lapeyre.fr\/c\/magazine\/wp-json\/wp\/v2\/media?parent=3527"}],"wp:term":[{"taxonomy":"category","embeddable":true,"href":"https:\/\/www.lapeyre.fr\/c\/magazine\/wp-json\/wp\/v2\/categories?post=3527"},{"taxonomy":"post_tag","embeddable":true,"href":"https:\/\/www.lapeyre.fr\/c\/magazine\/wp-json\/wp\/v2\/tags?post=3527"}],"curies":[{"name":"wp","href":"https:\/\/api.w.org\/{rel}","templated":true}]}}