{"id":3610,"date":"2023-01-09T17:13:40","date_gmt":"2023-01-09T16:13:40","guid":{"rendered":"https:\/\/www.lapeyre.fr\/c\/magazine\/?p=3610"},"modified":"2025-02-03T10:22:35","modified_gmt":"2025-02-03T09:22:35","slug":"comment-figer-etagere-mur-sans-equerre","status":"publish","type":"post","link":"https:\/\/www.lapeyre.fr\/c\/magazine\/comment-figer-etagere-mur-sans-equerre\/","title":{"rendered":"Comment fixer une \u00e9tag\u00e8re au mur sans \u00e9querre ?"},"content":{"rendered":"<p><span style=\"font-weight: 400;\">Vous voulez <\/span><b>fixer une \u00e9tag\u00e8re sans \u00e9querre<\/b><span style=\"font-weight: 400;\"> ou installer vos tablettes murales sans per\u00e7age ? Nous vous donnons ici 7 astuces pour vous aider dans votre bricolage. Vous pourrez ainsi profiter pleinement de votre nouvelle \u00e9tag\u00e8re murale !<\/span><\/p>\n<p><img loading=\"lazy\" decoding=\"async\" class=\"alignnone wp-image-3613 size-full\" src=\"https:\/\/magazine.lapeyre.fr\/wp-content\/uploads\/2023\/01\/Sans-titre-2.jpg\" alt=\"fixer une \u00e9tag\u00e8re sans \u00e9querre\" width=\"1500\" height=\"1200\" srcset=\"https:\/\/www.lapeyre.fr\/wp-content\/uploads\/2023\/01\/Sans-titre-2.jpg 1500w, https:\/\/www.lapeyre.fr\/wp-content\/uploads\/2023\/01\/Sans-titre-2-300x240.jpg 300w, https:\/\/www.lapeyre.fr\/wp-content\/uploads\/2023\/01\/Sans-titre-2-1024x819.jpg 1024w, https:\/\/www.lapeyre.fr\/wp-content\/uploads\/2023\/01\/Sans-titre-2-768x614.jpg 768w\" sizes=\"auto, (max-width: 1500px) 100vw, 1500px\" \/><\/p>\n<h2><b>Utilisez de la colle ultra-forte<\/b><\/h2>\n<p><span style=\"font-weight: 400;\">Pas besoin de perceuse pour installer une <\/span><b>\u00e9tag\u00e8re murale <\/b><span style=\"font-weight: 400;\">! Vous pouvez utiliser un mastic de fixation pour ne faire aucun trou dans votre mur. Certains produits pourront \u00eatre utilis\u00e9s \u00e0 l&rsquo;int\u00e9rieur tandis que d&rsquo;autres conviendront pour l&rsquo;ext\u00e9rieur.\u00a0<\/span><\/p>\n<p><span style=\"font-weight: 400;\">Vous trouverez dans le commerce certaines colles pouvant supporter jusqu&rsquo;\u00e0 100 kilos par centim\u00e8tre carr\u00e9. Il ne vous reste plus qu&rsquo;\u00e0 <\/span><b>choisir un <\/b><a href=\"https:\/\/www.lapeyre.fr\/produits\/equipement-outil\/motorisation-electricite\/spot-eclairage\"><b>spot ou un \u00e9clairage<\/b><\/a> <span style=\"font-weight: 400;\">pour mettre en valeur votre nouvelle tablette.<\/span><\/p>\n<h2><b>Cr\u00e9ez vous-m\u00eame vos tasseaux<\/b><\/h2>\n<p><b>Comment fixer une \u00e9tag\u00e8re entre deux murs ?<\/b><span style=\"font-weight: 400;\"> Si vous voulez placer des \u00e9tag\u00e8res dans le renfoncement d&rsquo;un mur pour cr\u00e9er un <\/span><a href=\"https:\/\/www.lapeyre.fr\/produits\/piece-vie-escalier\/dressing-meuble-rangement\"><b>meuble de rangement<\/b><\/a><span style=\"font-weight: 400;\">, vous pouvez remplacer les \u00e9querres par des tasseaux.\u00a0<\/span><\/p>\n<p><span style=\"font-weight: 400;\">Coupez-les \u00e0 la bonne longueur et placez-les contre le mur \u00e0 l&rsquo;aide de chevilles et de vis. Utilisez une r\u00e8gle, un crayon, un m\u00e8tre ruban et une perceuse-visseuse pour les installer sur le fond du mur et sur les c\u00f4t\u00e9s du renfoncement. Pour vous aider dans le per\u00e7age horizontal, vous aurez \u00e9galement besoin d&rsquo;un niveau \u00e0 bulle.<\/span><\/p>\n<h2><b>Choisissez des fixations invisibles<\/b><\/h2>\n<p><span style=\"font-weight: 400;\">Si votre <\/span><a href=\"https:\/\/www.lapeyre.fr\/produits\/piece-vie-escalier\/dressing-meuble-rangement\/etagere-tablette-rangement\"><b>\u00e9tag\u00e8re ou tablette de rangement<\/b><\/a><span style=\"font-weight: 400;\"> poss\u00e8de une \u00e9paisseur importante, il est possible de r\u00e9aliser une fixation qui ne se voit pas ! Pour ce faire, il suffit de visser au mur une fixation en m\u00e9tal pr\u00e9vue \u00e0 cet effet (fixation pour \u00e9tag\u00e8re flottante) et de faire des trous sur la tranche de votre planche pour que les <\/span><b>fixations invisibles<\/b><span style=\"font-weight: 400;\"> puissent y entrer sans difficult\u00e9. Dans un mur fait de plaques de pl\u00e2tre, utilisez des chevilles \u00e0 expansion \u00e0 installer avec ou sans pince \u00e0 cheville.<\/span><\/p>\n<p><img loading=\"lazy\" decoding=\"async\" class=\"alignnone wp-image-3615 size-full\" src=\"https:\/\/magazine.lapeyre.fr\/wp-content\/uploads\/2023\/01\/Sans-titre-6.jpg\" alt=\"fixation etagere invisible\" width=\"1500\" height=\"1200\" srcset=\"https:\/\/www.lapeyre.fr\/wp-content\/uploads\/2023\/01\/Sans-titre-6.jpg 1500w, https:\/\/www.lapeyre.fr\/wp-content\/uploads\/2023\/01\/Sans-titre-6-300x240.jpg 300w, https:\/\/www.lapeyre.fr\/wp-content\/uploads\/2023\/01\/Sans-titre-6-1024x819.jpg 1024w, https:\/\/www.lapeyre.fr\/wp-content\/uploads\/2023\/01\/Sans-titre-6-768x614.jpg 768w\" sizes=\"auto, (max-width: 1500px) 100vw, 1500px\" \/><\/p>\n<h2><b>Optez pour un syst\u00e8me de ventouses<\/b><\/h2>\n<p><span style=\"font-weight: 400;\">De nombreux locataires se posent la question, <\/span><b>comment fixer une \u00e9tag\u00e8re sans clou ni vis ?<\/b><span style=\"font-weight: 400;\"> Le syst\u00e8me des ventouses peut convenir pour une salle de bains. Pas besoin d&rsquo;\u00eatre bricoleur pour mettre en place une \u00e9tag\u00e8re avec ventouses.\u00a0<\/span><\/p>\n<p><span style=\"font-weight: 400;\">C&rsquo;est une bonne solution si vous n&rsquo;avez ni marteau ni tournevis \u00e0 la maison ! Ces \u00e9tag\u00e8res murales s&rsquo;installent sur les surfaces avec carrelage. Pour une meilleure adh\u00e9rence, nettoyez le mur \u00e0 l&rsquo;aide de vinaigre blanc.<\/span><\/p>\n<h2><img loading=\"lazy\" decoding=\"async\" class=\"alignnone wp-image-3614 size-full\" style=\"font-size: 16px;\" src=\"https:\/\/magazine.lapeyre.fr\/wp-content\/uploads\/2023\/01\/Sans-titre-5.jpg\" alt=\"fixation etagere invisible\" width=\"1500\" height=\"1200\" srcset=\"https:\/\/www.lapeyre.fr\/wp-content\/uploads\/2023\/01\/Sans-titre-5.jpg 1500w, https:\/\/www.lapeyre.fr\/wp-content\/uploads\/2023\/01\/Sans-titre-5-300x240.jpg 300w, https:\/\/www.lapeyre.fr\/wp-content\/uploads\/2023\/01\/Sans-titre-5-1024x819.jpg 1024w, https:\/\/www.lapeyre.fr\/wp-content\/uploads\/2023\/01\/Sans-titre-5-768x614.jpg 768w\" sizes=\"auto, (max-width: 1500px) 100vw, 1500px\" \/><\/h2>\n<h2><b>D\u00e9couvrez le velcro mural<\/b><\/h2>\n<p><span style=\"font-weight: 400;\">Si vous ne voulez pas mettre des \u00e9querres sur votre mur, vous pouvez tr\u00e8s bien utiliser un syst\u00e8me \u00e0 \u00ab scratch \u00bb. La bande velcro utilis\u00e9e pour les \u00e9tag\u00e8res murales est facile \u00e0 utiliser, mais ne soutient que quelques kilos au m\u00e8tre carr\u00e9.<\/span><\/p>\n<p><span style=\"font-weight: 400;\">Une petite \u00e9tag\u00e8re pourrait toutefois vous servir dans la <\/span><b>d\u00e9coration de votre pi\u00e8ce<\/b><span style=\"font-weight: 400;\">\u00a0 que ce soit dans votre entr\u00e9e ou votre chambre ! Vous pourrez y placer des petits bibelots ou autres objets d\u00e9coratifs.<\/span><\/p>\n<h2><b>Pr\u00e9f\u00e9rez les languettes adh\u00e9sives<\/b><\/h2>\n<p><span style=\"font-weight: 400;\">Vous pouvez utiliser de l&rsquo;adh\u00e9sif double-face pour <\/span><b>ne pas percer le mur<\/b><span style=\"font-weight: 400;\"> de votre location. Ce syst\u00e8me de fixation ressemble \u00e0 celui du velcro mural. De la m\u00eame mani\u00e8re, les languettes adh\u00e9sives vous seront utiles pour de petites \u00e9tag\u00e8res d\u00e9coratives, mais elles ne pourront pas supporter des charges lourdes telles que des vases ou des d\u00e9corations lourdes ! Avant de tracer une ligne parfaitement horizontale, pensez \u00e0 nettoyer votre mur au vinaigre blanc ou \u00e0 l&rsquo;ac\u00e9tone, puis collez l&rsquo;adh\u00e9sif.<\/span><\/p>\n<h2><b>Essayez les syst\u00e8mes d\u2019aimants<\/b><\/h2>\n<p><span style=\"font-weight: 400;\">Si vous ne voulez<\/span><b> pas utiliser de vis ni de colle<\/b><span style=\"font-weight: 400;\">, vous pouvez choisir une \u00e9tag\u00e8re avec syst\u00e8me d&rsquo;aimant. Ce dernier est compos\u00e9 de plusieurs \u00e9l\u00e9ments. Un premier aimant devra \u00eatre coll\u00e9 au mur tandis qu&rsquo;un second sera accroch\u00e9 \u00e0 la tablette. Cette solution bien que moins r\u00e9pandue est id\u00e9ale pour les petites charges. Il ne faudra donc pas mettre des choses lourdes sur votre \u00e9tag\u00e8re.<\/span><\/p>\n<p><span style=\"font-weight: 400;\">Bref, il existe plusieurs moyens de fixer une \u00e9tag\u00e8re au mur sans l\u2019aide d\u2019une \u00e9querre. \u00c0 vous de choisir la solution qui vous convient le mieux !<\/span><\/p>\n<p style=\"text-align: center;\"><a class=\"bouton bleu\" id=\"btn-rdv-magazine\" href=\"https:\/\/www.lapeyre.fr\/prise-de-rdv\">Prendre RDV<\/a><\/p>\n","protected":false},"excerpt":{"rendered":"<p>Vous voulez fixer une \u00e9tag\u00e8re sans \u00e9querre ou installer vos tablettes murales sans per\u00e7age ? Nous vous&#8230;<\/p>\n","protected":false},"author":1016,"featured_media":3613,"comment_status":"open","ping_status":"open","sticky":false,"template":"","format":"standard","meta":{"_acf_changed":false,"footnotes":""},"categories":[969,967],"tags":[926,935,944],"class_list":{"2":"type-post","6":"hentry"},"acf":[],"_links":{"self":[{"href":"https:\/\/www.lapeyre.fr\/c\/magazine\/wp-json\/wp\/v2\/posts\/3610","targetHints":{"allow":["GET"]}}],"collection":[{"href":"https:\/\/www.lapeyre.fr\/c\/magazine\/wp-json\/wp\/v2\/posts"}],"about":[{"href":"https:\/\/www.lapeyre.fr\/c\/magazine\/wp-json\/wp\/v2\/types\/post"}],"author":[{"embeddable":true,"href":"https:\/\/www.lapeyre.fr\/c\/magazine\/wp-json\/wp\/v2\/users\/1016"}],"replies":[{"embeddable":true,"href":"https:\/\/www.lapeyre.fr\/c\/magazine\/wp-json\/wp\/v2\/comments?post=3610"}],"version-history":[{"count":0,"href":"https:\/\/www.lapeyre.fr\/c\/magazine\/wp-json\/wp\/v2\/posts\/3610\/revisions"}],"wp:featuredmedia":[{"embeddable":true,"href":"https:\/\/www.lapeyre.fr\/c\/magazine\/wp-json\/wp\/v2\/media\/3613"}],"wp:attachment":[{"href":"https:\/\/www.lapeyre.fr\/c\/magazine\/wp-json\/wp\/v2\/media?parent=3610"}],"wp:term":[{"taxonomy":"category","embeddable":true,"href":"https:\/\/www.lapeyre.fr\/c\/magazine\/wp-json\/wp\/v2\/categories?post=3610"},{"taxonomy":"post_tag","embeddable":true,"href":"https:\/\/www.lapeyre.fr\/c\/magazine\/wp-json\/wp\/v2\/tags?post=3610"}],"curies":[{"name":"wp","href":"https:\/\/api.w.org\/{rel}","templated":true}]}}