{"id":3650,"date":"2025-01-26T11:59:22","date_gmt":"2025-01-26T10:59:22","guid":{"rendered":"https:\/\/www.lapeyre.fr\/c\/magazine\/?p=3650"},"modified":"2025-11-13T14:30:54","modified_gmt":"2025-11-13T13:30:54","slug":"comment-poser-du-parquet-stratifie","status":"publish","type":"post","link":"https:\/\/www.lapeyre.fr\/c\/magazine\/comment-poser-du-parquet-stratifie\/","title":{"rendered":"Comment poser du parquet stratifi\u00e9 ?"},"content":{"rendered":"<p><span class=\"TextRun SCXW93484515 BCX8\" lang=\"FR-FR\" xml:lang=\"FR-FR\" data-contrast=\"auto\"><span class=\"NormalTextRun SCXW93484515 BCX8\" data-ccp-parastyle=\"paragraph\" data-ccp-parastyle-defn=\"{&quot;ObjectId&quot;:&quot;aaed607e-c2a3-5841-9fb4-41037bfa0faf|1&quot;,&quot;ClassId&quot;:1073872969,&quot;Properties&quot;:[469777841,&quot;Times New Roman&quot;,469777842,&quot;Times New Roman&quot;,469777843,&quot;Times New Roman&quot;,469777844,&quot;Times New Roman&quot;,469769226,&quot;Times New Roman&quot;,268442635,&quot;24&quot;,469775450,&quot;paragraph&quot;,201340122,&quot;2&quot;,134233614,&quot;true&quot;,469778129,&quot;paragraph&quot;,335572020,&quot;1&quot;,335559705,&quot;1036&quot;,335551547,&quot;1036&quot;,335559740,&quot;240&quot;,201341983,&quot;0&quot;,134233118,&quot;true&quot;,134233117,&quot;true&quot;,469778324,&quot;Normal&quot;]}\">Le parquet stratifi\u00e9 \u00e9galement appel\u00e9 sol stratifi\u00e9, parquet flottant, plancher <\/span><span class=\"NormalTextRun ContextualSpellingAndGrammarErrorV2Themed SCXW93484515 BCX8\" data-ccp-parastyle=\"paragraph\">stratifi\u00e9<\/span><span class=\"NormalTextRun SCXW93484515 BCX8\" data-ccp-parastyle=\"paragraph\"> ou juste stratifi\u00e9 peut \u00eatre pos\u00e9 dans n\u2019importe quelle pi\u00e8ce d\u2019une habitation hormis la salle de bain et la cuisine.\u202f<\/span><span class=\"NormalTextRun SCXW93484515 BCX8\" data-ccp-parastyle=\"paragraph\">Lapeyre vous explique tout sur comment poser votre parquet stratifi\u00e9.<\/span><\/span><span class=\"EOP SCXW93484515 BCX8\" data-ccp-props=\"{&quot;134233117&quot;:true,&quot;134233118&quot;:true,&quot;201341983&quot;:0,&quot;335559740&quot;:240}\">\u00a0<\/span><\/p>\n<p><img loading=\"lazy\" decoding=\"async\" class=\"alignnone wp-image-4682 size-full\" src=\"https:\/\/www.lapeyre.fr\/wp-content\/uploads\/2025\/01\/Parquet-stratifie.jpg\" alt=\"Parquet stratifi\u00e9\" width=\"1892\" height=\"2000\" srcset=\"https:\/\/www.lapeyre.fr\/wp-content\/uploads\/2025\/01\/Parquet-stratifie.jpg 1892w, https:\/\/www.lapeyre.fr\/wp-content\/uploads\/2025\/01\/Parquet-stratifie-284x300.jpg 284w, https:\/\/www.lapeyre.fr\/wp-content\/uploads\/2025\/01\/Parquet-stratifie-969x1024.jpg 969w, https:\/\/www.lapeyre.fr\/wp-content\/uploads\/2025\/01\/Parquet-stratifie-768x812.jpg 768w, https:\/\/www.lapeyre.fr\/wp-content\/uploads\/2025\/01\/Parquet-stratifie-1453x1536.jpg 1453w\" sizes=\"auto, (max-width: 1892px) 100vw, 1892px\" \/><\/p>\n<h2><span class=\"TextRun SCXW239905119 BCX8\" lang=\"FR-FR\" xml:lang=\"FR-FR\" data-contrast=\"auto\"><span class=\"NormalTextRun SCXW239905119 BCX8\" data-ccp-parastyle=\"paragraph\" data-ccp-parastyle-defn=\"{&quot;ObjectId&quot;:&quot;aaed607e-c2a3-5841-9fb4-41037bfa0faf|1&quot;,&quot;ClassId&quot;:1073872969,&quot;Properties&quot;:[469777841,&quot;Times New Roman&quot;,469777842,&quot;Times New Roman&quot;,469777843,&quot;Times New Roman&quot;,469777844,&quot;Times New Roman&quot;,469769226,&quot;Times New Roman&quot;,268442635,&quot;24&quot;,469775450,&quot;paragraph&quot;,201340122,&quot;2&quot;,134233614,&quot;true&quot;,469778129,&quot;paragraph&quot;,335572020,&quot;1&quot;,335559705,&quot;1036&quot;,335551547,&quot;1036&quot;,335559740,&quot;240&quot;,201341983,&quot;0&quot;,134233118,&quot;true&quot;,134233117,&quot;true&quot;,469778324,&quot;Normal&quot;]}\">Les avantages<\/span><span class=\"NormalTextRun SCXW239905119 BCX8\" data-ccp-parastyle=\"paragraph\"> du parquet stratifi\u00e9\u202f<\/span><\/span><span class=\"EOP SCXW239905119 BCX8\" data-ccp-props=\"{&quot;134233117&quot;:true,&quot;134233118&quot;:true,&quot;201341983&quot;:0,&quot;335559740&quot;:240}\">\u00a0<\/span><\/h2>\n<p><span data-contrast=\"auto\">N\u2019\u00e9tant pas \u00e0 proprement parler du parquet, ce type de rev\u00eatement de sol n\u2019en est pas moins r\u00e9sistant et pr\u00e9sente en plus de nombreux avantages par rapport au bois massif traditionnel. On a ici des planches esth\u00e9tiquement similaires au bois pour vos sols, faites de fibres comprim\u00e9es de bois recycl\u00e9 enrob\u00e9es de r\u00e9sine,\u202f<\/span><b><span data-contrast=\"auto\">qui ne craignent ni t\u00e2ches, ni chocs, ni poin\u00e7onnements, ni rayures<\/span><\/b><span data-contrast=\"auto\">. Avec un co\u00fbt plus faible que le parquet traditionnel, il est\u202f<\/span><b><span data-contrast=\"auto\">particuli\u00e8rement int\u00e9ressant pour les petits budgets<\/span><\/b><span data-contrast=\"auto\">.\u00a0<\/span><span data-ccp-props=\"{&quot;134233117&quot;:true,&quot;134233118&quot;:true,&quot;201341983&quot;:0,&quot;335559740&quot;:240}\">\u00a0<\/span><\/p>\n<p><span data-contrast=\"auto\">Faisant partie de la cat\u00e9gorie des\u202f<\/span><b><span data-contrast=\"auto\">parquets clipsables<\/span><\/b><span data-contrast=\"auto\">, le stratifi\u00e9\u202f<\/span><b><span data-contrast=\"auto\">se fixe facilement en deux temps trois mouvements<\/span><\/b><span data-contrast=\"auto\">\u202fpar la technique de la pose flottante qui ne n\u00e9cessite ni colle ni clou. Sa pose est franchement \u00e0 la port\u00e9e de tout bricoleur du dimanche pour peu que celui-ci ait les outils ad\u00e9quats. Il demande un minimum d\u2019entretien et vous pouvez le choisir dans votre couleur pr\u00e9f\u00e9r\u00e9e gr\u00e2ce aux nombreuses teintes propos\u00e9es. Vous trouverez du sol stratifi\u00e9 en dalles ou en lames dans le commerce.\u202f<\/span><span data-ccp-props=\"{&quot;134233117&quot;:true,&quot;134233118&quot;:true,&quot;201341983&quot;:0,&quot;335559740&quot;:240}\">\u00a0<\/span><\/p>\n<h2><b>Pr\u00e9paration du sol\u00a0<\/b><\/h2>\n<p><span data-contrast=\"auto\">Une mise en condition du sol est indispensable avant la pose de votre<\/span><a href=\"https:\/\/www.lapeyre.fr\/produits\/revetement-sol-mur\/parquet-sol-dinterieur\/sol-stratifie-vinyle\"><span data-contrast=\"none\">\u202fsol stratifi\u00e9 et vinyle<\/span><\/a><span data-contrast=\"auto\">\u202fpour un r\u00e9sultat \u00e0 la hauteur de vos attentes.<\/span><span data-ccp-props=\"{&quot;134233117&quot;:true,&quot;134233118&quot;:true,&quot;201341983&quot;:0,&quot;335559740&quot;:240}\">\u00a0<\/span><\/p>\n<p><img loading=\"lazy\" decoding=\"async\" class=\"alignnone wp-image-3652 size-large\" src=\"https:\/\/magazine.lapeyre.fr\/wp-content\/uploads\/2023\/01\/202130666_4_HD-1024x723.jpg\" alt=\"pr\u00e9parer la pose d'un parquet stratifi\u00e9\" width=\"1024\" height=\"723\" srcset=\"https:\/\/www.lapeyre.fr\/wp-content\/uploads\/2023\/01\/202130666_4_HD-1024x723.jpg 1024w, https:\/\/www.lapeyre.fr\/wp-content\/uploads\/2023\/01\/202130666_4_HD-300x212.jpg 300w, https:\/\/www.lapeyre.fr\/wp-content\/uploads\/2023\/01\/202130666_4_HD-768x542.jpg 768w, https:\/\/www.lapeyre.fr\/wp-content\/uploads\/2023\/01\/202130666_4_HD-1536x1085.jpg 1536w, https:\/\/www.lapeyre.fr\/wp-content\/uploads\/2023\/01\/202130666_4_HD.jpg 1723w\" sizes=\"auto, (max-width: 1024px) 100vw, 1024px\" \/><\/p>\n<p><span data-contrast=\"auto\">Le minimum est de<\/span><b><span data-contrast=\"auto\">\u202fs\u2019assurer d\u2019avoir un sol sec, propre et plan<\/span><\/b><span data-contrast=\"auto\">. En cas d\u2019humidit\u00e9, la solution la plus efficace est d\u2019\u00e9taler un pare vapeur par-dessus. Rien de mieux que le pon\u00e7age et la remise \u00e0 niveau du sol, ainsi que le ragr\u00e9age pour faire dispara\u00eetre les petites irr\u00e9gularit\u00e9s du sol. La tol\u00e9rance est de 2mm pour les bosses et les creux. Assurez-vous de d\u00e9barrasser tout r\u00e9sidu de ciment ou de colle surtout si vous posez votre nouveau rev\u00eatement de sol directement sur carrelage ou du PVC. La pose d\u2019un plancher stratifi\u00e9 sur de la moquette est fortement contre-indiqu\u00e9e.<\/span><span data-ccp-props=\"{&quot;134233117&quot;:true,&quot;134233118&quot;:true,&quot;201341983&quot;:0,&quot;335559740&quot;:240}\">\u00a0<\/span><\/p>\n<p><b><span data-contrast=\"auto\">L\u2019application d\u2019un film pare vapeur est pr\u00e9conis\u00e9e si vous avez un sol en ciment, b\u00e9ton, chauffant<\/span><\/b><span data-contrast=\"auto\">\u202fdot\u00e9 de dispositifs r\u00e9versibles climatisation\/ chauffage, chauffant \u00e0 basse temp\u00e9rature ou encore situ\u00e9 au rez-de-chauss\u00e9e sans vide sanitaire. Pour une bonne isolation phonique, pensez \u00e0 utiliser de la sous-couche acoustique, \u00e0 laquelle on conf\u00e8re 3 qualit\u00e9s : emp\u00eacher les d\u00e9formations des lames, \u00e9liminer les imperfections du sol et absorber les bruits des pas. Certaines sous-couches font, en plus, office de barri\u00e8re thermique.\u202f<\/span><span data-ccp-props=\"{&quot;134233117&quot;:true,&quot;134233118&quot;:true,&quot;201341983&quot;:0,&quot;335559740&quot;:240}\">\u00a0<\/span><\/p>\n<h2><span class=\"TextRun SCXW148561166 BCX8\" lang=\"FR-FR\" xml:lang=\"FR-FR\" data-contrast=\"auto\"><span class=\"NormalTextRun SCXW148561166 BCX8\" data-ccp-parastyle=\"paragraph\">Les outils et mat\u00e9riels n\u00e9cessaires \u00e0 la pose d\u2019un parquet stratifi\u00e9\u202f<\/span><\/span><span class=\"EOP SCXW148561166 BCX8\" data-ccp-props=\"{&quot;134233117&quot;:true,&quot;134233118&quot;:true,&quot;201341983&quot;:0,&quot;335559740&quot;:240}\">\u00a0<\/span><\/h2>\n<p><span data-contrast=\"auto\">Bien que les lames du parquet stratifi\u00e9 soient clipsables et pourvues de rainures, il faut certains outils pour sa pose, notamment pour le d\u00e9coupage et le mesurage. N\u2019h\u00e9sitez pas non plus \u00e0 demander conseil aupr\u00e8s de votre magasin de bricolage pour le produit de pose pour parquet, sol stratifi\u00e9 et vinyle qui correspond \u00e0 vos besoins. Vous pouvez \u00e9galement prendre rendez-vous avec un expert Lapeyre qui saura vous conseiller.\u00a0<\/span><span data-ccp-props=\"{&quot;134233117&quot;:true,&quot;134233118&quot;:true,&quot;201341983&quot;:0,&quot;335559740&quot;:240}\">\u00a0<\/span><\/p>\n<p><span data-contrast=\"auto\">Vous aurez besoin, en plus des lames stratifi\u00e9es, de :<\/span><span data-ccp-props=\"{&quot;134233117&quot;:true,&quot;134233118&quot;:true,&quot;201341983&quot;:0,&quot;335559740&quot;:240}\">\u00a0<\/span><\/p>\n<ul>\n<li aria-setsize=\"-1\" data-leveltext=\"\uf0b7\" data-font=\"Symbol\" data-listid=\"88\" data-list-defn-props=\"{&quot;335552541&quot;:1,&quot;335559685&quot;:720,&quot;335559991&quot;:360,&quot;469769226&quot;:&quot;Symbol&quot;,&quot;469769242&quot;:[8226],&quot;469777803&quot;:&quot;left&quot;,&quot;469777804&quot;:&quot;\uf0b7&quot;,&quot;469777815&quot;:&quot;multilevel&quot;}\" data-aria-posinset=\"1\" data-aria-level=\"1\"><span data-contrast=\"auto\">scie sauteuse<\/span><span data-ccp-props=\"{&quot;134233117&quot;:true,&quot;134233118&quot;:true,&quot;201341983&quot;:0,&quot;335559740&quot;:240}\">\u00a0<\/span><\/li>\n<li aria-setsize=\"-1\" data-leveltext=\"\uf0b7\" data-font=\"Symbol\" data-listid=\"88\" data-list-defn-props=\"{&quot;335552541&quot;:1,&quot;335559685&quot;:720,&quot;335559991&quot;:360,&quot;469769226&quot;:&quot;Symbol&quot;,&quot;469769242&quot;:[8226],&quot;469777803&quot;:&quot;left&quot;,&quot;469777804&quot;:&quot;\uf0b7&quot;,&quot;469777815&quot;:&quot;multilevel&quot;}\" data-aria-posinset=\"1\" data-aria-level=\"1\"><span data-contrast=\"auto\">m\u00e8tre<\/span><span data-ccp-props=\"{&quot;134233117&quot;:true,&quot;134233118&quot;:true,&quot;201341983&quot;:0,&quot;335559740&quot;:240}\">\u00a0<\/span><\/li>\n<li aria-setsize=\"-1\" data-leveltext=\"\uf0b7\" data-font=\"Symbol\" data-listid=\"88\" data-list-defn-props=\"{&quot;335552541&quot;:1,&quot;335559685&quot;:720,&quot;335559991&quot;:360,&quot;469769226&quot;:&quot;Symbol&quot;,&quot;469769242&quot;:[8226],&quot;469777803&quot;:&quot;left&quot;,&quot;469777804&quot;:&quot;\uf0b7&quot;,&quot;469777815&quot;:&quot;multilevel&quot;}\" data-aria-posinset=\"1\" data-aria-level=\"1\"><span data-contrast=\"auto\">cutter<\/span><span data-ccp-props=\"{&quot;134233117&quot;:true,&quot;134233118&quot;:true,&quot;201341983&quot;:0,&quot;335559740&quot;:240}\">\u00a0<\/span><\/li>\n<li aria-setsize=\"-1\" data-leveltext=\"\uf0b7\" data-font=\"Symbol\" data-listid=\"88\" data-list-defn-props=\"{&quot;335552541&quot;:1,&quot;335559685&quot;:720,&quot;335559991&quot;:360,&quot;469769226&quot;:&quot;Symbol&quot;,&quot;469769242&quot;:[8226],&quot;469777803&quot;:&quot;left&quot;,&quot;469777804&quot;:&quot;\uf0b7&quot;,&quot;469777815&quot;:&quot;multilevel&quot;}\" data-aria-posinset=\"1\" data-aria-level=\"1\"><span data-contrast=\"auto\">r\u00e8gle de ma\u00e7on<\/span><span data-ccp-props=\"{&quot;134233117&quot;:true,&quot;134233118&quot;:true,&quot;201341983&quot;:0,&quot;335559740&quot;:240}\">\u00a0<\/span><\/li>\n<li aria-setsize=\"-1\" data-leveltext=\"\uf0b7\" data-font=\"Symbol\" data-listid=\"88\" data-list-defn-props=\"{&quot;335552541&quot;:1,&quot;335559685&quot;:720,&quot;335559991&quot;:360,&quot;469769226&quot;:&quot;Symbol&quot;,&quot;469769242&quot;:[8226],&quot;469777803&quot;:&quot;left&quot;,&quot;469777804&quot;:&quot;\uf0b7&quot;,&quot;469777815&quot;:&quot;multilevel&quot;}\" data-aria-posinset=\"1\" data-aria-level=\"1\"><a href=\"https:\/\/www.lapeyre.fr\/produits\/revetement-sol-mur\/parquet-sol-dinterieur\/plinthe-pour-parquet-sol-stratifie-vinyle\"><span data-contrast=\"none\">plinthe pour parquet, sol stratifi\u00e9 et vinyle<\/span><\/a><\/li>\n<li aria-setsize=\"-1\" data-leveltext=\"\uf0b7\" data-font=\"Symbol\" data-listid=\"88\" data-list-defn-props=\"{&quot;335552541&quot;:1,&quot;335559685&quot;:720,&quot;335559991&quot;:360,&quot;469769226&quot;:&quot;Symbol&quot;,&quot;469769242&quot;:[8226],&quot;469777803&quot;:&quot;left&quot;,&quot;469777804&quot;:&quot;\uf0b7&quot;,&quot;469777815&quot;:&quot;multilevel&quot;}\" data-aria-posinset=\"1\" data-aria-level=\"1\"><span data-contrast=\"auto\">maillet en caoutchouc<\/span><span data-ccp-props=\"{&quot;134233117&quot;:true,&quot;134233118&quot;:true,&quot;201341983&quot;:0,&quot;335559740&quot;:240}\">\u00a0<\/span><\/li>\n<li aria-setsize=\"-1\" data-leveltext=\"\uf0b7\" data-font=\"Symbol\" data-listid=\"88\" data-list-defn-props=\"{&quot;335552541&quot;:1,&quot;335559685&quot;:720,&quot;335559991&quot;:360,&quot;469769226&quot;:&quot;Symbol&quot;,&quot;469769242&quot;:[8226],&quot;469777803&quot;:&quot;left&quot;,&quot;469777804&quot;:&quot;\uf0b7&quot;,&quot;469777815&quot;:&quot;multilevel&quot;}\" data-aria-posinset=\"1\" data-aria-level=\"1\"><span data-contrast=\"auto\">scie \u00e9go\u00efne<\/span><span data-ccp-props=\"{&quot;134233117&quot;:true,&quot;134233118&quot;:true,&quot;201341983&quot;:0,&quot;335559740&quot;:240}\">\u00a0<\/span><\/li>\n<li aria-setsize=\"-1\" data-leveltext=\"\uf0b7\" data-font=\"Symbol\" data-listid=\"88\" data-list-defn-props=\"{&quot;335552541&quot;:1,&quot;335559685&quot;:720,&quot;335559991&quot;:360,&quot;469769226&quot;:&quot;Symbol&quot;,&quot;469769242&quot;:[8226],&quot;469777803&quot;:&quot;left&quot;,&quot;469777804&quot;:&quot;\uf0b7&quot;,&quot;469777815&quot;:&quot;multilevel&quot;}\" data-aria-posinset=\"1\" data-aria-level=\"1\"><span data-contrast=\"auto\">\u00e9querre<\/span><\/li>\n<li aria-setsize=\"-1\" data-leveltext=\"\uf0b7\" data-font=\"Symbol\" data-listid=\"88\" data-list-defn-props=\"{&quot;335552541&quot;:1,&quot;335559685&quot;:720,&quot;335559991&quot;:360,&quot;469769226&quot;:&quot;Symbol&quot;,&quot;469769242&quot;:[8226],&quot;469777803&quot;:&quot;left&quot;,&quot;469777804&quot;:&quot;\uf0b7&quot;,&quot;469777815&quot;:&quot;multilevel&quot;}\" data-aria-posinset=\"1\" data-aria-level=\"1\"><a href=\"https:\/\/www.lapeyre.fr\/produits\/equipement-outil\/produit-pose-dentretien\/produit-pose-pour-parquet-sol-stratifie-vinyle\"><span data-contrast=\"none\">produit de pose pour parquet, sol stratifi\u00e9 et vinyle<\/span><\/a><span data-ccp-props=\"{&quot;134233117&quot;:true,&quot;134233118&quot;:true,&quot;201341983&quot;:0,&quot;335559740&quot;:240}\">\u00a0<\/span><\/li>\n<\/ul>\n<h2><span class=\"TextRun SCXW12113462 BCX8\" lang=\"FR-FR\" xml:lang=\"FR-FR\" data-contrast=\"auto\"><span class=\"NormalTextRun SCXW12113462 BCX8\" data-ccp-parastyle=\"paragraph\">Suivez des \u00e9tapes dans l\u2019ordre<\/span><\/span><span class=\"EOP SCXW12113462 BCX8\" data-ccp-props=\"{&quot;134233117&quot;:true,&quot;134233118&quot;:true,&quot;201341983&quot;:0,&quot;335559740&quot;:240}\">\u00a0<\/span><\/h2>\n<p><span data-contrast=\"auto\">Une fois le sol convenablement\u202f<\/span><b><span data-contrast=\"auto\">pr\u00e9par\u00e9 et nettoy\u00e9<\/span><\/b><span data-contrast=\"auto\">, avec les outils et mat\u00e9riels pr\u00eats, on passe aux choses s\u00e9rieuses. En g\u00e9n\u00e9ral, le travail consiste \u00e0 poser les lames, \u00e0 faire les d\u00e9coupes n\u00e9cessaires et \u00e0 r\u00e9aliser les finitions. Commencez par\u202f<\/span><b><span data-contrast=\"auto\">choisir un sens de pose par rapport \u00e0 la pi\u00e8ce et \u00e0 l\u2019esth\u00e9tique escompt\u00e9e<\/span><\/b><span data-contrast=\"auto\">. Pour ce faire, vous pouvez tenir compte du mobilier que vous allez y disposer. La pose en parall\u00e8le fait para\u00eetre la pi\u00e8ce plus large. Il va falloir ensuite :<\/span><span data-ccp-props=\"{&quot;134233117&quot;:true,&quot;134233118&quot;:true,&quot;201341983&quot;:0,&quot;335559740&quot;:240}\">\u00a0<\/span><\/p>\n<ul>\n<li aria-setsize=\"-1\" data-leveltext=\"\uf0b7\" data-font=\"Symbol\" data-listid=\"89\" data-list-defn-props=\"{&quot;335552541&quot;:1,&quot;335559685&quot;:720,&quot;335559991&quot;:360,&quot;469769226&quot;:&quot;Symbol&quot;,&quot;469769242&quot;:[8226],&quot;469777803&quot;:&quot;left&quot;,&quot;469777804&quot;:&quot;\uf0b7&quot;,&quot;469777815&quot;:&quot;multilevel&quot;}\" data-aria-posinset=\"1\" data-aria-level=\"1\"><b><span data-contrast=\"auto\">Etape 1<\/span><\/b><span data-contrast=\"auto\"> : Placer une cale de dilatation contre le mur.<\/span><span data-ccp-props=\"{&quot;134233117&quot;:true,&quot;134233118&quot;:true,&quot;201341983&quot;:0,&quot;335559740&quot;:240}\">\u00a0<\/span><\/li>\n<\/ul>\n<ul>\n<li aria-setsize=\"-1\" data-leveltext=\"\uf0b7\" data-font=\"Symbol\" data-listid=\"89\" data-list-defn-props=\"{&quot;335552541&quot;:1,&quot;335559685&quot;:720,&quot;335559991&quot;:360,&quot;469769226&quot;:&quot;Symbol&quot;,&quot;469769242&quot;:[8226],&quot;469777803&quot;:&quot;left&quot;,&quot;469777804&quot;:&quot;\uf0b7&quot;,&quot;469777815&quot;:&quot;multilevel&quot;}\" data-aria-posinset=\"2\" data-aria-level=\"1\"><b><span data-contrast=\"auto\">Etape 2<\/span><\/b><span data-contrast=\"auto\"> : Poser la premi\u00e8re lame dans un angle en faisant attention \u00e0 ce que la languette de dilatation soit contre le mur.<\/span><span data-ccp-props=\"{&quot;134233117&quot;:true,&quot;134233118&quot;:true,&quot;201341983&quot;:0,&quot;335559740&quot;:240}\">\u00a0<\/span><\/li>\n<\/ul>\n<ul>\n<li aria-setsize=\"-1\" data-leveltext=\"\uf0b7\" data-font=\"Symbol\" data-listid=\"89\" data-list-defn-props=\"{&quot;335552541&quot;:1,&quot;335559685&quot;:720,&quot;335559991&quot;:360,&quot;469769226&quot;:&quot;Symbol&quot;,&quot;469769242&quot;:[8226],&quot;469777803&quot;:&quot;left&quot;,&quot;469777804&quot;:&quot;\uf0b7&quot;,&quot;469777815&quot;:&quot;multilevel&quot;}\" data-aria-posinset=\"3\" data-aria-level=\"1\"><b><span data-contrast=\"auto\">Etape 3<\/span><\/b><span data-contrast=\"auto\"> : Embo\u00eeter la deuxi\u00e8me lame \u00e0 la premi\u00e8re en clipsant avec un angle de afin de faciliter l\u2019embo\u00eetement via la rainure et ainsi de suite jusqu\u2019\u00e0 ce que la rang\u00e9e soit constitu\u00e9e. Apr\u00e8s la d\u00e9coupe de la derni\u00e8re lame, veillez \u00e0 laisser une marge pour la dilatation dans l\u2019angle du mur.<\/span><span data-ccp-props=\"{&quot;134233117&quot;:true,&quot;134233118&quot;:true,&quot;201341983&quot;:0,&quot;335559740&quot;:240}\">\u00a0<\/span><\/li>\n<\/ul>\n<ul>\n<li aria-setsize=\"-1\" data-leveltext=\"\uf0b7\" data-font=\"Symbol\" data-listid=\"89\" data-list-defn-props=\"{&quot;335552541&quot;:1,&quot;335559685&quot;:720,&quot;335559991&quot;:360,&quot;469769226&quot;:&quot;Symbol&quot;,&quot;469769242&quot;:[8226],&quot;469777803&quot;:&quot;left&quot;,&quot;469777804&quot;:&quot;\uf0b7&quot;,&quot;469777815&quot;:&quot;multilevel&quot;}\" data-aria-posinset=\"4\" data-aria-level=\"1\"><b><span data-contrast=\"auto\">Etape 4<\/span><\/b><span data-contrast=\"auto\"> : Refaire toutes les \u00e9tapes pour la prochaine rang\u00e9e, vous pouvez utiliser la chute de la lame pr\u00e9c\u00e9dente pour commencer.<\/span><span data-ccp-props=\"{&quot;134233117&quot;:true,&quot;134233118&quot;:true,&quot;201341983&quot;:0,&quot;335559740&quot;:240}\">\u00a0<\/span><\/li>\n<\/ul>\n<ul>\n<li aria-setsize=\"-1\" data-leveltext=\"\uf0b7\" data-font=\"Symbol\" data-listid=\"89\" data-list-defn-props=\"{&quot;335552541&quot;:1,&quot;335559685&quot;:720,&quot;335559991&quot;:360,&quot;469769226&quot;:&quot;Symbol&quot;,&quot;469769242&quot;:[8226],&quot;469777803&quot;:&quot;left&quot;,&quot;469777804&quot;:&quot;\uf0b7&quot;,&quot;469777815&quot;:&quot;multilevel&quot;}\" data-aria-posinset=\"5\" data-aria-level=\"1\"><b><span data-contrast=\"auto\">Etape 5<\/span><\/b><span data-contrast=\"auto\"> : Pour la derni\u00e8re rang\u00e9e, il faut pr\u00e9voir des d\u00e9coupes sur la longueur des lames afin de les adapter \u00e0 la surface restante. Lors de la d\u00e9coupe, il faut consid\u00e9rer l\u2019espace pr\u00e9vu pour la cale de dilatation. Il n\u2019est pas n\u00e9cessaire de souligner que la pr\u00e9cision est de mise.<\/span><span data-ccp-props=\"{&quot;134233117&quot;:true,&quot;134233118&quot;:true,&quot;201341983&quot;:0,&quot;335559740&quot;:240}\">\u00a0<\/span><\/li>\n<\/ul>\n<ul>\n<li aria-setsize=\"-1\" data-leveltext=\"\uf0b7\" data-font=\"Symbol\" data-listid=\"89\" data-list-defn-props=\"{&quot;335552541&quot;:1,&quot;335559685&quot;:720,&quot;335559991&quot;:360,&quot;469769226&quot;:&quot;Symbol&quot;,&quot;469769242&quot;:[8226],&quot;469777803&quot;:&quot;left&quot;,&quot;469777804&quot;:&quot;\uf0b7&quot;,&quot;469777815&quot;:&quot;multilevel&quot;}\" data-aria-posinset=\"6\" data-aria-level=\"1\"><b><span data-contrast=\"auto\">Etape 6<\/span><\/b><span data-contrast=\"auto\"> : Une fois toutes les lames pos\u00e9es, comptez une pause de 2h environ le temps qu\u2019elles se positionnent parfaitement puis enlever les cales de dilatation. Rendez ensuite la sous-couche propre en retirant les \u00e9ventuels r\u00e9sidus. Quant aux imperfections sur les extr\u00e9mit\u00e9s des stratifi\u00e9s, elles seront camoufl\u00e9es par les plinthes.<\/span><span data-ccp-props=\"{&quot;134233117&quot;:true,&quot;134233118&quot;:true,&quot;201341983&quot;:0,&quot;335559740&quot;:240}\">\u00a0<\/span><\/li>\n<\/ul>\n<ul>\n<li aria-setsize=\"-1\" data-leveltext=\"\uf0b7\" data-font=\"Symbol\" data-listid=\"89\" data-list-defn-props=\"{&quot;335552541&quot;:1,&quot;335559685&quot;:720,&quot;335559991&quot;:360,&quot;469769226&quot;:&quot;Symbol&quot;,&quot;469769242&quot;:[8226],&quot;469777803&quot;:&quot;left&quot;,&quot;469777804&quot;:&quot;\uf0b7&quot;,&quot;469777815&quot;:&quot;multilevel&quot;}\" data-aria-posinset=\"7\" data-aria-level=\"1\"><span data-contrast=\"auto\">\u00a0<\/span><b><span data-contrast=\"auto\">Etape 7<\/span><\/b><span data-contrast=\"auto\"> : Avant de poser les plinthes, il convient de bien \u00e9galiser le pare-vapeur et de visser au mur les crochets, l\u2019emboitement se fera sans difficult\u00e9. Certains mod\u00e8les se fixent \u00e0 l\u2019aide de colle \u00e0 bois.<\/span><span data-ccp-props=\"{&quot;134233117&quot;:true,&quot;134233118&quot;:true,&quot;201341983&quot;:0,&quot;335559740&quot;:240}\">\u00a0<\/span><\/li>\n<\/ul>\n<ul>\n<li aria-setsize=\"-1\" data-leveltext=\"\uf0b7\" data-font=\"Symbol\" data-listid=\"89\" data-list-defn-props=\"{&quot;335552541&quot;:1,&quot;335559685&quot;:720,&quot;335559991&quot;:360,&quot;469769226&quot;:&quot;Symbol&quot;,&quot;469769242&quot;:[8226],&quot;469777803&quot;:&quot;left&quot;,&quot;469777804&quot;:&quot;\uf0b7&quot;,&quot;469777815&quot;:&quot;multilevel&quot;}\" data-aria-posinset=\"8\" data-aria-level=\"1\"><b><span data-contrast=\"auto\">Etape 8<\/span><\/b><span data-contrast=\"auto\"> : Pour la finition, posez l\u2019entre-porte ou la barre de seuil qui se fixe au sol. Cette finition optimise \u00e9galement l\u2019isolation phonique et thermique.<\/span><span data-ccp-props=\"{&quot;134233117&quot;:true,&quot;134233118&quot;:true,&quot;201341983&quot;:0,&quot;335559740&quot;:240}\">\u00a0<\/span><\/li>\n<\/ul>\n<p><img loading=\"lazy\" decoding=\"async\" class=\"alignnone wp-image-3653 size-large\" src=\"https:\/\/magazine.lapeyre.fr\/wp-content\/uploads\/2023\/01\/202029041_3_HD-1024x743.jpg\" alt=\"comment poser un parquet stratifi\u00e9\" width=\"1024\" height=\"743\" srcset=\"https:\/\/www.lapeyre.fr\/wp-content\/uploads\/2023\/01\/202029041_3_HD-1024x743.jpg 1024w, https:\/\/www.lapeyre.fr\/wp-content\/uploads\/2023\/01\/202029041_3_HD-300x218.jpg 300w, https:\/\/www.lapeyre.fr\/wp-content\/uploads\/2023\/01\/202029041_3_HD-768x558.jpg 768w, https:\/\/www.lapeyre.fr\/wp-content\/uploads\/2023\/01\/202029041_3_HD-1536x1115.jpg 1536w, https:\/\/www.lapeyre.fr\/wp-content\/uploads\/2023\/01\/202029041_3_HD-2048x1487.jpg 2048w\" sizes=\"auto, (max-width: 1024px) 100vw, 1024px\" \/><\/p>\n<h2><b>Comment proc\u00e9der avec les obstacles ?<\/b><\/h2>\n<p><span data-contrast=\"auto\">Les obstacles ne doivent pas vous freiner dans la pose de votre sol stratifi\u00e9 car, oui, il y a des solutions. Pour ce faire, il vous faut un\u202f<\/span><b><span data-contrast=\"auto\">copieur de profil pour avoir la forme de la d\u00e9coupe \u00e0 r\u00e9aliser<\/span><\/b><span data-contrast=\"auto\">. Une fois que vous avez l\u2019empreinte, reportez-la sur la lame puis d\u00e9coupez avec pr\u00e9cision.\u202f<\/span><b><span data-contrast=\"auto\">N\u2019oubliez pas de prendre en compte la dilatation<\/span><\/b><span data-contrast=\"auto\">\u202fquand vous mesurez. En cas de pr\u00e9sence d\u2019un tuyau, clipsez deux lames ensemble puis r\u00e9alisez un trou au diam\u00e8tre du tuyau au niveau de l\u2019embo\u00eetement puis disposez les lames comme d\u2019habitude.<\/span><span data-ccp-props=\"{&quot;134233117&quot;:true,&quot;134233118&quot;:true,&quot;201341983&quot;:0,&quot;335559740&quot;:240}\">\u00a0<\/span><\/p>\n<p><span data-contrast=\"auto\">Pas de panique pour les obstacles dans les coins, il suffit de r\u00e9aliser des d\u00e9coupes d\u2019angles \u00e0 l\u2019aide d\u2019une scie \u00e9go\u00efne ou d\u2019une scie sauteuse apr\u00e8s avoir mesurer les angles en question puis de reporter les dimensions sur le stratifi\u00e9.\u202f<\/span><span data-ccp-props=\"{&quot;134233117&quot;:true,&quot;134233118&quot;:true,&quot;201341983&quot;:0,&quot;335559740&quot;:240}\">\u00a0<\/span><\/p>\n<h2><span class=\"TextRun SCXW149020069 BCX8\" lang=\"FR\" xml:lang=\"FR\" data-contrast=\"auto\"><span class=\"NormalTextRun SCXW149020069 BCX8\" data-ccp-parastyle=\"paragraph\" data-ccp-parastyle-defn=\"{&quot;ObjectId&quot;:&quot;aaed607e-c2a3-5841-9fb4-41037bfa0faf|1&quot;,&quot;ClassId&quot;:1073872969,&quot;Properties&quot;:[469777841,&quot;Times New Roman&quot;,469777842,&quot;Times New Roman&quot;,469777843,&quot;Times New Roman&quot;,469777844,&quot;Times New Roman&quot;,469769226,&quot;Times New Roman&quot;,268442635,&quot;24&quot;,469775450,&quot;paragraph&quot;,201340122,&quot;2&quot;,134233614,&quot;true&quot;,469778129,&quot;paragraph&quot;,335572020,&quot;1&quot;,335559705,&quot;1036&quot;,335551547,&quot;1036&quot;,335559740,&quot;240&quot;,201341983,&quot;0&quot;,134233118,&quot;true&quot;,134233117,&quot;true&quot;,469778324,&quot;Normal&quot;]}\">Peut-on poser du sol stratifi\u00e9 sur un ancien carrelage ?<\/span><\/span><span class=\"EOP SCXW149020069 BCX8\" data-ccp-props=\"{&quot;134233117&quot;:true,&quot;134233118&quot;:true,&quot;201341983&quot;:0,&quot;335559740&quot;:240}\">\u00a0<\/span><\/h2>\n<p><span class=\"TextRun SCXW52987826 BCX8\" lang=\"FR\" xml:lang=\"FR\" data-contrast=\"auto\"><span class=\"NormalTextRun SCXW52987826 BCX8\" data-ccp-parastyle=\"paragraph\" data-ccp-parastyle-defn=\"{&quot;ObjectId&quot;:&quot;aaed607e-c2a3-5841-9fb4-41037bfa0faf|1&quot;,&quot;ClassId&quot;:1073872969,&quot;Properties&quot;:[469777841,&quot;Times New Roman&quot;,469777842,&quot;Times New Roman&quot;,469777843,&quot;Times New Roman&quot;,469777844,&quot;Times New Roman&quot;,469769226,&quot;Times New Roman&quot;,268442635,&quot;24&quot;,469775450,&quot;paragraph&quot;,201340122,&quot;2&quot;,134233614,&quot;true&quot;,469778129,&quot;paragraph&quot;,335572020,&quot;1&quot;,335559705,&quot;1036&quot;,335551547,&quot;1036&quot;,335559740,&quot;240&quot;,201341983,&quot;0&quot;,134233118,&quot;true&quot;,134233117,&quot;true&quot;,469778324,&quot;Normal&quot;]}\">I<\/span><\/span><span class=\"TextRun SCXW52987826 BCX8\" lang=\"FR-FR\" xml:lang=\"FR-FR\" data-contrast=\"auto\"><span class=\"NormalTextRun SCXW52987826 BCX8\" data-ccp-parastyle=\"paragraph\">l<\/span><span class=\"NormalTextRun SCXW52987826 BCX8\" data-ccp-parastyle=\"paragraph\"> est possible de poser du <\/span><span class=\"NormalTextRun SCXW52987826 BCX8\" data-ccp-parastyle=\"paragraph\">parquet<\/span><span class=\"NormalTextRun SCXW52987826 BCX8\" data-ccp-parastyle=\"paragraph\"> stratifi\u00e9<\/span><span class=\"NormalTextRun SCXW52987826 BCX8\" data-ccp-parastyle=\"paragraph\"> sur un ancien <\/span><span class=\"NormalTextRun SCXW52987826 BCX8\" data-ccp-parastyle=\"paragraph\">carrelage<\/span><span class=\"NormalTextRun SCXW52987826 BCX8\" data-ccp-parastyle=\"paragraph\">, <\/span><\/span><span class=\"TextRun SCXW52987826 BCX8\" lang=\"FR-FR\" xml:lang=\"FR-FR\" data-contrast=\"auto\"><span class=\"NormalTextRun SCXW52987826 BCX8\" data-ccp-parastyle=\"paragraph\">\u00e0 condition que le sol soit propre, sec et bien nivel\u00e9<\/span><\/span><span class=\"TextRun SCXW52987826 BCX8\" lang=\"FR-FR\" xml:lang=\"FR-FR\" data-contrast=\"auto\"><span class=\"NormalTextRun SCXW52987826 BCX8\" data-ccp-parastyle=\"paragraph\">. <\/span><span class=\"NormalTextRun SCXW52987826 BCX8\" data-ccp-parastyle=\"paragraph\">Si les joints sont trop profonds ou si certaines zones sont in\u00e9gales, un ragr\u00e9age peut \u00eatre n\u00e9cessaire <\/span><span class=\"NormalTextRun SCXW52987826 BCX8\" data-ccp-parastyle=\"paragraph\">pour obtenir un meilleur rendu<\/span><span class=\"NormalTextRun SCXW52987826 BCX8\" data-ccp-parastyle=\"paragraph\">. Il est aussi recommand\u00e9 d\u2019ajouter une sous-couche qui assure une bonne isolation phonique et compense <\/span><span class=\"NormalTextRun SCXW52987826 BCX8\" data-ccp-parastyle=\"paragraph\">les <\/span><span class=\"NormalTextRun SCXW52987826 BCX8\" data-ccp-parastyle=\"paragraph\">irr\u00e9gularit\u00e9s. La pose se fait ensuite de mani\u00e8re <\/span><span class=\"NormalTextRun SCXW52987826 BCX8\" data-ccp-parastyle=\"paragraph\">\u00ab\u202f<\/span><span class=\"NormalTextRun SCXW52987826 BCX8\" data-ccp-parastyle=\"paragraph\">classique<\/span><span class=\"NormalTextRun SCXW52987826 BCX8\" data-ccp-parastyle=\"paragraph\">\u202f\u00bb<\/span><span class=\"NormalTextRun SCXW52987826 BCX8\" data-ccp-parastyle=\"paragraph\">, en pose flottante, sans colle ni clous. C\u2019est une <\/span><span class=\"NormalTextRun SCXW52987826 BCX8\" data-ccp-parastyle=\"paragraph\">bonne solution <\/span><span class=\"NormalTextRun SCXW52987826 BCX8\" data-ccp-parastyle=\"paragraph\">pour moderniser <\/span><span class=\"NormalTextRun SCXW52987826 BCX8\" data-ccp-parastyle=\"paragraph\">vos<\/span><span class=\"NormalTextRun SCXW52987826 BCX8\" data-ccp-parastyle=\"paragraph\"> sol<\/span><span class=\"NormalTextRun SCXW52987826 BCX8\" data-ccp-parastyle=\"paragraph\">s<\/span><span class=\"NormalTextRun SCXW52987826 BCX8\" data-ccp-parastyle=\"paragraph\"> sans gros travaux.<\/span><\/span><span class=\"EOP SCXW52987826 BCX8\" data-ccp-props=\"{&quot;134233117&quot;:true,&quot;134233118&quot;:true,&quot;201341983&quot;:0,&quot;335559740&quot;:240}\">\u00a0<\/span><\/p>\n<h2><span class=\"TextRun SCXW254287983 BCX8\" lang=\"FR-FR\" xml:lang=\"FR-FR\" data-contrast=\"auto\"><span class=\"NormalTextRun SCXW254287983 BCX8\" data-ccp-parastyle=\"paragraph\">Astuces et conseils pour ne pas rater la pose de votre parquet stratifi\u00e9<\/span><\/span><span class=\"EOP SCXW254287983 BCX8\" data-ccp-props=\"{&quot;134233117&quot;:true,&quot;134233118&quot;:true,&quot;201341983&quot;:0,&quot;335559740&quot;:240}\">\u00a0<\/span><\/h2>\n<p><span data-contrast=\"auto\">Voici quelques astuces pour un meilleur r\u00e9sultat :<\/span><span data-ccp-props=\"{&quot;134233117&quot;:true,&quot;134233118&quot;:true,&quot;201341983&quot;:0,&quot;335559740&quot;:240}\">\u00a0<\/span><\/p>\n<ul>\n<li aria-setsize=\"-1\" data-leveltext=\"\uf0b7\" data-font=\"Symbol\" data-listid=\"90\" data-list-defn-props=\"{&quot;335552541&quot;:1,&quot;335559685&quot;:720,&quot;335559991&quot;:360,&quot;469769226&quot;:&quot;Symbol&quot;,&quot;469769242&quot;:[8226],&quot;469777803&quot;:&quot;left&quot;,&quot;469777804&quot;:&quot;\uf0b7&quot;,&quot;469777815&quot;:&quot;multilevel&quot;}\" data-aria-posinset=\"1\" data-aria-level=\"1\"><span data-contrast=\"auto\">Le sol stratifi\u00e9 &amp; vinyle ne demande pas beaucoup d\u2019entretien mais vous pouvez rallonger sa dur\u00e9e de vie en le d\u00e9poussi\u00e9rant r\u00e9guli\u00e8rement avec une lingette microfibre et en nettoyant les t\u00e2ches persistantes avec du vinaigre blanc ou du d\u00e9tergent doux.<\/span><span data-ccp-props=\"{&quot;134233117&quot;:true,&quot;134233118&quot;:true,&quot;201341983&quot;:0,&quot;335559740&quot;:240}\">\u00a0<\/span><\/li>\n<\/ul>\n<ul>\n<li aria-setsize=\"-1\" data-leveltext=\"\uf0b7\" data-font=\"Symbol\" data-listid=\"90\" data-list-defn-props=\"{&quot;335552541&quot;:1,&quot;335559685&quot;:720,&quot;335559991&quot;:360,&quot;469769226&quot;:&quot;Symbol&quot;,&quot;469769242&quot;:[8226],&quot;469777803&quot;:&quot;left&quot;,&quot;469777804&quot;:&quot;\uf0b7&quot;,&quot;469777815&quot;:&quot;multilevel&quot;}\" data-aria-posinset=\"2\" data-aria-level=\"1\"><span data-contrast=\"auto\">Il peut parfois y avoir des petites nuances, qui peuvent affecter l\u2019effet visuel du r\u00e9sultat final, entre les couleurs des lames d\u2019un m\u00eame paquet. Pour y rem\u00e9dier, ouvrez en m\u00eame temps tous les paquets et m\u00e9langez-les afin de pouvoir cr\u00e9er des contrastes \u00e0 certains endroits pr\u00e9cis. En g\u00e9n\u00e9ral, le sens de pose est dirig\u00e9 vers l\u2019entr\u00e9e de la lumi\u00e8re.<\/span><span data-ccp-props=\"{&quot;134233117&quot;:true,&quot;134233118&quot;:true,&quot;201341983&quot;:0,&quot;335559740&quot;:240}\">\u00a0<\/span><\/li>\n<\/ul>\n<ul>\n<li aria-setsize=\"-1\" data-leveltext=\"\uf0b7\" data-font=\"Symbol\" data-listid=\"90\" data-list-defn-props=\"{&quot;335552541&quot;:1,&quot;335559685&quot;:720,&quot;335559991&quot;:360,&quot;469769226&quot;:&quot;Symbol&quot;,&quot;469769242&quot;:[8226],&quot;469777803&quot;:&quot;left&quot;,&quot;469777804&quot;:&quot;\uf0b7&quot;,&quot;469777815&quot;:&quot;multilevel&quot;}\" data-aria-posinset=\"3\" data-aria-level=\"1\"><span data-contrast=\"auto\">Achetez en m\u00eame temps vos mat\u00e9riels pour avoir des plinthes pour parquet, sol stratifi\u00e9 et vinyle assortis.<\/span><span data-ccp-props=\"{&quot;134233117&quot;:true,&quot;134233118&quot;:true,&quot;201341983&quot;:0,&quot;335559740&quot;:240}\">\u00a0<\/span><\/li>\n<\/ul>\n<ul>\n<li aria-setsize=\"-1\" data-leveltext=\"\uf0b7\" data-font=\"Symbol\" data-listid=\"90\" data-list-defn-props=\"{&quot;335552541&quot;:1,&quot;335559685&quot;:720,&quot;335559991&quot;:360,&quot;469769226&quot;:&quot;Symbol&quot;,&quot;469769242&quot;:[8226],&quot;469777803&quot;:&quot;left&quot;,&quot;469777804&quot;:&quot;\uf0b7&quot;,&quot;469777815&quot;:&quot;multilevel&quot;}\" data-aria-posinset=\"4\" data-aria-level=\"1\"><span data-contrast=\"auto\">Il arrive que les lames se d\u00e9forment malgr\u00e9 la pose de cale de dilatation mais c\u2019est un souci qui peut mieux se r\u00e9gler en les pla\u00e7ant dans la pi\u00e8ce la veille afin qu\u2019elles aient le temps de s\u2019adapter \u00e0 l\u2019hygrom\u00e9trie ambiante.<\/span><span data-ccp-props=\"{&quot;134233117&quot;:true,&quot;134233118&quot;:true,&quot;201341983&quot;:0,&quot;335559740&quot;:240}\">\u00a0<\/span><\/li>\n<\/ul>\n<ul>\n<li aria-setsize=\"-1\" data-leveltext=\"\uf0b7\" data-font=\"Symbol\" data-listid=\"90\" data-list-defn-props=\"{&quot;335552541&quot;:1,&quot;335559685&quot;:720,&quot;335559991&quot;:360,&quot;469769226&quot;:&quot;Symbol&quot;,&quot;469769242&quot;:[8226],&quot;469777803&quot;:&quot;left&quot;,&quot;469777804&quot;:&quot;\uf0b7&quot;,&quot;469777815&quot;:&quot;multilevel&quot;}\" data-aria-posinset=\"5\" data-aria-level=\"1\"><span data-contrast=\"auto\">Vous obtiendrez un ench\u00e2ssement parfait et qui tient en donnant un coup de maillet sur les lames apr\u00e8s chaque rang\u00e9e.<\/span><span data-ccp-props=\"{&quot;134233117&quot;:true,&quot;134233118&quot;:true,&quot;201341983&quot;:0,&quot;335559740&quot;:240}\">\u00a0<\/span><\/li>\n<\/ul>\n<ul>\n<li aria-setsize=\"-1\" data-leveltext=\"\uf0b7\" data-font=\"Symbol\" data-listid=\"90\" data-list-defn-props=\"{&quot;335552541&quot;:1,&quot;335559685&quot;:720,&quot;335559991&quot;:360,&quot;469769226&quot;:&quot;Symbol&quot;,&quot;469769242&quot;:[8226],&quot;469777803&quot;:&quot;left&quot;,&quot;469777804&quot;:&quot;\uf0b7&quot;,&quot;469777815&quot;:&quot;multilevel&quot;}\" data-aria-posinset=\"6\" data-aria-level=\"1\"><span data-contrast=\"auto\">Vous aurez plus de facilit\u00e9 pour la pose de votre parquet en d\u00e9gondant d\u2019abord les portes.<\/span><span data-ccp-props=\"{&quot;134233117&quot;:true,&quot;134233118&quot;:true,&quot;201341983&quot;:0,&quot;335559740&quot;:240}\">\u00a0<\/span><\/li>\n<\/ul>\n<ul>\n<li aria-setsize=\"-1\" data-leveltext=\"\uf0b7\" data-font=\"Symbol\" data-listid=\"90\" data-list-defn-props=\"{&quot;335552541&quot;:1,&quot;335559685&quot;:720,&quot;335559991&quot;:360,&quot;469769226&quot;:&quot;Symbol&quot;,&quot;469769242&quot;:[8226],&quot;469777803&quot;:&quot;left&quot;,&quot;469777804&quot;:&quot;\uf0b7&quot;,&quot;469777815&quot;:&quot;multilevel&quot;}\" data-aria-posinset=\"7\" data-aria-level=\"1\"><span data-contrast=\"auto\">Pour les pi\u00e8ces exig\u00fces, le fait de disposer les stratifi\u00e9s dans le sens du mur le moins large donne l\u2019illusion que l\u2019espace est plus grand.<\/span><span data-ccp-props=\"{&quot;134233117&quot;:true,&quot;134233118&quot;:true,&quot;201341983&quot;:0,&quot;335559740&quot;:240}\">\u00a0<\/span><\/li>\n<\/ul>\n<ul>\n<li aria-setsize=\"-1\" data-leveltext=\"\uf0b7\" data-font=\"Symbol\" data-listid=\"90\" data-list-defn-props=\"{&quot;335552541&quot;:1,&quot;335559685&quot;:720,&quot;335559991&quot;:360,&quot;469769226&quot;:&quot;Symbol&quot;,&quot;469769242&quot;:[8226],&quot;469777803&quot;:&quot;left&quot;,&quot;469777804&quot;:&quot;\uf0b7&quot;,&quot;469777815&quot;:&quot;multilevel&quot;}\" data-aria-posinset=\"8\" data-aria-level=\"1\"><span data-contrast=\"auto\">Si la porte a du mal \u00e0 se fermer apr\u00e8s la pose de votre parquet stratifi\u00e9, il suffit de raboter la partie inf\u00e9rieure jusqu\u2019\u00e0 ce qu\u2019elle ne coince plus.<\/span><span data-ccp-props=\"{&quot;134233117&quot;:true,&quot;134233118&quot;:true,&quot;201341983&quot;:0,&quot;335559740&quot;:240}\">\u00a0<\/span><\/li>\n<\/ul>\n<p><span data-contrast=\"auto\">Si vous h\u00e9sitez \u00e0 r\u00e9aliser la pose vous-m\u00eame, n&rsquo;h\u00e9sitez pas \u00e0 faire appel aux experts Lapeyre. Ils sauront vous accompagner dans le choix des bons produits, adapt\u00e9s \u00e0 votre type de sol. Que ce soit pour poser un parquet stratifi\u00e9 ou poser des plinthes, ils vous guideront \u00e0 chaque \u00e9tape. Et si vous avez d&rsquo;autres envies de r\u00e9novation ou de construction, Lapeyre propose aussi <\/span><a href=\"https:\/\/www.lapeyre.fr\/c\/les-services\"><span data-contrast=\"none\">une large gamme de services<\/span><\/a><span data-contrast=\"auto\"> pour tous types de travaux.<\/span><span data-ccp-props=\"{&quot;134233117&quot;:true,&quot;134233118&quot;:true,&quot;201341983&quot;:0,&quot;335559740&quot;:240}\">\u00a0<\/span><\/p>\n<p><span data-contrast=\"auto\">Vous n\u2019avez pas encore choisi votre sol\u202f? On vous aide \u00e0 choisir le meilleur parquet stratifi\u00e9 et on vous donne tous nos meilleurs conseils\u202f!<\/span><span data-ccp-props=\"{&quot;134233117&quot;:true,&quot;134233118&quot;:true,&quot;201341983&quot;:0,&quot;335559740&quot;:240}\">\u00a0<\/span><\/p>\n<p style=\"text-align: center;\"><a class=\"bouton bleu\" id=\"btn-rdv-magazine\" href=\"https:\/\/www.lapeyre.fr\/prise-de-rdv\">Prendre RDV<\/a><\/p>\n","protected":false},"excerpt":{"rendered":"<p>Le parquet stratifi\u00e9 \u00e9galement appel\u00e9 sol stratifi\u00e9, parquet flottant, plancher stratifi\u00e9 ou juste stratifi\u00e9 peut \u00eatre pos\u00e9&#8230;<\/p>\n","protected":false},"author":1016,"featured_media":3651,"comment_status":"open","ping_status":"open","sticky":false,"template":"","format":"standard","meta":{"_acf_changed":false,"footnotes":""},"categories":[976,975],"tags":[18,25,928],"class_list":{"2":"type-post","6":"hentry"},"acf":[],"_links":{"self":[{"href":"https:\/\/www.lapeyre.fr\/c\/magazine\/wp-json\/wp\/v2\/posts\/3650","targetHints":{"allow":["GET"]}}],"collection":[{"href":"https:\/\/www.lapeyre.fr\/c\/magazine\/wp-json\/wp\/v2\/posts"}],"about":[{"href":"https:\/\/www.lapeyre.fr\/c\/magazine\/wp-json\/wp\/v2\/types\/post"}],"author":[{"embeddable":true,"href":"https:\/\/www.lapeyre.fr\/c\/magazine\/wp-json\/wp\/v2\/users\/1016"}],"replies":[{"embeddable":true,"href":"https:\/\/www.lapeyre.fr\/c\/magazine\/wp-json\/wp\/v2\/comments?post=3650"}],"version-history":[{"count":0,"href":"https:\/\/www.lapeyre.fr\/c\/magazine\/wp-json\/wp\/v2\/posts\/3650\/revisions"}],"wp:featuredmedia":[{"embeddable":true,"href":"https:\/\/www.lapeyre.fr\/c\/magazine\/wp-json\/wp\/v2\/media\/3651"}],"wp:attachment":[{"href":"https:\/\/www.lapeyre.fr\/c\/magazine\/wp-json\/wp\/v2\/media?parent=3650"}],"wp:term":[{"taxonomy":"category","embeddable":true,"href":"https:\/\/www.lapeyre.fr\/c\/magazine\/wp-json\/wp\/v2\/categories?post=3650"},{"taxonomy":"post_tag","embeddable":true,"href":"https:\/\/www.lapeyre.fr\/c\/magazine\/wp-json\/wp\/v2\/tags?post=3650"}],"curies":[{"name":"wp","href":"https:\/\/api.w.org\/{rel}","templated":true}]}}