{"id":3664,"date":"2023-02-03T12:08:02","date_gmt":"2023-02-03T11:08:02","guid":{"rendered":"https:\/\/www.lapeyre.fr\/c\/magazine\/?p=3664"},"modified":"2025-02-05T17:30:52","modified_gmt":"2025-02-05T16:30:52","slug":"couleur-mur-parquet-miel","status":"publish","type":"post","link":"https:\/\/www.lapeyre.fr\/c\/magazine\/couleur-mur-parquet-miel\/","title":{"rendered":"Quelle couleur de mur avec un parquet miel ?"},"content":{"rendered":"<p><span style=\"font-weight: 400;\">Vous avez choisi un parquet clair qui rappelle les reflets du miel pour vos sols et c\u2019est un excellent choix car votre <\/span><a href=\"https:\/\/www.lapeyre.fr\/produits\/revetement-sol-mur\/parquet-sol-dinterieur\/parquet-dinterieur\"><span style=\"font-weight: 400;\">parquet d&rsquo;int\u00e9rieur<\/span><\/a><span style=\"font-weight: 400;\"> peut \u00eatre mis en valeur de diff\u00e9rentes mani\u00e8res. Le ton des murs est d\u00e9terminant en ce qui concerne l\u2019atmosph\u00e8re qui r\u00e8gnera dans la pi\u00e8ce. A ce titre, vous devez comparer plusieurs possibilit\u00e9s avant de vous d\u00e9cider. Voici quelques pistes \u00e0 explorer.<\/span><\/p>\n<h2><b>Des murs ton pastel pour un effet lumineux<\/b><\/h2>\n<p><span style=\"font-weight: 400;\">Si vous avez envie de cr\u00e9er une ambiance cosy et\/ou moderne, associez votre<strong> parquet miel avec des murs clairs<\/strong>. La pi\u00e8ce para\u00eetra plus grande et plus lumineuse en plus de vous plonger dans une atmosph\u00e8re toute en douceur. C\u2019est un mariage parfait pour les petites pi\u00e8ces mais aussi pour les grands espaces dont vous souhaitez souligner le volume.<\/span><\/p>\n<p><img loading=\"lazy\" decoding=\"async\" class=\"alignnone wp-image-3670 size-large\" src=\"https:\/\/magazine.lapeyre.fr\/wp-content\/uploads\/2023\/02\/202130683_2_HD-1024x788.jpg\" alt=\"parquet ch\u00eane miel contraste d\u00e9coration\" width=\"1024\" height=\"788\" srcset=\"https:\/\/www.lapeyre.fr\/wp-content\/uploads\/2023\/02\/202130683_2_HD-1024x788.jpg 1024w, https:\/\/www.lapeyre.fr\/wp-content\/uploads\/2023\/02\/202130683_2_HD-300x231.jpg 300w, https:\/\/www.lapeyre.fr\/wp-content\/uploads\/2023\/02\/202130683_2_HD-768x591.jpg 768w, https:\/\/www.lapeyre.fr\/wp-content\/uploads\/2023\/02\/202130683_2_HD-1536x1182.jpg 1536w, https:\/\/www.lapeyre.fr\/wp-content\/uploads\/2023\/02\/202130683_2_HD.jpg 1651w\" sizes=\"auto, (max-width: 1024px) 100vw, 1024px\" \/><\/p>\n<p><span style=\"font-weight: 400;\">En alternative au blanc, misez sur des tons nudes. Tout ton pastel sera le bienvenu sur les murs et vous pourrez m\u00eame cr\u00e9er des associations en misant sur un rendu graphique si vous le souhaitez.<\/span><\/p>\n<p><span style=\"font-weight: 400;\">Pour une harmonie parfaite, assortissez la barre de seuil \u00e0 votre parquet. Pensez aussi \u00e0 adapter le choix du <\/span><a href=\"https:\/\/www.lapeyre.fr\/produits\/equipement-outil\/produit-pose-dentretien\/produit-pose-pour-parquet-sol-stratifie-vinyle\"><span style=\"font-weight: 400;\">produit de pose pour parquet, sol stratifi\u00e9 et vinyle<\/span><\/a><span style=\"font-weight: 400;\"> au rev\u00eatement de sol pour que la coh\u00e9rence soit au rendez-vous. Il est en effet important que l\u2019ensemble soit homog\u00e8ne pour aboutir \u00e0 une ambiance calme.<\/span><\/p>\n<h2><b>Un ton fort pour jouer sur les contrastes avec votre parquet miel<\/b><\/h2>\n<p><span style=\"font-weight: 400;\">Votre <\/span><strong><a href=\"https:\/\/www.lapeyre.fr\/produits\/revetement-sol-mur\/parquet-sol-dinterieur\">parquet et sol d&rsquo;int\u00e9rieur<\/a><\/strong><span style=\"font-weight: 400;\"><strong> miel<\/strong> pourra tr\u00e8s bien se marier avec des murs aux teintes originales et \u00e9l\u00e9gantes. C\u2019est le cas des tons fonc\u00e9s qui constituent aussi d\u2019excellents choix pour jouer sur les contrastes avec le parquet clair. <\/span><span style=\"font-weight: 400;\">Utilisez les tons forts par touches pour donner du caract\u00e8re \u00e0 votre int\u00e9rieur sans trop alourdir la d\u00e9co. Si le plafond n\u2019est pas tr\u00e8s haut, utilisez des tons clairs sur la partie haute de vos murs afin de conserver une belle notion d\u2019espace.<\/span><\/p>\n<p><span style=\"font-weight: 400;\">Pour donner de la profondeur \u00e0 la pi\u00e8ce ou pour attirer l\u2019attention sur vos d\u00e9corations murales, n\u2019h\u00e9sitez pas \u00e0 utiliser des tons de caract\u00e8re sur un pan de mur complet. Vous obtiendrez un mariage \u00e9l\u00e9gant, id\u00e9al pour les pi\u00e8ces \u00e0 vivre et les chambres \u00e0 coucher. <\/span><span style=\"font-weight: 400;\">Pensez \u00e0 ajouter quelques d\u00e9tails dor\u00e9s pour intensifier la sophistication du r\u00e9sultat. Ces touches pourraient par exemple se retrouver dans le produit de pose pour parquet, sol stratifi\u00e9 et vinyle ou sur la barre de seuil.<\/span><\/p>\n<p><img loading=\"lazy\" decoding=\"async\" class=\"alignnone wp-image-3666 size-large\" src=\"https:\/\/magazine.lapeyre.fr\/wp-content\/uploads\/2023\/02\/202130683_4_HD-1024x768.jpg\" alt=\"parquet ch\u00eane miel\" width=\"1024\" height=\"768\" srcset=\"https:\/\/www.lapeyre.fr\/wp-content\/uploads\/2023\/02\/202130683_4_HD-1024x768.jpg 1024w, https:\/\/www.lapeyre.fr\/wp-content\/uploads\/2023\/02\/202130683_4_HD-300x225.jpg 300w, https:\/\/www.lapeyre.fr\/wp-content\/uploads\/2023\/02\/202130683_4_HD-768x576.jpg 768w, https:\/\/www.lapeyre.fr\/wp-content\/uploads\/2023\/02\/202130683_4_HD-1536x1152.jpg 1536w, https:\/\/www.lapeyre.fr\/wp-content\/uploads\/2023\/02\/202130683_4_HD.jpg 1672w\" sizes=\"auto, (max-width: 1024px) 100vw, 1024px\" \/><\/p>\n<h2><b>Des mati\u00e8res naturelles pour sublimer le raffinement et mettre en valeur votre parquet<\/b><\/h2>\n<p><span style=\"font-weight: 400;\">Les accessoires d\u00e9coratifs ont \u00e9galement leur r\u00f4le \u00e0 jouer dans l\u2019ensemble car il est primordial de veiller \u00e0 ce que la pi\u00e8ce soit harmonieuse. Pour cela, misez sur les mati\u00e8res naturelles qui se marient tr\u00e8s bien avec le parquet d&rsquo;int\u00e9rieur miel.<\/span><\/p>\n<p><span style=\"font-weight: 400;\">Sur le parquet sol d&rsquo;int\u00e9rieur, choisissez par exemple un tapis en jute. Quelques coussins de sol bordeaux et dor\u00e9s apporteront de la chaleur, tandis que du blanc ou un ton clair soulignera l\u2019ambiance cosy. <\/span><span style=\"font-weight: 400;\">Au plafond, pensez aux suspensions en cannage et au macram\u00e9 qui seront du plus bel effet dans une pi\u00e8ce accueillante, assez \u00e9pur\u00e9e mais d\u2019une \u00e9l\u00e9gance sans concession.\u00a0<\/span><\/p>\n<p style=\"text-align: center;\"><a class=\"bouton bleu\" id=\"btn-rdv-magazine\" href=\"https:\/\/www.lapeyre.fr\/prise-de-rdv\">Prendre RDV<\/a><\/p>\n","protected":false},"excerpt":{"rendered":"<p>Vous avez choisi un parquet clair qui rappelle les reflets du miel pour vos sols et c\u2019est&#8230;<\/p>\n","protected":false},"author":1016,"featured_media":3670,"comment_status":"open","ping_status":"open","sticky":false,"template":"","format":"standard","meta":{"_acf_changed":false,"footnotes":""},"categories":[977,975],"tags":[18,25,928],"class_list":{"2":"type-post","6":"hentry"},"acf":[],"_links":{"self":[{"href":"https:\/\/www.lapeyre.fr\/c\/magazine\/wp-json\/wp\/v2\/posts\/3664","targetHints":{"allow":["GET"]}}],"collection":[{"href":"https:\/\/www.lapeyre.fr\/c\/magazine\/wp-json\/wp\/v2\/posts"}],"about":[{"href":"https:\/\/www.lapeyre.fr\/c\/magazine\/wp-json\/wp\/v2\/types\/post"}],"author":[{"embeddable":true,"href":"https:\/\/www.lapeyre.fr\/c\/magazine\/wp-json\/wp\/v2\/users\/1016"}],"replies":[{"embeddable":true,"href":"https:\/\/www.lapeyre.fr\/c\/magazine\/wp-json\/wp\/v2\/comments?post=3664"}],"version-history":[{"count":0,"href":"https:\/\/www.lapeyre.fr\/c\/magazine\/wp-json\/wp\/v2\/posts\/3664\/revisions"}],"wp:featuredmedia":[{"embeddable":true,"href":"https:\/\/www.lapeyre.fr\/c\/magazine\/wp-json\/wp\/v2\/media\/3670"}],"wp:attachment":[{"href":"https:\/\/www.lapeyre.fr\/c\/magazine\/wp-json\/wp\/v2\/media?parent=3664"}],"wp:term":[{"taxonomy":"category","embeddable":true,"href":"https:\/\/www.lapeyre.fr\/c\/magazine\/wp-json\/wp\/v2\/categories?post=3664"},{"taxonomy":"post_tag","embeddable":true,"href":"https:\/\/www.lapeyre.fr\/c\/magazine\/wp-json\/wp\/v2\/tags?post=3664"}],"curies":[{"name":"wp","href":"https:\/\/api.w.org\/{rel}","templated":true}]}}