{"id":3686,"date":"2025-02-23T11:21:45","date_gmt":"2025-02-23T10:21:45","guid":{"rendered":"https:\/\/www.lapeyre.fr\/c\/magazine\/?p=3686"},"modified":"2025-11-07T14:33:08","modified_gmt":"2025-11-07T13:33:08","slug":"enlever-lino-parquet","status":"publish","type":"post","link":"https:\/\/www.lapeyre.fr\/c\/magazine\/enlever-lino-parquet\/","title":{"rendered":"Comment enlever du lino pour mettre du parquet ?\u00a0"},"content":{"rendered":"<p><span class=\"TextRun SCXW256000697 BCX8\" lang=\"FR-FR\" xml:lang=\"FR-FR\" data-contrast=\"auto\"><span class=\"NormalTextRun SCXW256000697 BCX8\">Comment optimiser la pose de parquet ? Quel que soit le rev\u00eatement de sol <\/span><span class=\"NormalTextRun SCXW256000697 BCX8\">que vous souhaitez poser<\/span><span class=\"NormalTextRun SCXW256000697 BCX8\">, il vous faudra d\u2019abord pr\u00e9parer la surface sur laquelle vous le poserez.\u202f<\/span><span class=\"NormalTextRun SCXW256000697 BCX8\">Lapeyre vous explique comment enlever du lino <\/span><span class=\"NormalTextRun SCXW256000697 BCX8\">(linol\u00e9um) <\/span><span class=\"NormalTextRun SCXW256000697 BCX8\">pour mettre du parquet\u202f<\/span><span class=\"NormalTextRun SCXW256000697 BCX8\">et donner un coup de neuf \u00e0 votre maison ou appartement <\/span><span class=\"NormalTextRun SCXW256000697 BCX8\">!<\/span><\/span><span class=\"EOP SCXW256000697 BCX8\" data-ccp-props=\"{}\">\u00a0<\/span><\/p>\n<p><img loading=\"lazy\" decoding=\"async\" class=\"alignnone wp-image-3687 size-full\" src=\"https:\/\/magazine.lapeyre.fr\/wp-content\/uploads\/2023\/02\/202029023_3_MD.jpg\" alt=\"enlever du lino et mettre du parquet\" width=\"800\" height=\"388\" srcset=\"https:\/\/www.lapeyre.fr\/wp-content\/uploads\/2023\/02\/202029023_3_MD.jpg 800w, https:\/\/www.lapeyre.fr\/wp-content\/uploads\/2023\/02\/202029023_3_MD-300x146.jpg 300w, https:\/\/www.lapeyre.fr\/wp-content\/uploads\/2023\/02\/202029023_3_MD-768x372.jpg 768w\" sizes=\"auto, (max-width: 800px) 100vw, 800px\" \/><\/p>\n<h2><span class=\"TextRun SCXW132297417 BCX8\" lang=\"FR-FR\" xml:lang=\"FR-FR\" data-contrast=\"auto\"><span class=\"NormalTextRun SCXW132297417 BCX8\">Poser un sol<\/span><span class=\"NormalTextRun SCXW132297417 BCX8\">\u202f:<\/span><span class=\"NormalTextRun SCXW132297417 BCX8\"> une vigilance de tous les instants<\/span><\/span><span class=\"EOP SCXW132297417 BCX8\" data-ccp-props=\"{}\">\u00a0<\/span><\/h2>\n<p><span data-contrast=\"auto\">Vous avez craqu\u00e9 pour un parquet en bois massif ou pour un\u202f<\/span><a href=\"https:\/\/www.lapeyre.fr\/produits\/revetement-sol-mur\/parquet-sol-dinterieur\/parquet-dinterieur\"><span data-contrast=\"none\">parquet\u202f<\/span><\/a><span data-contrast=\"auto\">flottant et vous \u00eates impatient de cr\u00e9er l\u2019int\u00e9rieur de vos r\u00eaves. Vous avez \u00e0 votre disposition tout le mat\u00e9riel n\u00e9cessaire et avez fait le plein de produits de pose pour parquet, sol stratifi\u00e9 et vinyle.<\/span><span data-ccp-props=\"{}\">\u00a0<\/span><\/p>\n<p><span data-contrast=\"auto\">Si votre sol est neuf, il est probable que vous ayez \u00e0 travailler directement sur la chape de ciment. Dans le cas contraire, il vous faudra composer avec l\u2019existant. Alors comment poser votre parquet d\u2019int\u00e9rieur si votre sol est d\u00e9j\u00e0 recouvert d\u2019un lino ? On vous explique\u202f!<\/span><span data-ccp-props=\"{}\">\u00a0<\/span><\/p>\n<h2><span class=\"TextRun SCXW85269014 BCX8\" lang=\"FR-FR\" xml:lang=\"FR-FR\" data-contrast=\"auto\"><span class=\"NormalTextRun SCXW85269014 BCX8\">Le lino, c\u2019est quoi\u202f?<\/span><\/span><\/h2>\n<p><span data-contrast=\"auto\">Le lino (ou linol\u00e9um) est un rev\u00eatement de sol souple. Il se compose de diff\u00e9rents mat\u00e9riaux tels que l\u2019huile de lin, la farine de bois ou encore certaines r\u00e9sines naturelles. A la diff\u00e9rence du PVC (plastique), le lino est un mat\u00e9riau naturel. Il sert \u00e0 couvrir le sol de votre maison tout en \u00e9tant esth\u00e9tique\u202f!<\/span><span data-ccp-props=\"{}\">\u00a0<\/span><\/p>\n<p><b><span data-contrast=\"auto\">Bon \u00e0 savoir<\/span><\/b><span data-contrast=\"auto\">\u202f: bien que tous les deux faciles \u00e0 poser, le lino et le parquet stratifi\u00e9 sont bien distincts. Vous voulez en savoir plus\u202f? On vous explique ici quel est le <\/span><a href=\"https:\/\/www.lapeyre.fr\/c\/magazine\/meilleur-parquet-stratifie\/\"><span data-contrast=\"none\">meilleur parquet stratifi\u00e9<\/span><\/a><span data-contrast=\"auto\">\u202fet <\/span><a href=\"https:\/\/www.lapeyre.fr\/c\/magazine\/comment-poser-du-parquet-stratifie\/\"><span data-contrast=\"none\">comment le poser<\/span><\/a><span data-contrast=\"auto\">\u202f!<\/span><span data-ccp-props=\"{}\">\u00a0<\/span><\/p>\n<p><span data-contrast=\"auto\">Dans certains cas, vous pouvez avoir envie d\u2019enlever votre lino pour le remplacer par un joli parquet ou de tout autre rev\u00eatement de sol. Enlever le lino\u202f? Le laisser pour le recouvrir\u202f? Lapeyre vous guide\u202f!<\/span><span data-ccp-props=\"{}\">\u00a0<\/span><\/p>\n<h2><span class=\"NormalTextRun SCXW167435841 BCX8\">Quelques pr\u00e9cautions<\/span><span class=\"NormalTextRun SCXW167435841 BCX8\"> pour conserver le lino<\/span><\/h2>\n<p><span data-contrast=\"auto\">Le sol sur lequel vous envisagez de poser votre parquet est dissimul\u00e9 par un lino et s\u2019il est tentant de vouloir le conserver, quelques pr\u00e9cautions s\u2019imposent :<\/span><span data-ccp-props=\"{}\">\u00a0<\/span><\/p>\n<ol>\n<li aria-setsize=\"-1\" data-leveltext=\"%1.\" data-font=\"\" data-listid=\"1\" data-list-defn-props=\"{&quot;335552541&quot;:0,&quot;335559685&quot;:720,&quot;335559991&quot;:360,&quot;469769242&quot;:[65533,0],&quot;469777803&quot;:&quot;left&quot;,&quot;469777804&quot;:&quot;%1.&quot;,&quot;469777815&quot;:&quot;multilevel&quot;}\" data-aria-posinset=\"1\" data-aria-level=\"1\"><span data-contrast=\"auto\">V\u00e9rifiez d\u2019abord son \u00e9tat. S\u2019il est trop d\u00e9t\u00e9rior\u00e9, d\u00e9chir\u00e9, trou\u00e9, gondol\u00e9\u2026 il sera pr\u00e9f\u00e9rable de l\u2019enlever compl\u00e8tement afin de pouvoir travailler sur une surface parfaitement plane ;<\/span><span data-ccp-props=\"{}\">\u00a0<\/span><\/li>\n<li aria-setsize=\"-1\" data-leveltext=\"%1.\" data-font=\"\" data-listid=\"1\" data-list-defn-props=\"{&quot;335552541&quot;:0,&quot;335559685&quot;:720,&quot;335559991&quot;:360,&quot;469769242&quot;:[65533,0],&quot;469777803&quot;:&quot;left&quot;,&quot;469777804&quot;:&quot;%1.&quot;,&quot;469777815&quot;:&quot;multilevel&quot;}\" data-aria-posinset=\"1\" data-aria-level=\"1\"><span data-contrast=\"auto\">Identifiez la nature du sol sur lequel repose ce lino (dalle de b\u00e9ton, carrelage, ancien parquet\u2026) et assurez-vous que ce support est sain et stable, sans trace d\u2019humidit\u00e9 ni d\u2019effritement. Si n\u00e9cessaire, faites dispara\u00eetre les asp\u00e9rit\u00e9s, d\u00e9poussi\u00e9rez et en cas de taches importantes n\u2019h\u00e9sitez pas \u00e0 proc\u00e9der \u00e0 un lessivage, voire \u00e0 un d\u00e9capage pour assainir l\u2019ensemble ;<\/span><span data-ccp-props=\"{}\">\u00a0<\/span><\/li>\n<li aria-setsize=\"-1\" data-leveltext=\"%1.\" data-font=\"\" data-listid=\"1\" data-list-defn-props=\"{&quot;335552541&quot;:0,&quot;335559685&quot;:720,&quot;335559991&quot;:360,&quot;469769242&quot;:[65533,0],&quot;469777803&quot;:&quot;left&quot;,&quot;469777804&quot;:&quot;%1.&quot;,&quot;469777815&quot;:&quot;multilevel&quot;}\" data-aria-posinset=\"1\" data-aria-level=\"1\"><span data-contrast=\"auto\">Si cela se r\u00e9v\u00e8le impossible, il vous faudra l\u00e0 encore vous d\u00e9barrasser du lino puis consolider et traiter le sol avant la pose de parquet ;<\/span><span data-ccp-props=\"{}\">\u00a0<\/span><\/li>\n<li aria-setsize=\"-1\" data-leveltext=\"%1.\" data-font=\"\" data-listid=\"1\" data-list-defn-props=\"{&quot;335552541&quot;:0,&quot;335559685&quot;:720,&quot;335559991&quot;:360,&quot;469769242&quot;:[65533,0],&quot;469777803&quot;:&quot;left&quot;,&quot;469777804&quot;:&quot;%1.&quot;,&quot;469777815&quot;:&quot;multilevel&quot;}\" data-aria-posinset=\"1\" data-aria-level=\"1\"><span data-contrast=\"auto\">V\u00e9rifiez enfin l\u2019\u00e9tat de chaque\u202f<\/span><a href=\"https:\/\/www.lapeyre.fr\/produits\/revetement-sol-mur\/parquet-sol-dinterieur\/plinthe-pour-parquet-sol-stratifie-vinyle\"><span data-contrast=\"none\">plinthe pour parquet, sol stratifi\u00e9 et vinyle<\/span><\/a><span data-contrast=\"auto\">\u202fd\u00e9j\u00e0 en place, avant de d\u00e9cider ou non de les remplacer.<\/span><span data-ccp-props=\"{}\">\u00a0<\/span><\/li>\n<\/ol>\n<h2><span class=\"TextRun SCXW243489757 BCX8\" lang=\"FR-FR\" xml:lang=\"FR-FR\" data-contrast=\"auto\"><span class=\"NormalTextRun SCXW243489757 BCX8\">D\u00e9coller et e<\/span><span class=\"NormalTextRun SCXW243489757 BCX8\">nlever du lino pour poser <\/span><span class=\"NormalTextRun SCXW243489757 BCX8\">du<\/span><span class=\"NormalTextRun SCXW243489757 BCX8\"> parquet<\/span><\/span><span class=\"EOP SCXW243489757 BCX8\" data-ccp-props=\"{}\">\u00a0<\/span><\/h2>\n<p><span data-contrast=\"auto\">Enlever du lino peut \u00eatre une t\u00e2che plus ou moins longue. \u00c9paisseur du rev\u00eatement, quantit\u00e9 de colle utilis\u00e9e pour le fixer et nature du support sur lequel il a \u00e9t\u00e9 pos\u00e9 feront toute la diff\u00e9rence. Suivez les \u00e9tapes suivantes\u202f:<\/span><span data-ccp-props=\"{}\">\u00a0<\/span><\/p>\n<ol>\n<li aria-setsize=\"-1\" data-leveltext=\"%1.\" data-font=\"\" data-listid=\"2\" data-list-defn-props=\"{&quot;335552541&quot;:0,&quot;335559685&quot;:720,&quot;335559991&quot;:360,&quot;469769242&quot;:[65533,0],&quot;469777803&quot;:&quot;left&quot;,&quot;469777804&quot;:&quot;%1.&quot;,&quot;469777815&quot;:&quot;hybridMultilevel&quot;}\" data-aria-posinset=\"1\" data-aria-level=\"1\"><span data-contrast=\"auto\">Commencez par d\u00e9coller votre linol\u00e9um en partant des angles de la pi\u00e8ce.<\/span><span data-ccp-props=\"{}\">\u00a0<\/span><\/li>\n<li aria-setsize=\"-1\" data-leveltext=\"%1.\" data-font=\"\" data-listid=\"2\" data-list-defn-props=\"{&quot;335552541&quot;:0,&quot;335559685&quot;:720,&quot;335559991&quot;:360,&quot;469769242&quot;:[65533,0],&quot;469777803&quot;:&quot;left&quot;,&quot;469777804&quot;:&quot;%1.&quot;,&quot;469777815&quot;:&quot;hybridMultilevel&quot;}\" data-aria-posinset=\"1\" data-aria-level=\"1\"><span data-contrast=\"auto\">D\u00e9barrassez vous de tous les r\u00e9sidus de colle en les grattant avec une spatule.<\/span><span data-ccp-props=\"{}\">\u00a0<\/span><\/li>\n<\/ol>\n<p><span data-contrast=\"auto\">Si besoin, vous pourrez \u00e9galement utiliser du dissolvant pour colle de rev\u00eatement de sol.<\/span><span data-ccp-props=\"{}\">\u00a0<\/span><\/p>\n<h2><span class=\"TextRun SCXW142351902 BCX8\" lang=\"FR-FR\" xml:lang=\"FR-FR\" data-contrast=\"auto\"><span class=\"NormalTextRun SCXW142351902 BCX8\">Poser le parquet sur le lino s\u2019il est en bon \u00e9tat<\/span><\/span><span class=\"EOP SCXW142351902 BCX8\" data-ccp-props=\"{}\">\u00a0<\/span><\/h2>\n<p><span data-contrast=\"auto\">Bonne nouvelle, le sol et le lino sont dans un \u00e9tat satisfaisant. Vous pourrez donc les conserver et passer \u00e0 l\u2019\u00e9tape suivante.<\/span><span data-ccp-props=\"{}\">\u00a0<\/span><\/p>\n<p><b><span data-contrast=\"auto\">Utiliser un linol\u00e9um comme support de pose<\/span><\/b><span data-contrast=\"auto\">\u202fcomporte des avantages. Outre le gain de temps et d\u2019\u00e9nergie que cela repr\u00e9sente,<\/span><b><span data-contrast=\"auto\">\u202fcet ancien rev\u00eatement fera office d\u2019isolant<\/span><\/b><span data-contrast=\"auto\">. Il vous faudra malgr\u00e9 tout poser une\u202f<\/span><b><span data-contrast=\"auto\">sous-couche<\/span><\/b><span data-contrast=\"auto\">\u202fqui vous garantira un meilleur confort thermique et acoustique, tout en constituant un rempart contre l\u2019humidit\u00e9. Elle aura \u00e9galement le m\u00e9rite de gommer les petites imperfections du support et de constituer une base antid\u00e9rapante pour le nouveau rev\u00eatement de sol.<\/span><span data-ccp-props=\"{}\">\u00a0<\/span><\/p>\n<p><img loading=\"lazy\" decoding=\"async\" class=\"alignnone wp-image-3617 size-large\" src=\"https:\/\/magazine.lapeyre.fr\/wp-content\/uploads\/2023\/01\/Sans-titre-8-1024x819.jpg\" alt=\"sous couche isolante pour parquet\" width=\"1024\" height=\"819\" srcset=\"https:\/\/www.lapeyre.fr\/wp-content\/uploads\/2023\/01\/Sans-titre-8-1024x819.jpg 1024w, https:\/\/www.lapeyre.fr\/wp-content\/uploads\/2023\/01\/Sans-titre-8-300x240.jpg 300w, https:\/\/www.lapeyre.fr\/wp-content\/uploads\/2023\/01\/Sans-titre-8-768x614.jpg 768w, https:\/\/www.lapeyre.fr\/wp-content\/uploads\/2023\/01\/Sans-titre-8.jpg 1500w\" sizes=\"auto, (max-width: 1024px) 100vw, 1024px\" \/><\/p>\n<p><span data-contrast=\"auto\">Li\u00e8ge, fibre de bois, mousse de poly\u00e9thyl\u00e8ne ou polystyr\u00e8ne extrud\u00e9, vous aurez le choix entre plusieurs cat\u00e9gories de mat\u00e9riaux. Pensez \u00e0 v\u00e9rifier que la sous-couche choisie tout comme le\u202f<\/span><a href=\"https:\/\/www.lapeyre.fr\/produits\/equipement-outil\/produit-pose-dentretien\/produit-pose-pour-parquet-sol-stratifie-vinyle\"><span data-contrast=\"none\">produit de pose pour parquet, sol stratifi\u00e9 &amp; vinyle<\/span><\/a><span data-contrast=\"auto\">\u202fsont parfaitement adapt\u00e9s aux sp\u00e9cificit\u00e9s de votre chantier et \u00e0 votre budget.<\/span><span data-ccp-props=\"{}\">\u00a0<\/span><\/p>\n<p><b><span data-contrast=\"auto\">Bon \u00e0 savoir<\/span><\/b><span data-contrast=\"auto\">\u202f: sachez que vous pouvez aussi poser du carrelage et m\u00eame de la moquette sur du lino, \u00e0 condition de respecter certains points. L\u00e0 encore, le lino doit \u00eatre en parfait \u00e9tat et parfaitement coll\u00e9, le sol doit \u00eatre plat et la pose du carrelage ou de la moquette doit \u00eatre r\u00e9alis\u00e9e tr\u00e8s soigneusement, avec une colle adapt\u00e9e.<\/span><span data-ccp-props=\"{}\">\u00a0<\/span><\/p>\n<h2><span class=\"TextRun SCXW253829992 BCX8\" lang=\"FR-FR\" xml:lang=\"FR-FR\" data-contrast=\"auto\"><span class=\"NormalTextRun SCXW253829992 BCX8\">Quel parquet choisir\u202f<\/span><span class=\"NormalTextRun SCXW253829992 BCX8\">pour ma maison <\/span><span class=\"NormalTextRun SCXW253829992 BCX8\">?<\/span><\/span><span class=\"EOP SCXW253829992 BCX8\" data-ccp-props=\"{}\">\u00a0<\/span><\/h2>\n<p><span data-contrast=\"auto\">Que vous envisagiez une pose de parquet int\u00e9rieur coll\u00e9e ou flottante, un parquet stratifi\u00e9 ou en bois massif, il n\u2019est donc pas n\u00e9cessaire d\u2019enlever un lino existant s\u2019il est en bon \u00e9tat.<\/span><span data-ccp-props=\"{}\">\u00a0<\/span><\/p>\n<p><span data-contrast=\"auto\">Une r\u00e9serve toutefois\u202f: en cas de pose coll\u00e9e en plein, le lino ou tout autre rev\u00eatement d\u00e9j\u00e0 pr\u00e9sent, devra \u00eatre compl\u00e8tement retir\u00e9 et ce quel que soit son \u00e9tat. Dans cette configuration en effet, les lames de parquet seront directement coll\u00e9es sur la dalle de b\u00e9ton pour une adh\u00e9rence maximale.<\/span><span data-ccp-props=\"{}\">\u00a0<\/span><\/p>\n<p><img loading=\"lazy\" decoding=\"async\" class=\"alignnone wp-image-3688 size-large\" src=\"https:\/\/magazine.lapeyre.fr\/wp-content\/uploads\/2023\/02\/getimage-2-1024x797.jpg\" alt=\"quel parquet choisir pour remplacer du lino\" width=\"1024\" height=\"797\" srcset=\"https:\/\/www.lapeyre.fr\/wp-content\/uploads\/2023\/02\/getimage-2-1024x797.jpg 1024w, https:\/\/www.lapeyre.fr\/wp-content\/uploads\/2023\/02\/getimage-2-300x233.jpg 300w, https:\/\/www.lapeyre.fr\/wp-content\/uploads\/2023\/02\/getimage-2-768x598.jpg 768w, https:\/\/www.lapeyre.fr\/wp-content\/uploads\/2023\/02\/getimage-2.jpg 1244w\" sizes=\"auto, (max-width: 1024px) 100vw, 1024px\" \/><\/p>\n<p><span data-contrast=\"auto\">Une fois votre parquet d\u2019int\u00e9rieur pos\u00e9, terminez votre chantier en installant sur chacun des murs une plinthe pour parquet, sol stratifi\u00e9 et vinyle. N\u2019h\u00e9sitez pas \u00e0 jouer avec les perspectives. Posez vos lames de parquet dans la dimension de la pi\u00e8ce que vous souhaitez accentuer. Enfin, pour un effet encore plus satisfaisant, pensez \u00e0 orienter votre parquet \u00e0 la perpendiculaire de la source principale de lumi\u00e8re qui \u00e9claire votre pi\u00e8ce.<\/span><span data-ccp-props=\"{}\">\u00a0<\/span><\/p>\n<p><span data-contrast=\"auto\">Besoin de conseils pour enlever votre lino ? Des questions sur les produits Lapeyre\u202f? Nos vendeurs Lapeyre sont \u00e0 votre disposition\u202f: pour plus de conseils maison, rendez-vous en magasin. Prenez rendez-vous d\u00e8s \u00e0 pr\u00e9sent\u202f!<\/span><span data-ccp-props=\"{}\">\u00a0<\/span><\/p>\n<p style=\"text-align: center;\"><a class=\"bouton bleu\" id=\"btn-rdv-magazine\" href=\"https:\/\/www.lapeyre.fr\/prise-de-rdv\">Prendre RDV<\/a><\/p>\n","protected":false},"excerpt":{"rendered":"<p>Comment optimiser la pose de parquet ? Quel que soit le rev\u00eatement de sol que vous souhaitez&#8230;<\/p>\n","protected":false},"author":1016,"featured_media":3688,"comment_status":"open","ping_status":"open","sticky":false,"template":"","format":"standard","meta":{"_acf_changed":false,"footnotes":""},"categories":[978,975],"tags":[928,25,18],"class_list":{"2":"type-post","6":"hentry"},"acf":[],"_links":{"self":[{"href":"https:\/\/www.lapeyre.fr\/c\/magazine\/wp-json\/wp\/v2\/posts\/3686","targetHints":{"allow":["GET"]}}],"collection":[{"href":"https:\/\/www.lapeyre.fr\/c\/magazine\/wp-json\/wp\/v2\/posts"}],"about":[{"href":"https:\/\/www.lapeyre.fr\/c\/magazine\/wp-json\/wp\/v2\/types\/post"}],"author":[{"embeddable":true,"href":"https:\/\/www.lapeyre.fr\/c\/magazine\/wp-json\/wp\/v2\/users\/1016"}],"replies":[{"embeddable":true,"href":"https:\/\/www.lapeyre.fr\/c\/magazine\/wp-json\/wp\/v2\/comments?post=3686"}],"version-history":[{"count":0,"href":"https:\/\/www.lapeyre.fr\/c\/magazine\/wp-json\/wp\/v2\/posts\/3686\/revisions"}],"wp:featuredmedia":[{"embeddable":true,"href":"https:\/\/www.lapeyre.fr\/c\/magazine\/wp-json\/wp\/v2\/media\/3688"}],"wp:attachment":[{"href":"https:\/\/www.lapeyre.fr\/c\/magazine\/wp-json\/wp\/v2\/media?parent=3686"}],"wp:term":[{"taxonomy":"category","embeddable":true,"href":"https:\/\/www.lapeyre.fr\/c\/magazine\/wp-json\/wp\/v2\/categories?post=3686"},{"taxonomy":"post_tag","embeddable":true,"href":"https:\/\/www.lapeyre.fr\/c\/magazine\/wp-json\/wp\/v2\/tags?post=3686"}],"curies":[{"name":"wp","href":"https:\/\/api.w.org\/{rel}","templated":true}]}}