{"id":3726,"date":"2025-12-19T11:32:45","date_gmt":"2025-12-19T10:32:45","guid":{"rendered":"https:\/\/www.lapeyre.fr\/c\/magazine\/?p=3726"},"modified":"2025-12-22T11:33:13","modified_gmt":"2025-12-22T10:33:13","slug":"types-escaliers-selon-espaces","status":"publish","type":"post","link":"https:\/\/www.lapeyre.fr\/c\/magazine\/types-escaliers-selon-espaces\/","title":{"rendered":"Quels sont les diff\u00e9rents types d\u2019escaliers\u202f?"},"content":{"rendered":"<p><span data-contrast=\"auto\">L\u2019escalier permet d\u2019exploiter l\u2019espace en hauteur. L\u2019\u00e9l\u00e9ment se d\u00e9cline dans des conceptions vari\u00e9es pour s\u2019adapter aux logements spacieux et aux\u202f<\/span><b><span data-contrast=\"auto\">petits espaces<\/span><\/b><span data-contrast=\"auto\">. Il existe diff\u00e9rents\u202f<\/span><b><span data-contrast=\"auto\">types d\u2019escalier<\/span><\/b><span data-contrast=\"auto\">\u202fpour int\u00e9rieur.\u00a0Pourquoi bien choisir son escalier ?<\/span><span data-ccp-props=\"{}\">\u00a0<\/span><\/p>\n<ul>\n<li aria-setsize=\"-1\" data-leveltext=\"\uf0b7\" data-font=\"Symbol\" data-listid=\"1\" data-list-defn-props=\"{&quot;335552541&quot;:1,&quot;335559685&quot;:720,&quot;335559991&quot;:360,&quot;469769226&quot;:&quot;Symbol&quot;,&quot;469769242&quot;:[8226],&quot;469777803&quot;:&quot;left&quot;,&quot;469777804&quot;:&quot;\uf0b7&quot;,&quot;469777815&quot;:&quot;hybridMultilevel&quot;}\" data-aria-posinset=\"1\" data-aria-level=\"1\"><span data-contrast=\"auto\">Pour optimiser l\u2019espace dans toutes les configurations (petits ou grands logements).<\/span><span data-ccp-props=\"{}\">\u00a0<\/span><\/li>\n<\/ul>\n<ul>\n<li aria-setsize=\"-1\" data-leveltext=\"\uf0b7\" data-font=\"Symbol\" data-listid=\"1\" data-list-defn-props=\"{&quot;335552541&quot;:1,&quot;335559685&quot;:720,&quot;335559991&quot;:360,&quot;469769226&quot;:&quot;Symbol&quot;,&quot;469769242&quot;:[8226],&quot;469777803&quot;:&quot;left&quot;,&quot;469777804&quot;:&quot;\uf0b7&quot;,&quot;469777815&quot;:&quot;hybridMultilevel&quot;}\" data-aria-posinset=\"2\" data-aria-level=\"1\"><span data-contrast=\"auto\">Pour allier design et fonctionnalit\u00e9 dans votre int\u00e9rieur.<\/span><span data-ccp-props=\"{}\">\u00a0<\/span><\/li>\n<\/ul>\n<ul>\n<li aria-setsize=\"-1\" data-leveltext=\"\uf0b7\" data-font=\"Symbol\" data-listid=\"1\" data-list-defn-props=\"{&quot;335552541&quot;:1,&quot;335559685&quot;:720,&quot;335559991&quot;:360,&quot;469769226&quot;:&quot;Symbol&quot;,&quot;469769242&quot;:[8226],&quot;469777803&quot;:&quot;left&quot;,&quot;469777804&quot;:&quot;\uf0b7&quot;,&quot;469777815&quot;:&quot;hybridMultilevel&quot;}\" data-aria-posinset=\"3\" data-aria-level=\"1\"><span data-contrast=\"auto\">Pour s\u00e9curiser la circulation entre les \u00e9tages.<\/span><span data-ccp-props=\"{}\">\u00a0<\/span><\/li>\n<\/ul>\n<p><span data-contrast=\"auto\">Retrouvez dans ce guide les caract\u00e9ristiques, les avantages et les inconv\u00e9nients des\u202f<\/span><b><span data-contrast=\"auto\">diff\u00e9rents types d\u2019escalier<\/span><\/b><span data-contrast=\"auto\">. Ces informations vous guideront dans vos choix, marche apr\u00e8s marche\u202f!<\/span><span data-ccp-props=\"{}\">\u00a0<\/span><\/p>\n<h2><span class=\"TextRun SCXW34037622 BCX8\" lang=\"FR-FR\" xml:lang=\"FR-FR\" data-contrast=\"auto\"><span class=\"NormalTextRun SCXW34037622 BCX8\">L\u2019escalier droit &amp; quart tournant<\/span><\/span><span class=\"EOP SCXW34037622 BCX8\" data-ccp-props=\"{}\">\u00a0<\/span><\/h2>\n<p><span data-contrast=\"auto\">L\u2019<\/span><a href=\"https:\/\/www.lapeyre.fr\/produits\/piece-vie-escalier\/escalier\/escalier-droit-quart-tournant\"><b><span data-contrast=\"none\">escalier droit &amp; quart tournant<\/span><\/b><\/a><span data-contrast=\"auto\">\u202fcompte parmi les\u202f<\/span><b><span data-contrast=\"auto\">formes d\u2019escalier<\/span><\/b><span data-contrast=\"auto\">\u202fcourants dans les logements. Ils se distinguent par leur praticit\u00e9 et leur s\u00fbret\u00e9.<\/span><span data-ccp-props=\"{}\">\u00a0<\/span><\/p>\n<p><b><span data-contrast=\"auto\">Avantages :<\/span><\/b><span data-ccp-props=\"{}\">\u00a0<\/span><\/p>\n<ul>\n<li aria-setsize=\"-1\" data-leveltext=\"\uf0b7\" data-font=\"Symbol\" data-listid=\"5\" data-list-defn-props=\"{&quot;335552541&quot;:1,&quot;335559685&quot;:1080,&quot;335559991&quot;:360,&quot;469769226&quot;:&quot;Symbol&quot;,&quot;469769242&quot;:[8226],&quot;469777803&quot;:&quot;left&quot;,&quot;469777804&quot;:&quot;\uf0b7&quot;,&quot;469777815&quot;:&quot;hybridMultilevel&quot;}\" data-aria-posinset=\"1\" data-aria-level=\"1\"><span data-contrast=\"auto\">Installation simple et\u00a0entretien facile.<\/span><span data-ccp-props=\"{}\">\u00a0<\/span><\/li>\n<\/ul>\n<ul>\n<li aria-setsize=\"-1\" data-leveltext=\"\uf0b7\" data-font=\"Symbol\" data-listid=\"5\" data-list-defn-props=\"{&quot;335552541&quot;:1,&quot;335559685&quot;:1080,&quot;335559991&quot;:360,&quot;469769226&quot;:&quot;Symbol&quot;,&quot;469769242&quot;:[8226],&quot;469777803&quot;:&quot;left&quot;,&quot;469777804&quot;:&quot;\uf0b7&quot;,&quot;469777815&quot;:&quot;hybridMultilevel&quot;}\" data-aria-posinset=\"2\" data-aria-level=\"1\"><span data-contrast=\"auto\">S\u00fbr et stable, id\u00e9al pour les familles.<\/span><span data-ccp-props=\"{}\">\u00a0<\/span><\/li>\n<\/ul>\n<ul>\n<li aria-setsize=\"-1\" data-leveltext=\"\uf0b7\" data-font=\"Symbol\" data-listid=\"5\" data-list-defn-props=\"{&quot;335552541&quot;:1,&quot;335559685&quot;:1080,&quot;335559991&quot;:360,&quot;469769226&quot;:&quot;Symbol&quot;,&quot;469769242&quot;:[8226],&quot;469777803&quot;:&quot;left&quot;,&quot;469777804&quot;:&quot;\uf0b7&quot;,&quot;469777815&quot;:&quot;hybridMultilevel&quot;}\" data-aria-posinset=\"3\" data-aria-level=\"1\"><span data-contrast=\"auto\">Possibilit\u00e9 d\u2019ajouter des rangements\u00a0sous les marches.<\/span><span data-ccp-props=\"{}\">\u00a0<\/span><\/li>\n<\/ul>\n<p><b><span data-contrast=\"auto\">Inconv\u00e9nients :<\/span><\/b><span data-ccp-props=\"{}\">\u00a0<\/span><\/p>\n<ul>\n<li aria-setsize=\"-1\" data-leveltext=\"\uf0b7\" data-font=\"Symbol\" data-listid=\"5\" data-list-defn-props=\"{&quot;335552541&quot;:1,&quot;335559685&quot;:1080,&quot;335559991&quot;:360,&quot;469769226&quot;:&quot;Symbol&quot;,&quot;469769242&quot;:[8226],&quot;469777803&quot;:&quot;left&quot;,&quot;469777804&quot;:&quot;\uf0b7&quot;,&quot;469777815&quot;:&quot;hybridMultilevel&quot;}\" data-aria-posinset=\"4\" data-aria-level=\"1\"><span data-contrast=\"auto\">Peu adapt\u00e9 aux petits espaces.<\/span><span data-ccp-props=\"{}\">\u00a0<\/span><\/li>\n<\/ul>\n<ul>\n<li aria-setsize=\"-1\" data-leveltext=\"\uf0b7\" data-font=\"Symbol\" data-listid=\"5\" data-list-defn-props=\"{&quot;335552541&quot;:1,&quot;335559685&quot;:1080,&quot;335559991&quot;:360,&quot;469769226&quot;:&quot;Symbol&quot;,&quot;469769242&quot;:[8226],&quot;469777803&quot;:&quot;left&quot;,&quot;469777804&quot;:&quot;\uf0b7&quot;,&quot;469777815&quot;:&quot;hybridMultilevel&quot;}\" data-aria-posinset=\"5\" data-aria-level=\"1\"><span data-contrast=\"auto\">N\u00e9cessite une\u00a0longueur de mur importante.<\/span><span data-ccp-props=\"{}\">\u00a0<\/span><\/li>\n<\/ul>\n<p><img loading=\"lazy\" decoding=\"async\" class=\"aligncenter wp-image-3729 size-large\" src=\"https:\/\/www.lapeyre.fr\/wp-content\/uploads\/2023\/04\/quart-tournant-escalier-724x1024.jpg\" alt=\"escalier quart tournant en bois\" width=\"724\" height=\"1024\" srcset=\"https:\/\/www.lapeyre.fr\/wp-content\/uploads\/2023\/04\/quart-tournant-escalier-724x1024.jpg 724w, https:\/\/www.lapeyre.fr\/wp-content\/uploads\/2023\/04\/quart-tournant-escalier-212x300.jpg 212w, https:\/\/www.lapeyre.fr\/wp-content\/uploads\/2023\/04\/quart-tournant-escalier-768x1086.jpg 768w, https:\/\/www.lapeyre.fr\/wp-content\/uploads\/2023\/04\/quart-tournant-escalier.jpg 992w\" sizes=\"auto, (max-width: 724px) 100vw, 724px\" \/><\/p>\n<h2><span class=\"TextRun SCXW24396140 BCX8\" lang=\"FR-FR\" xml:lang=\"FR-FR\" data-contrast=\"auto\"><span class=\"NormalTextRun SCXW24396140 BCX8\">L\u2019escalier deux quarts tournant<\/span><\/span><span class=\"EOP SCXW24396140 BCX8\" data-ccp-props=\"{}\">\u00a0<\/span><\/h2>\n<p><span data-contrast=\"auto\">Ce\u202f<\/span><b><span data-contrast=\"auto\">type d\u2019escalier<\/span><\/b><span data-contrast=\"auto\">\u202fconstitue une alternative entre l\u2019<\/span><b><span data-contrast=\"auto\">escalier droit &amp; quart tournant<\/span><\/b><span data-contrast=\"auto\">\u202fet l\u2019<\/span><b><span data-contrast=\"auto\">escalier en colima\u00e7on<\/span><\/b><span data-contrast=\"auto\">. L\u2019escalier 2\/4 tournant fait partie des\u202f<\/span><b><span data-contrast=\"auto\">diff\u00e9rents types d\u2019escaliers<\/span><\/b><span data-contrast=\"auto\">\u202fappropri\u00e9s aux\u202f<\/span><b><span data-contrast=\"auto\">petits espaces<\/span><\/b><span data-contrast=\"auto\">.\u00a0Cet escalier\u202foccupe, par ailleurs, davantage d\u2019espace qu\u2019un\u202f<\/span><b><span data-contrast=\"auto\">escalier en colima\u00e7on<\/span><\/b><span data-contrast=\"auto\">, mais offre plus de s\u00fbret\u00e9 et de commodit\u00e9.\u202f<\/span><span data-ccp-props=\"{}\">\u00a0<\/span><\/p>\n<p><span data-contrast=\"auto\">Cependant, la conception complexe et la pose de\u00a0ce type<\/span><b><span data-contrast=\"auto\">\u00a0d\u2019escalier<\/span><\/b><span data-contrast=\"auto\">\u202fn\u00e9cessite une parfaite ma\u00eetrise technique. Vous devez donc faire appel \u00e0 un expert pour plus de conseils et d\u2019accompagnement dans le projet et la pose.<\/span><span data-ccp-props=\"{}\">\u00a0<\/span><\/p>\n<p><img loading=\"lazy\" decoding=\"async\" class=\"aligncenter wp-image-3730 size-large\" src=\"https:\/\/www.lapeyre.fr\/wp-content\/uploads\/2023\/04\/double-quart-tournant-escalier-601x1024.jpg\" alt=\"escalier double quart tournant en bois\" width=\"601\" height=\"1024\" srcset=\"https:\/\/www.lapeyre.fr\/wp-content\/uploads\/2023\/04\/double-quart-tournant-escalier-601x1024.jpg 601w, https:\/\/www.lapeyre.fr\/wp-content\/uploads\/2023\/04\/double-quart-tournant-escalier-176x300.jpg 176w, https:\/\/www.lapeyre.fr\/wp-content\/uploads\/2023\/04\/double-quart-tournant-escalier.jpg 739w\" sizes=\"auto, (max-width: 601px) 100vw, 601px\" \/><\/p>\n<h2><span class=\"TextRun SCXW161615476 BCX8\" lang=\"FR-FR\" xml:lang=\"FR-FR\" data-contrast=\"auto\"><span class=\"NormalTextRun SCXW161615476 BCX8\">L\u2019escalier en colima\u00e7on<\/span><\/span><span class=\"EOP SCXW161615476 BCX8\" data-ccp-props=\"{}\">\u00a0<\/span><\/h2>\n<p><span data-contrast=\"auto\">Parmi les\u202f<\/span><b><span data-contrast=\"auto\">diff\u00e9rents types d\u2019escalier<\/span><\/b><span data-contrast=\"auto\">\u202faux formes complexes, l\u2019<\/span><a href=\"https:\/\/www.lapeyre.fr\/produits\/piece-vie-escalier\/escalier\/escalier-en-colimacon-helicoidaux\"><b><span data-contrast=\"none\">escalier en colima\u00e7on<\/span><\/b><\/a><span data-contrast=\"auto\">\u202fest reconnaissable par sa forme tournante, h\u00e9lico\u00efdale. Les marches de l\u2019<\/span><b><span data-contrast=\"auto\">escalier en colima\u00e7on<\/span><\/b><span data-contrast=\"auto\">\u202fsont ax\u00e9es sur un support vertical, central. L\u2019<\/span><b><span data-contrast=\"auto\">escalier en colima\u00e7on<\/span><\/b><span data-contrast=\"auto\">\u202fest adapt\u00e9 pour les\u202f<\/span><b><span data-contrast=\"auto\">petits espaces<\/span><\/b><span data-contrast=\"auto\">. Ces\u202f<\/span><b><span data-contrast=\"auto\">diff\u00e9rents types d\u2019escalier<\/span><\/b><span data-contrast=\"auto\">\u202foptimisent au mieux les\u202f<\/span><b><span data-contrast=\"auto\">petits espaces<\/span><\/b><span data-contrast=\"auto\">\u202ftout en offrant une grande commodit\u00e9.\u202f<\/span><span data-ccp-props=\"{}\">\u00a0<\/span><\/p>\n<p><span data-contrast=\"auto\">Cependant, avec ses petites dimensions, l\u2019<\/span><b><span data-contrast=\"auto\">escalier en colima\u00e7on<\/span><\/b><span data-contrast=\"auto\">\u202fpour\u202f<\/span><b><span data-contrast=\"auto\">petits espaces<\/span><\/b><span data-contrast=\"auto\">\u202flimite l\u2019amplitude des mouvements. Vous ne pouvez pas d\u00e9placer de grands mobiliers dans ces\u202f<\/span><b><span data-contrast=\"auto\">types d\u2019escaliers<\/span><\/b><span data-contrast=\"auto\">. Par ailleurs, les marches tournantes de ces\u202f<\/span><b><span data-contrast=\"auto\">diff\u00e9rents types d\u2019escaliers<\/span><\/b><span data-contrast=\"auto\">\u202fexigent des dispositions particuli\u00e8res autant pour monter que pour descendre. L\u2019<\/span><b><span data-contrast=\"auto\">escalier en colima\u00e7on<\/span><\/b><span data-contrast=\"auto\">\u202fn\u2019est pas conseill\u00e9 dans les logements occup\u00e9s par des jeunes enfants, des seniors ou des personnes \u00e0 mobilit\u00e9 r\u00e9duite.\u202f<\/span><span data-ccp-props=\"{}\">\u00a0<\/span><\/p>\n<p>&nbsp;<\/p>\n<p><img loading=\"lazy\" decoding=\"async\" class=\"wp-image-4791 aligncenter\" src=\"https:\/\/www.lapeyre.fr\/wp-content\/uploads\/2023\/04\/escalier-colimacon.jpg\" alt=\"Escalier colima\u00e7on\" width=\"475\" height=\"812\" srcset=\"https:\/\/www.lapeyre.fr\/wp-content\/uploads\/2023\/04\/escalier-colimacon.jpg 468w, https:\/\/www.lapeyre.fr\/wp-content\/uploads\/2023\/04\/escalier-colimacon-176x300.jpg 176w\" sizes=\"auto, (max-width: 475px) 100vw, 475px\" \/><\/p>\n<h2><span class=\"TextRun SCXW112781807 BCX8\" lang=\"FR-FR\" xml:lang=\"FR-FR\" data-contrast=\"auto\"><span class=\"NormalTextRun SCXW112781807 BCX8\">L\u2019\u00e9chelle meunier<\/span><\/span><span class=\"EOP SCXW112781807 BCX8\" data-ccp-props=\"{}\">\u00a0<\/span><\/h2>\n<p><span data-contrast=\"auto\">L\u2019<\/span><a href=\"https:\/\/www.lapeyre.fr\/produits\/piece-vie-escalier\/escalier\/escalier-gain-place\"><b><span data-contrast=\"none\">\u00e9chelle meunier<\/span><\/b><\/a><span data-contrast=\"auto\">\u202fest faite en bois, en aluminium ou en acier. L\u2019\u00e9chelle<\/span><b><span data-contrast=\"auto\">\u202fmeunier<\/span><\/b><span data-contrast=\"auto\">\u202fest con\u00e7ue avec une pente raide. Une\u202f<\/span><b><span data-contrast=\"auto\">\u00e9chelle meunier<\/span><\/b><span data-contrast=\"auto\">\u202ffabriqu\u00e9e dans les normes poss\u00e8de une forte inclinaison. Ces\u202f<\/span><b><span data-contrast=\"auto\">types d\u2019escalier<\/span><\/b><span data-contrast=\"auto\">\u202fsont appropri\u00e9s pour les\u202f<\/span><b><span data-contrast=\"auto\">petits espaces<\/span><\/b><span data-contrast=\"auto\">.\u202f<\/span><span data-ccp-props=\"{}\">\u00a0<\/span><\/p>\n<p><span data-contrast=\"auto\">L\u2019<\/span><b><span data-contrast=\"auto\">\u00e9chelle meunier<\/span><\/b><span data-contrast=\"auto\">\u202foffre notamment un acc\u00e8s ais\u00e9 \u00e0 une mezzanine. Ce type d\u2019am\u00e9nagement est propre aux\u202f<\/span><b><span data-contrast=\"auto\">petits espaces<\/span><\/b><span data-contrast=\"auto\">\u202fayant une petite surface au sol et une hauteur importante. L\u2019installation de l\u2019<\/span><b><span data-contrast=\"auto\">\u00e9chelle meunier<\/span><\/b><span data-contrast=\"auto\">\u202fest simple. Optez pour une\u202f<\/span><b><span data-contrast=\"auto\">\u00e9chelle meunier<\/span><\/b><span data-contrast=\"auto\">\u202ffixe si vous disposez d\u2019un petit espace pour la structure. Autrement, il existe des\u202f<\/span><b><span data-contrast=\"auto\">types d\u2019escalier<\/span><\/b><span data-contrast=\"auto\">\u202f<\/span><b><span data-contrast=\"auto\">\u00e9chelle meunier<\/span><\/b><span data-contrast=\"auto\">\u202frabattable. Ce mod\u00e8le d\u2019\u00e9chelle<\/span><b><span data-contrast=\"auto\">\u202fmeunier<\/span><\/b><span data-contrast=\"auto\">\u202fs\u2019\u00e9tend et se r\u00e9tracte au gr\u00e9 des besoins des occupants du logement. Ces\u202f<\/span><b><span data-contrast=\"auto\">formes d\u2019escalier<\/span><\/b><span data-contrast=\"auto\">\u202fsont conseill\u00e9es pour les tr\u00e8s\u202f<\/span><b><span data-contrast=\"auto\">petits espaces<\/span><\/b><span data-contrast=\"auto\">.<\/span><span data-ccp-props=\"{}\">\u00a0<\/span><\/p>\n<p><span data-contrast=\"auto\">La pente tr\u00e8s raide de l\u2019\u00e9chelle<\/span><b><span data-contrast=\"auto\">\u202fmeunier<\/span><\/b><span data-contrast=\"auto\">\u202fconstitue un danger pour les enfants en bas \u00e2ge et les personnes \u00e2g\u00e9es ou \u00e0 mobilit\u00e9 r\u00e9duite.\u202f<\/span><span data-ccp-props=\"{}\">\u00a0<\/span><\/p>\n<p><img loading=\"lazy\" decoding=\"async\" class=\"aligncenter wp-image-3727 size-large\" src=\"https:\/\/www.lapeyre.fr\/wp-content\/uploads\/2023\/04\/gain-de-place-escalier-595x1024.jpg\" alt=\"installer une echelle de meunier\" width=\"595\" height=\"1024\" srcset=\"https:\/\/www.lapeyre.fr\/wp-content\/uploads\/2023\/04\/gain-de-place-escalier-595x1024.jpg 595w, https:\/\/www.lapeyre.fr\/wp-content\/uploads\/2023\/04\/gain-de-place-escalier-174x300.jpg 174w, https:\/\/www.lapeyre.fr\/wp-content\/uploads\/2023\/04\/gain-de-place-escalier-768x1323.jpg 768w, https:\/\/www.lapeyre.fr\/wp-content\/uploads\/2023\/04\/gain-de-place-escalier.jpg 871w\" sizes=\"auto, (max-width: 595px) 100vw, 595px\" \/><\/p>\n<p>&nbsp;<\/p>\n<h2><span class=\"NormalTextRun SCXW90773459 BCX8\">Bien choisir son type d\u2019escalier<\/span><\/h2>\n<p><span data-contrast=\"auto\">Le choix entre les diff\u00e9rents\u202f<\/span><b><span data-contrast=\"auto\">types d\u2019escalier<\/span><\/b><span data-contrast=\"auto\">\u202fet les\u202f<\/span><b><span data-contrast=\"auto\">formes d\u2019escalier<\/span><\/b><span data-contrast=\"auto\">\u202fd\u00e9pend de la surface disponible. Le profil des occupants et leur mode de vie doivent aussi \u00eatre consid\u00e9r\u00e9s pour trouver les\u202f<\/span><b><span data-contrast=\"auto\">formes d\u2019escalier<\/span><\/b><span data-contrast=\"auto\">\u202fadapt\u00e9es parmi les\u202f<\/span><b><span data-contrast=\"auto\">types d\u2019escalier<\/span><\/b><span data-contrast=\"auto\">\u202fdisponibles.<\/span><span data-ccp-props=\"{}\">\u00a0<\/span><\/p>\n<figure class=\"wp-block-table\" style=\"max-width: 70rem; margin-left: auto; margin-right: auto;\">\n<table data-tablestyle=\"MsoTableGrid\" data-tablelook=\"1184\" aria-rowcount=\"5\">\n<tbody>\n<tr aria-rowindex=\"1\">\n<td data-celllook=\"0\"><b><span data-contrast=\"auto\">Type d\u2019escalier<\/span><\/b><span data-ccp-props=\"{&quot;335551550&quot;:2,&quot;335551620&quot;:2}\">\u00a0<\/span><\/td>\n<td data-celllook=\"0\"><b><span data-contrast=\"auto\">Gain de place<\/span><\/b><span data-ccp-props=\"{&quot;335551550&quot;:2,&quot;335551620&quot;:2}\">\u00a0<\/span><\/td>\n<td data-celllook=\"0\"><b><span data-contrast=\"auto\">Esth\u00e9tique<\/span><\/b><span data-ccp-props=\"{&quot;335551550&quot;:2,&quot;335551620&quot;:2}\">\u00a0<\/span><\/td>\n<td data-celllook=\"0\"><b><span data-contrast=\"auto\">Confort d\u2019utilisation<\/span><\/b><span data-ccp-props=\"{&quot;335551550&quot;:2,&quot;335551620&quot;:2}\">\u00a0<\/span><\/td>\n<td data-celllook=\"0\"><b><span data-contrast=\"auto\">Installation simple<\/span><\/b><span data-ccp-props=\"{&quot;335551550&quot;:2,&quot;335551620&quot;:2}\">\u00a0<\/span><\/td>\n<td data-celllook=\"0\"><b><span data-contrast=\"auto\">Adapt\u00e9 aux petits espaces<\/span><\/b><span data-ccp-props=\"{&quot;335551550&quot;:2,&quot;335551620&quot;:2}\">\u00a0<\/span><\/td>\n<\/tr>\n<tr aria-rowindex=\"2\">\n<td data-celllook=\"0\"><b><span data-contrast=\"auto\">Droit et quart tournant<\/span><\/b><span data-ccp-props=\"{&quot;335551550&quot;:2,&quot;335551620&quot;:2}\">\u00a0<\/span><\/td>\n<td data-celllook=\"0\"><span data-contrast=\"auto\">x<\/span><span data-ccp-props=\"{&quot;335551550&quot;:2,&quot;335551620&quot;:2}\">\u00a0<\/span><\/td>\n<td data-celllook=\"0\"><span data-contrast=\"auto\">x<\/span><span data-ccp-props=\"{&quot;335551550&quot;:2,&quot;335551620&quot;:2}\">\u00a0<\/span><\/td>\n<td data-celllook=\"0\"><span data-contrast=\"auto\">x<\/span><span data-ccp-props=\"{&quot;335551550&quot;:2,&quot;335551620&quot;:2}\">\u00a0<\/span><\/td>\n<td data-celllook=\"0\"><span data-contrast=\"auto\">x<\/span><span data-ccp-props=\"{&quot;335551550&quot;:2,&quot;335551620&quot;:2}\">\u00a0<\/span><\/td>\n<td data-celllook=\"0\"><span data-ccp-props=\"{&quot;335551550&quot;:2,&quot;335551620&quot;:2}\">\u00a0<\/span><\/td>\n<\/tr>\n<tr aria-rowindex=\"3\">\n<td data-celllook=\"0\"><b><span data-contrast=\"auto\">Deux quarts tournant<\/span><\/b><span data-ccp-props=\"{&quot;335551550&quot;:2,&quot;335551620&quot;:2}\">\u00a0<\/span><\/td>\n<td data-celllook=\"0\"><span data-contrast=\"auto\">x<\/span><span data-ccp-props=\"{&quot;335551550&quot;:2,&quot;335551620&quot;:2}\">\u00a0<\/span><\/td>\n<td data-celllook=\"0\"><span data-contrast=\"auto\">x<\/span><span data-ccp-props=\"{&quot;335551550&quot;:2,&quot;335551620&quot;:2}\">\u00a0<\/span><\/td>\n<td data-celllook=\"0\"><span data-contrast=\"auto\">x<\/span><span data-ccp-props=\"{&quot;335551550&quot;:2,&quot;335551620&quot;:2}\">\u00a0<\/span><\/td>\n<td data-celllook=\"0\"><span data-ccp-props=\"{&quot;335551550&quot;:2,&quot;335551620&quot;:2}\">\u00a0<\/span><\/td>\n<td data-celllook=\"0\"><span data-contrast=\"auto\">x<\/span><span data-ccp-props=\"{&quot;335551550&quot;:2,&quot;335551620&quot;:2}\">\u00a0<\/span><\/td>\n<\/tr>\n<tr aria-rowindex=\"4\">\n<td data-celllook=\"0\"><b><span data-contrast=\"auto\">Colima\u00e7on<\/span><\/b><span data-ccp-props=\"{&quot;335551550&quot;:2,&quot;335551620&quot;:2}\">\u00a0<\/span><\/td>\n<td data-celllook=\"0\"><span data-contrast=\"auto\">x<\/span><span data-ccp-props=\"{&quot;335551550&quot;:2,&quot;335551620&quot;:2}\">\u00a0<\/span><\/td>\n<td data-celllook=\"0\"><span data-contrast=\"auto\">x<\/span><span data-ccp-props=\"{&quot;335551550&quot;:2,&quot;335551620&quot;:2}\">\u00a0<\/span><\/td>\n<td data-celllook=\"0\"><span data-contrast=\"auto\">x<\/span><span data-ccp-props=\"{&quot;335551550&quot;:2,&quot;335551620&quot;:2}\">\u00a0<\/span><\/td>\n<td data-celllook=\"0\"><span data-ccp-props=\"{&quot;335551550&quot;:2,&quot;335551620&quot;:2}\">\u00a0<\/span><\/td>\n<td data-celllook=\"0\"><span data-contrast=\"auto\">x<\/span><span data-ccp-props=\"{&quot;335551550&quot;:2,&quot;335551620&quot;:2}\">\u00a0<\/span><\/td>\n<\/tr>\n<tr aria-rowindex=\"5\">\n<td data-celllook=\"0\"><b><span data-contrast=\"auto\">Echelle meunier<\/span><\/b><span data-ccp-props=\"{&quot;335551550&quot;:2,&quot;335551620&quot;:2}\">\u00a0<\/span><\/td>\n<td data-celllook=\"0\"><span data-contrast=\"auto\">x<\/span><span data-ccp-props=\"{&quot;335551550&quot;:2,&quot;335551620&quot;:2}\">\u00a0<\/span><\/td>\n<td data-celllook=\"0\"><span data-contrast=\"auto\">x<\/span><span data-ccp-props=\"{&quot;335551550&quot;:2,&quot;335551620&quot;:2}\">\u00a0<\/span><\/td>\n<td data-celllook=\"0\"><span data-ccp-props=\"{&quot;335551550&quot;:2,&quot;335551620&quot;:2}\">\u00a0<\/span><\/td>\n<td data-celllook=\"0\"><span data-contrast=\"auto\">x<\/span><span data-ccp-props=\"{&quot;335551550&quot;:2,&quot;335551620&quot;:2}\">\u00a0<\/span><\/td>\n<td data-celllook=\"0\"><span data-contrast=\"auto\">x<\/span><span data-ccp-props=\"{&quot;335551550&quot;:2,&quot;335551620&quot;:2}\">\u00a0<\/span><\/td>\n<\/tr>\n<\/tbody>\n<\/table>\n<\/figure>\n<p><b><span data-contrast=\"auto\">A noter<\/span><\/b><span data-contrast=\"auto\">\u202f: la tr\u00e9mie diff\u00e8re selon le type d\u2019escalier que vous choisirez. Chaque forme n\u00e9cessite un encombrement sp\u00e9cifique. Apprenez en plus sur les\u00a0<\/span><a href=\"https:\/\/www.lapeyre.fr\/c\/magazine\/creer-tremie-escalier\/\"><span data-contrast=\"none\">tr\u00e9mies d\u2019escalier<\/span><\/a><span data-contrast=\"auto\">\u202f!<\/span><span data-ccp-props=\"{}\">\u00a0<\/span><\/p>\n<figure class=\"wp-block-table\" style=\"max-width: 70rem; margin-left: auto; margin-right: auto;\"><span data-contrast=\"auto\">Lapeyre vous propose de nombreux types d\u2019escaliers\u00a0design.\u00a0Qu\u2019ils soient fabriqu\u00e9s avec du bois, de l\u2019acier ou les deux, votre escalier est l\u2019une des pi\u00e8ces ma\u00eetresses de votre maison. Choisissez-le avec soin\u202f!<\/span><span data-ccp-props=\"{}\">\u00a0<\/span><span data-contrast=\"auto\">Si vous r\u00e9novez plusieurs pi\u00e8ces de votre maison, d\u00e9couvrez aussi comment\u00a0<\/span><a href=\"https:\/\/www.lapeyre.fr\/c\/magazine\/pose-douche-italienne\/\"><span data-contrast=\"none\">installer une douche \u00e0 l\u2019italienne<\/span><\/a><span data-contrast=\"auto\">\u00a0pour moderniser votre salle de bains.<\/span><span data-ccp-props=\"{&quot;335551550&quot;:6,&quot;335551620&quot;:6}\">\u00a0<\/span><span data-contrast=\"auto\">Pour aller plus loin dans votre projet\u00a0installation d\u2019escalier, pensez \u00e0 prendre\u202frendez-vous\u202favec un conseiller Lapeyre, \u00e0 domicile ou en magasin. Nos experts sont l\u00e0 pour vous accompagner et concr\u00e9tiser vos envies, simplement et sereinement !<\/span><span data-ccp-props=\"{&quot;335551550&quot;:6,&quot;335551620&quot;:6}\">\u00a0<\/span><\/p>\n<p style=\"text-align: center;\"><a id=\"btn-rdv-magazine\" class=\"bouton bleu\" href=\"https:\/\/www.lapeyre.fr\/prise-de-rdv\">Prendre RDV<\/a><\/p>\n<\/figure>\n","protected":false},"excerpt":{"rendered":"<p>L\u2019escalier permet d\u2019exploiter l\u2019espace en hauteur. L\u2019\u00e9l\u00e9ment se d\u00e9cline dans des conceptions vari\u00e9es pour s\u2019adapter aux logements&#8230;<\/p>\n","protected":false},"author":1016,"featured_media":4791,"comment_status":"open","ping_status":"open","sticky":false,"template":"","format":"standard","meta":{"_acf_changed":false,"footnotes":""},"categories":[962,959],"tags":[926,984],"class_list":{"2":"type-post","6":"hentry"},"acf":[],"_links":{"self":[{"href":"https:\/\/www.lapeyre.fr\/c\/magazine\/wp-json\/wp\/v2\/posts\/3726","targetHints":{"allow":["GET"]}}],"collection":[{"href":"https:\/\/www.lapeyre.fr\/c\/magazine\/wp-json\/wp\/v2\/posts"}],"about":[{"href":"https:\/\/www.lapeyre.fr\/c\/magazine\/wp-json\/wp\/v2\/types\/post"}],"author":[{"embeddable":true,"href":"https:\/\/www.lapeyre.fr\/c\/magazine\/wp-json\/wp\/v2\/users\/1016"}],"replies":[{"embeddable":true,"href":"https:\/\/www.lapeyre.fr\/c\/magazine\/wp-json\/wp\/v2\/comments?post=3726"}],"version-history":[{"count":0,"href":"https:\/\/www.lapeyre.fr\/c\/magazine\/wp-json\/wp\/v2\/posts\/3726\/revisions"}],"wp:featuredmedia":[{"embeddable":true,"href":"https:\/\/www.lapeyre.fr\/c\/magazine\/wp-json\/wp\/v2\/media\/4791"}],"wp:attachment":[{"href":"https:\/\/www.lapeyre.fr\/c\/magazine\/wp-json\/wp\/v2\/media?parent=3726"}],"wp:term":[{"taxonomy":"category","embeddable":true,"href":"https:\/\/www.lapeyre.fr\/c\/magazine\/wp-json\/wp\/v2\/categories?post=3726"},{"taxonomy":"post_tag","embeddable":true,"href":"https:\/\/www.lapeyre.fr\/c\/magazine\/wp-json\/wp\/v2\/tags?post=3726"}],"curies":[{"name":"wp","href":"https:\/\/api.w.org\/{rel}","templated":true}]}}