{"id":3784,"date":"2023-12-06T15:40:14","date_gmt":"2023-12-06T14:40:14","guid":{"rendered":"https:\/\/www.lapeyre.fr\/c\/magazine\/?p=3784"},"modified":"2025-02-03T12:14:08","modified_gmt":"2025-02-03T11:14:08","slug":"profondeur-de-cuisine-les-dimensions-de-meubles-a-connaitre","status":"publish","type":"post","link":"https:\/\/www.lapeyre.fr\/c\/magazine\/profondeur-de-cuisine-les-dimensions-de-meubles-a-connaitre\/","title":{"rendered":"Profondeur de cuisine : les dimensions de meubles \u00e0 conna\u00eetre"},"content":{"rendered":"<p><span style=\"font-weight: 400;\">La conception d&rsquo;une cuisine requiert une attention particuli\u00e8re aux d\u00e9tails. Vous vous demandez s\u00fbrement <\/span><b>quelles sont les dimensions standards \u00e0 conna\u00eetre pour les meubles de cuisine<\/b><span style=\"font-weight: 400;\"> ? D\u00e9couvrez d\u00e8s maintenant comment optimiser l&rsquo;espace et le design de votre cuisine en ma\u00eetrisant la profondeur des \u00e9l\u00e9ments essentiels.\u00a0<\/span><\/p>\n<p><img loading=\"lazy\" decoding=\"async\" class=\"alignnone wp-image-3787 size-large\" src=\"https:\/\/magazine.lapeyre.fr\/wp-content\/uploads\/2023\/12\/visualPreview-2-1024x768.jpg\" alt=\"Profondeur de cuisine : les dimensions des meubles essentielles \u00e0 ma\u00eetriser \" width=\"1024\" height=\"768\" srcset=\"https:\/\/www.lapeyre.fr\/wp-content\/uploads\/2023\/12\/visualPreview-2-1024x768.jpg 1024w, https:\/\/www.lapeyre.fr\/wp-content\/uploads\/2023\/12\/visualPreview-2-300x225.jpg 300w, https:\/\/www.lapeyre.fr\/wp-content\/uploads\/2023\/12\/visualPreview-2-768x576.jpg 768w, https:\/\/www.lapeyre.fr\/wp-content\/uploads\/2023\/12\/visualPreview-2-1536x1152.jpg 1536w, https:\/\/www.lapeyre.fr\/wp-content\/uploads\/2023\/12\/visualPreview-2.jpg 2000w\" sizes=\"auto, (max-width: 1024px) 100vw, 1024px\" \/><\/p>\n<h2><span style=\"font-weight: 400;\">Dimensions et profondeur standard du meuble bas de cuisine<\/span><\/h2>\n<p><span style=\"font-weight: 400;\">Un <\/span><a href=\"https:\/\/www.lapeyre.fr\/produits\/cuisine-electromenager\/meuble-cuisine-equipement\/meuble-bas-cuisine\"><span style=\"font-weight: 400;\">meuble bas de cuisine<\/span><\/a><span style=\"font-weight: 400;\"> pr\u00e9sente une <\/span><b>profondeur d&rsquo;environ 60 cm<\/b><span style=\"font-weight: 400;\">. Cette profondeur est id\u00e9ale pour optimiser l&rsquo;espace de la cuisine tout en garantissant confort et ergonomie. Concernant la largeur, elle peut varier, s&rsquo;\u00e9chelonnant souvent entre 20 et 80 cm.<\/span><\/p>\n<p><span style=\"font-weight: 400;\">Les meubles bas Lapeyre poss\u00e8dent une largeur de 40 \u00e0 100 cm. Cette largeur peut \u00eatre adapt\u00e9e selon les besoins sp\u00e9cifiques de chaque cuisine. Pour les mod\u00e8les gain de place, la largeur se situe entre 15 et 35 cm.<\/span><\/p>\n<p><span style=\"font-weight: 400;\">La hauteur, elle, est g\u00e9n\u00e9ralement con\u00e7ue pour convenir aux standards ergonomiques, facilitant ainsi l&rsquo;acc\u00e8s aux rangements et aux plans de travail. <\/span><span style=\"font-weight: 400;\">Lapeyre vient de refaire enti\u00e8rement sa gamme de meubles bas de cuisine pour passer d&rsquo;une hauteur de 70 cm \u00e0 une hauteur 77 cm, plus tendance, et devenue la norme sur le march\u00e9.<\/span><\/p>\n<p><span style=\"font-weight: 400;\">Ces <\/span><b>dimensions standards<\/b><span style=\"font-weight: 400;\"> ont \u00e9t\u00e9 con\u00e7ues pour s&rsquo;harmoniser avec les diff\u00e9rentes morphologies et usages des cuisiniers. En suivant ces dimensions, on s&rsquo;assure non seulement d&rsquo;une esth\u00e9tique agr\u00e9able mais aussi d&rsquo;une fonctionnalit\u00e9 maximale. Il est toutefois possible de personnaliser ces dimensions pour des besoins sp\u00e9cifiques ou pour des cuisines avec des contraintes architecturales particuli\u00e8res.<\/span><\/p>\n<h2><span style=\"font-weight: 400;\">Dimensions et profondeur standard du meuble haut de cuisine<\/span><\/h2>\n<p><span style=\"font-weight: 400;\">Le choix d&rsquo;un <\/span><a href=\"https:\/\/www.lapeyre.fr\/produits\/cuisine-electromenager\/meuble-cuisine-equipement\/meuble-haut-cuisine\"><span style=\"font-weight: 400;\">meuble haut de cuisine<\/span><\/a><span style=\"font-weight: 400;\"> est essentiel pour maximiser votre <\/span><b>espace de rangement<\/b><span style=\"font-weight: 400;\"> tout en pr\u00e9servant l&rsquo;esth\u00e9tique de la pi\u00e8ce. Pour bien choisir votre meuble, identifiez tout d&rsquo;abord, vos besoins en termes de stockage. Pensez \u00e0 la vaisselle, aux \u00e9pices, ou \u00e0 d&rsquo;autres \u00e9l\u00e9ments que vous souhaitez garder \u00e0 port\u00e9e de main. Ensuite, consid\u00e9rez la dimension de votre cuisine. Un meuble trop grand peut surcharger l&rsquo;espace, tandis qu&rsquo;un meuble trop petit risque d&rsquo;\u00eatre insuffisant.\u00a0<\/span><\/p>\n<p><span style=\"font-weight: 400;\">La <\/span><b>profondeur standard d\u2019un meuble haut<\/b><span style=\"font-weight: 400;\"> de cuisine est de <\/span><b>35 cm<\/b><span style=\"font-weight: 400;\">. Il s\u2019agit d\u2019un bon compromis entre capacit\u00e9 de rangement et ergonomie. M\u00eame si cette mesure peut sembler restreinte \u00e0 certains pour le stockage de la vaisselle et d&rsquo;autres articles, elle pr\u00e9vient le risque de chocs \u00e0 la t\u00eate lors de l&rsquo;utilisation du plan de travail. Cette dimension apporte aussi une \u00e9l\u00e9gance, donnant une impression d&rsquo;ouverture et de luminosit\u00e9 \u00e0 la cuisine.\u00a0<\/span><\/p>\n<p><span style=\"font-weight: 400;\">Enfin, pour bien choisir votre meuble haut, le style est tout aussi important. Choisissez un design et une couleur en harmonie avec le reste de votre cuisine. Enfin, assurez-vous de la solidit\u00e9 et de la <\/span><b>qualit\u00e9 de fabrication<\/b><span style=\"font-weight: 400;\"> pour garantir une durabilit\u00e9 \u00e0 long terme.<\/span><\/p>\n<h2><span style=\"font-weight: 400;\">Dimensions id\u00e9ales du plan de travail<\/span><\/h2>\n<p><span style=\"font-weight: 400;\">Un <\/span><a href=\"https:\/\/www.lapeyre.fr\/produits\/cuisine-electromenager\/plan-travail-cuisine\"><span style=\"font-weight: 400;\">plan de travail<\/span><\/a><span style=\"font-weight: 400;\"> fait partie du mobilier indispensable dans une cuisine. Avoir un plan de travail \u00e0 la bonne hauteur est primordial pour garantir un confort optimal lors de la pr\u00e9paration des repas. G\u00e9n\u00e9ralement, la <\/span><b>hauteur standard<\/b><span style=\"font-weight: 400;\"> d\u2019un plan de travail oscille entre <\/span><b>85 et 95 cm<\/b><span style=\"font-weight: 400;\">. Pour une ergonomie parfaite, il est conseill\u00e9 d&rsquo;ajuster cette dimension en fonction de la stature de l&rsquo;utilisateur principal, se situant id\u00e9alement \u00e0 10-15 cm en dessous du niveau des coudes.\u00a0<\/span><\/p>\n<p><span style=\"font-weight: 400;\">Un plan de travail ad\u00e9quatement ajust\u00e9 pr\u00e9vient les maux de dos en \u00e9liminant le besoin de se pencher, tout en \u00e9vitant aussi l&rsquo;inconfort de lever excessivement les bras. Ainsi, pour un espace cuisine parfaitement optimis\u00e9, il est crucial de pr\u00eater une attention m\u00e9ticuleuse aux dimensions de votre plan de travail.<\/span><\/p>\n<p><span style=\"font-weight: 400;\">En somme, ma\u00eetriser les dimensions, notamment la <\/span><b>profondeur des meubles de cuisine<\/b><span style=\"font-weight: 400;\">, est crucial pour un espace \u00e0 la fois fonctionnel et plaisant. Que cela soit pour optimiser le rangement, garantir une utilisation optimale ou embellir votre cuisine, chaque centim\u00e8tre compte. Investir du temps dans la compr\u00e9hension de ces standards vous assurera une cuisine harmonieuse et adapt\u00e9e \u00e0 vos besoins quotidiens. Bonne cuisine !<\/span><\/p>\n<p style=\"text-align: center;\"><a class=\"bouton bleu\" id=\"btn-rdv-magazine\" href=\"https:\/\/www.lapeyre.fr\/prise-de-rdv\">Prendre RDV<\/a><\/p>\n","protected":false},"excerpt":{"rendered":"<p>La conception d&rsquo;une cuisine requiert une attention particuli\u00e8re aux d\u00e9tails. Vous vous demandez s\u00fbrement quelles sont les&#8230;<\/p>\n","protected":false},"author":1021,"featured_media":3787,"comment_status":"open","ping_status":"open","sticky":false,"template":"","format":"standard","meta":{"_acf_changed":false,"footnotes":""},"categories":[966,963],"tags":[5,15],"class_list":{"2":"type-post","6":"hentry"},"acf":[],"_links":{"self":[{"href":"https:\/\/www.lapeyre.fr\/c\/magazine\/wp-json\/wp\/v2\/posts\/3784","targetHints":{"allow":["GET"]}}],"collection":[{"href":"https:\/\/www.lapeyre.fr\/c\/magazine\/wp-json\/wp\/v2\/posts"}],"about":[{"href":"https:\/\/www.lapeyre.fr\/c\/magazine\/wp-json\/wp\/v2\/types\/post"}],"author":[{"embeddable":true,"href":"https:\/\/www.lapeyre.fr\/c\/magazine\/wp-json\/wp\/v2\/users\/1021"}],"replies":[{"embeddable":true,"href":"https:\/\/www.lapeyre.fr\/c\/magazine\/wp-json\/wp\/v2\/comments?post=3784"}],"version-history":[{"count":0,"href":"https:\/\/www.lapeyre.fr\/c\/magazine\/wp-json\/wp\/v2\/posts\/3784\/revisions"}],"wp:featuredmedia":[{"embeddable":true,"href":"https:\/\/www.lapeyre.fr\/c\/magazine\/wp-json\/wp\/v2\/media\/3787"}],"wp:attachment":[{"href":"https:\/\/www.lapeyre.fr\/c\/magazine\/wp-json\/wp\/v2\/media?parent=3784"}],"wp:term":[{"taxonomy":"category","embeddable":true,"href":"https:\/\/www.lapeyre.fr\/c\/magazine\/wp-json\/wp\/v2\/categories?post=3784"},{"taxonomy":"post_tag","embeddable":true,"href":"https:\/\/www.lapeyre.fr\/c\/magazine\/wp-json\/wp\/v2\/tags?post=3784"}],"curies":[{"name":"wp","href":"https:\/\/api.w.org\/{rel}","templated":true}]}}