{"id":379,"date":"2019-10-23T10:21:33","date_gmt":"2019-10-23T08:21:33","guid":{"rendered":"https:\/\/magazine.lapeyre.fr\/?p=379"},"modified":"2026-03-10T08:38:56","modified_gmt":"2026-03-10T07:38:56","slug":"choisir-son-parquet-en-bois","status":"publish","type":"post","link":"https:\/\/www.lapeyre.fr\/c\/magazine\/choisir-son-parquet-en-bois\/","title":{"rendered":"Bien choisir son parquet en bois"},"content":{"rendered":"\r\n<p><strong>S\u00e9duit par son caract\u00e8re authentique et son aspect chaleureux, vous avez opt\u00e9 pour un<a href=\"https:\/\/www.lapeyre.fr\/parquets-CCN0071\">\u00a0parquet\u00a0<\/a>en bois. Il vous reste \u00e0 cr\u00e9er une ambiance en d\u00e9terminant un style et une finition.<\/strong><\/p>\r\n\r\n\r\n\r\n<figure class=\"wp-block-image\"><img loading=\"lazy\" decoding=\"async\" width=\"1024\" height=\"767\" class=\"wp-image-389\" src=\"\/wp-content\/uploads\/2019\/10\/200914751-1024x767.jpg\" alt=\"\" srcset=\"https:\/\/www.lapeyre.fr\/wp-content\/uploads\/2019\/10\/200914751-1024x767.jpg 1024w, https:\/\/www.lapeyre.fr\/wp-content\/uploads\/2019\/10\/200914751-300x225.jpg 300w, https:\/\/www.lapeyre.fr\/wp-content\/uploads\/2019\/10\/200914751-768x576.jpg 768w, https:\/\/www.lapeyre.fr\/wp-content\/uploads\/2019\/10\/200914751.jpg 1281w\" sizes=\"auto, (max-width: 1024px) 100vw, 1024px\" \/><\/figure>\r\n\r\n\r\n\r\n<h2 class=\"wp-block-heading\">BOIS MASSIF, EXOTIQUE OU PARQUET CONTRECOLL\u00c9 ?<\/h2>\r\n\r\n\r\n\r\n<p>\u00c0 chaque style d&rsquo;habitation, son parquet ! Plus prestigieux, le parquet massif &#8211; en bois exotique ou non &#8211; fait preuve d\u2019une robustesse exceptionnelle et allie l\u2019authenticit\u00e9 \u00e0 des qualit\u00e9s d\u2019isolant naturel.<\/p>\r\n\r\n\r\n\r\n<p>Les parquets contrecoll\u00e9s, assez on\u00e9reux, et exigeants en terme d\u2019entretien, sont compos\u00e9s de trois \u00e9paisseurs dont la premi\u00e8re est int\u00e9gralement compos\u00e9e de bois. Ils sont, quant \u00e0 eux, disponibles dans des gammes de prix moindres que celles du luxueux parquet massif. De plus, les parquets contrecoll\u00e9s vous offrent une pose souvent plus facile.<\/p>\r\n\r\n\r\n\r\n<p>C\u00f4t\u00e9 essences, \u00e0 vous de choisir entre l\u2019authenticit\u00e9 du bois massif en ch\u00eane par exemple, ou bien l\u2019exotisme avec le h\u00eatre, du pin ou du jabota. Quant aux mod\u00e8les contrecoll\u00e9s, ils offrent un aspect proche de celui du bois massif.<\/p>\r\n\r\n\r\n\r\n<p>\u00c0 choisir \u00e9galement la largeur des lames. \u00c9troites ou larges ? Telle est la question. Pour des lames XXL, seuls les parquets contrecoll\u00e9s sauront r\u00e9pondre \u00e0 ce souhait. \u00c0 noter que les lames de parquet \u00e9troites, en monofrise ou multifrise, conviennent parfaitement aux petites pi\u00e8ces.<\/p>\r\n\r\n\r\n\r\n<figure class=\"wp-block-image\"><img loading=\"lazy\" decoding=\"async\" width=\"1024\" height=\"768\" class=\"wp-image-390\" src=\"\/wp-content\/uploads\/2019\/10\/201309186-1024x768.jpg\" alt=\"salon inspiration nordique avec parquet en bois fonc\u00e9 et chaises blanches\" srcset=\"https:\/\/www.lapeyre.fr\/wp-content\/uploads\/2019\/10\/201309186-1024x768.jpg 1024w, https:\/\/www.lapeyre.fr\/wp-content\/uploads\/2019\/10\/201309186-300x225.jpg 300w, https:\/\/www.lapeyre.fr\/wp-content\/uploads\/2019\/10\/201309186-768x576.jpg 768w, https:\/\/www.lapeyre.fr\/wp-content\/uploads\/2019\/10\/201309186.jpg 1148w\" sizes=\"auto, (max-width: 1024px) 100vw, 1024px\" \/><\/figure>\r\n\r\n\r\n\r\n<h2 class=\"wp-block-heading\">QUID DE LA FINITION ?<\/h2>\r\n\r\n\r\n\r\n<p>Choisir la structure ou le bois de son parquet massif est une chose, d\u00e9finir sa finition en est une autre. Vous voulez un parquet tr\u00e8s r\u00e9sistant et facile d\u2019entretien ? Optez pour le parquet en bois verni. Il se d\u00e9cline en mat, huil\u00e9, dor\u00e9 ou patin\u00e9. Vous pr\u00e9f\u00e9rez l\u2019esth\u00e9tique du bois brut ? Le parquet bross\u00e9 est la solution parfaite. Et si vous accordez de l\u2019importance aux produits respectueux de l\u2019environnement, orientez-vous vers le parquet huil\u00e9.<\/p>\r\n\r\n\r\n\r\n<p>C\u00f4t\u00e9 entretien, le parquet contrecoll\u00e9 se nettoie facilement avec une serpilli\u00e8re humide et un produit adapt\u00e9. Pour le paquet massif, soyez plus vigilant. S\u2019il n\u2019est pas verni, pensez \u00e0 le huiler r\u00e9guli\u00e8rement. Ainsi, vous le prot\u00e9gerez des traces de passages et taches \u00e9ventuelles. Si cet entretien vous effraie, vous pouvez d\u00e9cider de le vernir, son entretien n\u2019en sera que facilit\u00e9 !<\/p>\r\n\r\n\r\n\r\n<h2 class=\"wp-block-heading\">ZOOM SUR LA POSE<\/h2>\r\n\r\n\r\n\r\n<p>C\u00f4t\u00e9 pose, on compte la technique et l\u2019aspect d\u00e9coratif ! Qu\u2019importe la taille des lames, vous pouvez opter pour une technique de pose particuli\u00e8re et donner de la personnalit\u00e9 \u00e0 votre pi\u00e8ce. Le motif de pose le plus fr\u00e9quemment utilis\u00e9, est la pose \u00e0 l\u2019anglaise : des lames, de m\u00eames largeurs, mais de longueurs diff\u00e9rentes, sont assembl\u00e9es les unes \u00e0 c\u00f4t\u00e9s des autres de mani\u00e8re parall\u00e8le. Petite subtilit\u00e9, la pose du parquet \u00e0 l\u2019anglaise peut se faire \u00e0 joints perdus (al\u00e9atoires) ou en coupe de pierre (joints align\u00e9s au m\u00eame niveau). \u00c0 l\u2019inverse, la pose \u00e0 la fran\u00e7aise se concentre sur des lames de longueurs et de largeurs diff\u00e9rentes.<\/p>\r\n\r\n\r\n\r\n<p>Plus original, le parquet avec une pose en \u00e9chelle (lames larges mais courtes entrecoup\u00e9es par des lames fines pos\u00e9es de mani\u00e8re perpendiculaires), en point de Hongrie, aussi appel\u00e9 parquet \u00e0 chevrons ou un parquet avec une pose \u00e0 b\u00e2tons rompus, donneront du cachet \u00e0 votre maison. Plus classique, le parquet avec une pose Versailles ou Chantilly s\u2019inspire du style ch\u00e2telain.<\/p>\r\n\r\n\r\n\r\n<p>Enfin, sachez que vous pouvez opter pour une pose clou\u00e9e : la plus traditionnelle et la plus adapt\u00e9e pour le parquet en bois massif. Sachez toutefois, qu\u2019elle peut \u00eatre adapt\u00e9e pour les parquets contrecoll\u00e9s. Seul b\u00e9mol, ce type de pose ne convient pas pour les int\u00e9rieurs \u00e9quip\u00e9s d\u2019un chauffage au sol. Autre solution, la pose coll\u00e9e. C\u2019est celle la plus couramment utilis\u00e9e aujourd\u2019hui pour les parquets massifs et contrecoll\u00e9s. Enfin, si vous avez opt\u00e9 pour un mod\u00e8le de parquet stratifi\u00e9, dirigez-vous vers une pose flottante. Facile \u00e0 mettre en \u0153uvre, elle est \u00e9galement adapt\u00e9e aux parquets contrecoll\u00e9s.<\/p>\r\n\r\n<p style=\"text-align: center;\"><a id=\"btn-rdv-magazine\" class=\"bouton bleu\" href=\"https:\/\/www.lapeyre.fr\/prise-de-rdv\">Prendre RDV<\/a><\/p>","protected":false},"excerpt":{"rendered":"<p>S\u00e9duit par son caract\u00e8re authentique et son aspect chaleureux, vous avez opt\u00e9 pour un\u00a0parquet\u00a0en bois. Il vous&#8230;<\/p>\n","protected":false},"author":1002,"featured_media":0,"comment_status":"open","ping_status":"open","sticky":false,"template":"","format":"standard","meta":{"_acf_changed":false,"footnotes":""},"categories":[978,975],"tags":[18],"class_list":{"2":"type-post","5":"hentry"},"acf":[],"_links":{"self":[{"href":"https:\/\/www.lapeyre.fr\/c\/magazine\/wp-json\/wp\/v2\/posts\/379","targetHints":{"allow":["GET"]}}],"collection":[{"href":"https:\/\/www.lapeyre.fr\/c\/magazine\/wp-json\/wp\/v2\/posts"}],"about":[{"href":"https:\/\/www.lapeyre.fr\/c\/magazine\/wp-json\/wp\/v2\/types\/post"}],"author":[{"embeddable":true,"href":"https:\/\/www.lapeyre.fr\/c\/magazine\/wp-json\/wp\/v2\/users\/1002"}],"replies":[{"embeddable":true,"href":"https:\/\/www.lapeyre.fr\/c\/magazine\/wp-json\/wp\/v2\/comments?post=379"}],"version-history":[{"count":0,"href":"https:\/\/www.lapeyre.fr\/c\/magazine\/wp-json\/wp\/v2\/posts\/379\/revisions"}],"wp:attachment":[{"href":"https:\/\/www.lapeyre.fr\/c\/magazine\/wp-json\/wp\/v2\/media?parent=379"}],"wp:term":[{"taxonomy":"category","embeddable":true,"href":"https:\/\/www.lapeyre.fr\/c\/magazine\/wp-json\/wp\/v2\/categories?post=379"},{"taxonomy":"post_tag","embeddable":true,"href":"https:\/\/www.lapeyre.fr\/c\/magazine\/wp-json\/wp\/v2\/tags?post=379"}],"curies":[{"name":"wp","href":"https:\/\/api.w.org\/{rel}","templated":true}]}}