{"id":3796,"date":"2023-12-15T11:00:40","date_gmt":"2023-12-15T10:00:40","guid":{"rendered":"https:\/\/www.lapeyre.fr\/c\/magazine\/?p=3796"},"modified":"2026-02-24T09:59:20","modified_gmt":"2026-02-24T08:59:20","slug":"parquet-abime-par-leau-que-faire","status":"publish","type":"post","link":"https:\/\/www.lapeyre.fr\/c\/magazine\/parquet-abime-par-leau-que-faire\/","title":{"rendered":"Parquet abim\u00e9 par l&rsquo;eau : que faire ?"},"content":{"rendered":"<p><span style=\"font-weight: 400;\">Inondations ou infiltrations, l\u2019eau ne fait pas bon m\u00e9nage avec le parquet. Comment faire suite \u00e0 un d\u00e9g\u00e2t des eaux pour redonner son lustre \u00e0 un <\/span><b>parquet ab\u00eem\u00e9 par l&rsquo;eau<\/b><span style=\"font-weight: 400;\"> ? Voici les solutions \u00e0 adopter en fonction de la finition de votre parquet.<\/span><\/p>\n<h2><b>Quels sont les signes d\u2019un parquet ab\u00eem\u00e9 par l\u2019eau ?<\/b><\/h2>\n<p><span style=\"font-weight: 400;\">Le bois est un mat\u00e9riau noble qui peut cependant \u00eatre ab\u00eem\u00e9 par l\u2019eau lors de d\u00e9g\u00e2ts des eaux. Les d\u00e9g\u00e2ts caus\u00e9s par l\u2019eau sur un parquet sont g\u00e9n\u00e9ralement cons\u00e9cutifs \u00e0 des <\/span><b>infiltrations entre les lames<\/b><span style=\"font-weight: 400;\">. L\u2019eau en se glissant dans les interstices des lames ou en p\u00e9n\u00e9trant entre le parquet et le sol va faire gonfler le bois et <\/span><b>d\u00e9former le parquet<\/b><span style=\"font-weight: 400;\">. La plan\u00e9it\u00e9 du sol n\u2019est plus effective et les lames vont se disjoindre lorsqu\u2019elles vont s\u00e9cher. Ainsi, le parquet gondole. De plus, des aur\u00e9oles peuvent aussi appara\u00eetre sur les parquets cir\u00e9s ainsi que des marques de moisissure. Ces diff\u00e9rents <\/span><b>signes d&rsquo;un parquet ab\u00eem\u00e9 par l&rsquo;eau<\/b><span style=\"font-weight: 400;\"> doivent alerter et inciter \u00e0 y rem\u00e9dier rapidement pour \u00e9viter que l\u2019humidit\u00e9 n\u2019ab\u00eeme davantage un <\/span><a href=\"https:\/\/www.lapeyre.fr\/produits\/revetement-sol-mur\/parquet-sol-dinterieur\/parquet-massif-dinterieur\"><span style=\"font-weight: 400;\">parquet d\u2019int\u00e9rieur<\/span><\/a><span style=\"font-weight: 400;\">.<\/span><\/p>\n<p><img loading=\"lazy\" decoding=\"async\" class=\"wp-image-3797 aligncenter\" title=\"parquet abim\u00e9 eau\" src=\"https:\/\/www.lapeyre.fr\/wp-content\/uploads\/2023\/12\/parquet_humide-scaled-1-300x225.jpg\" alt=\"Parquet humide\" width=\"644\" height=\"483\" srcset=\"https:\/\/www.lapeyre.fr\/wp-content\/uploads\/2023\/12\/parquet_humide-scaled-1-300x225.jpg 300w, https:\/\/www.lapeyre.fr\/wp-content\/uploads\/2023\/12\/parquet_humide-scaled-1-1024x768.jpg 1024w, https:\/\/www.lapeyre.fr\/wp-content\/uploads\/2023\/12\/parquet_humide-scaled-1-768x576.jpg 768w, https:\/\/www.lapeyre.fr\/wp-content\/uploads\/2023\/12\/parquet_humide-scaled-1-1536x1151.jpg 1536w, https:\/\/www.lapeyre.fr\/wp-content\/uploads\/2023\/12\/parquet_humide-scaled-1-2048x1535.jpg 2048w, https:\/\/www.lapeyre.fr\/wp-content\/uploads\/2023\/12\/parquet_humide-scaled-1-1920x1439.jpg 1920w\" sizes=\"auto, (max-width: 644px) 100vw, 644px\" \/><\/p>\n<h2><b>Traitement d\u2019un parquet en bois massif ab\u00eem\u00e9 par l\u2019eau<\/b><\/h2>\n<p><span style=\"font-weight: 400;\">Des infiltrations ou une inondation qui n\u2019est pas prise en charge \u00e0 temps pourront faire gondoler les lames d\u2019un parquet en bois massif et provoquer du jeu entre elles. Les d\u00e9g\u00e2ts seront plus ou moins importants en fonction de la <\/span><b>dur\u00e9e d\u2019exposition \u00e0 l\u2019eau<\/b><span style=\"font-weight: 400;\"> et de la r\u00e9sistance du bois. L\u2019\u00e2ge du parquet est \u00e9galement un facteur qui a son importance, car plus celui-ci est ancien, plus il est fragile. Les parquets contemporains sont en effet mieux prot\u00e9g\u00e9s puisqu\u2019ils re\u00e7oivent des traitements pour assurer leur \u00e9tanch\u00e9it\u00e9. Toutefois, cela n\u2019est pas toujours suffisant, comme le prouvent les aur\u00e9oles qui apparaissent fr\u00e9quemment sous les pots de fleurs.\u00a0<\/span><\/p>\n<p><span style=\"font-weight: 400;\">Les t\u00e2ches partielles et superficielles peuvent \u00eatre att\u00e9nu\u00e9es avec de l&rsquo;essence de t\u00e9r\u00e9benthine. Une fois l\u2019\u00e9tape pr\u00e9c\u00e9dente termin\u00e9e, il est n\u00e9cessaire de cirer les surfaces nettoy\u00e9es avec une teinte proche de celle du bois. Si le parquet est verni, il faut poncer la zone avant d\u2019appliquer un vernis teint\u00e9 en prenant soin de ne pas cr\u00e9er de sur\u00e9paisseur avec l\u2019ancien rev\u00eatement.\u00a0<\/span><\/p>\n<p><span style=\"font-weight: 400;\">On peut aussi effectuer le <\/span><b>remplacement des lames ab\u00eem\u00e9es par l\u2019eau<\/b><span style=\"font-weight: 400;\">. Un pon\u00e7age final permet de lustrer l\u2019ensemble de la surface trait\u00e9e. En revanche, si une grande superficie du parquet est ab\u00eem\u00e9e par l\u2019eau, il faut poncer l\u2019ensemble de la surface avant d\u2019appliquer une nouvelle finition pour l\u2019imperm\u00e9abiliser et lui redonner son aspect neuf. Dans ce cas, l\u2019intervention d\u2019une ponceuse excentrique est requise.<\/span><\/p>\n<h2><b>Remplacement des lames d\u2019un plancher stratifi\u00e9 qui a pris l\u2019eau<\/b><\/h2>\n<p><span style=\"font-weight: 400;\">Un <\/span><b>parquet stratifi\u00e9 ab\u00eem\u00e9 par l\u2019eau<\/b><span style=\"font-weight: 400;\"> peut heureusement se r\u00e9nover. Dans ce cas, on va effectuer le remplacement des lames de parquet qui ont pris l\u2019humidit\u00e9. Il est toujours recommand\u00e9 d\u2019acheter quelques m\u00e8tres carr\u00e9s suppl\u00e9mentaires lors de la pose initiale pour pouvoir effectuer les changements caus\u00e9s entre autres par l\u2019eau.\u00a0<\/span><\/p>\n<p><span style=\"font-weight: 400;\">Pour <\/span><b>r\u00e9parer un parquet d\u2019int\u00e9rieur stratifi\u00e9<\/b><span style=\"font-weight: 400;\">, on commence par d\u00e9poser les lames impr\u00e9gn\u00e9es d\u2019eau \u00e0 l\u2019aide d\u2019une scie circulaire. Cette \u00e9tape achev\u00e9e, on d\u00e9coupe de nouvelles lames aux dimensions n\u00e9cessaires et on les fixe \u00e0 l\u2019aide d\u2019un produit de pose pour parquet. Si les lames d\u2019un parquet ab\u00eem\u00e9 par l\u2019eau se situent le long du mur, il faut commencer par \u00f4ter la <\/span><a href=\"https:\/\/www.lapeyre.fr\/produits\/revetement-sol-mur\/parquet-sol-dinterieur\/plinthe-pour-parquet-sol-stratifie-vinyle\"><span style=\"font-weight: 400;\">plinthe pour parquet<\/span><\/a><span style=\"font-weight: 400;\"> et \u00e9ventuellement changer celle-ci si elle est aussi en mauvais \u00e9tat.<\/span><\/p>\n<p><span style=\"font-weight: 400;\">Dans tous les cas, une fois que votre parquet ab\u00eem\u00e9 par l&rsquo;eau est r\u00e9nov\u00e9, il faut pr\u00e9voir de l\u2019imperm\u00e9abiliser si celui-ci n\u2019a pas re\u00e7u un traitement pour l\u2019\u00e9tanch\u00e9ifier. On peut alors appliquer une cire un vernis ou un vitrificateur selon l\u2019effet final d\u00e9sir\u00e9.\u00a0<\/span><\/p>\n<p style=\"text-align: center;\"><a id=\"btn-rdv-magazine\" class=\"bouton bleu\" href=\"https:\/\/www.lapeyre.fr\/prise-de-rdv\">Prendre RDV<\/a><\/p>\n","protected":false},"excerpt":{"rendered":"<p>Inondations ou infiltrations, l\u2019eau ne fait pas bon m\u00e9nage avec le parquet. Comment faire suite \u00e0 un&#8230;<\/p>\n","protected":false},"author":1018,"featured_media":3797,"comment_status":"open","ping_status":"open","sticky":false,"template":"","format":"standard","meta":{"_acf_changed":false,"footnotes":""},"categories":[976,975],"tags":[18,25,931],"class_list":{"2":"type-post","6":"hentry"},"acf":[],"_links":{"self":[{"href":"https:\/\/www.lapeyre.fr\/c\/magazine\/wp-json\/wp\/v2\/posts\/3796","targetHints":{"allow":["GET"]}}],"collection":[{"href":"https:\/\/www.lapeyre.fr\/c\/magazine\/wp-json\/wp\/v2\/posts"}],"about":[{"href":"https:\/\/www.lapeyre.fr\/c\/magazine\/wp-json\/wp\/v2\/types\/post"}],"author":[{"embeddable":true,"href":"https:\/\/www.lapeyre.fr\/c\/magazine\/wp-json\/wp\/v2\/users\/1018"}],"replies":[{"embeddable":true,"href":"https:\/\/www.lapeyre.fr\/c\/magazine\/wp-json\/wp\/v2\/comments?post=3796"}],"version-history":[{"count":0,"href":"https:\/\/www.lapeyre.fr\/c\/magazine\/wp-json\/wp\/v2\/posts\/3796\/revisions"}],"wp:featuredmedia":[{"embeddable":true,"href":"https:\/\/www.lapeyre.fr\/c\/magazine\/wp-json\/wp\/v2\/media\/3797"}],"wp:attachment":[{"href":"https:\/\/www.lapeyre.fr\/c\/magazine\/wp-json\/wp\/v2\/media?parent=3796"}],"wp:term":[{"taxonomy":"category","embeddable":true,"href":"https:\/\/www.lapeyre.fr\/c\/magazine\/wp-json\/wp\/v2\/categories?post=3796"},{"taxonomy":"post_tag","embeddable":true,"href":"https:\/\/www.lapeyre.fr\/c\/magazine\/wp-json\/wp\/v2\/tags?post=3796"}],"curies":[{"name":"wp","href":"https:\/\/api.w.org\/{rel}","templated":true}]}}