{"id":4014,"date":"2024-09-17T12:12:45","date_gmt":"2024-09-17T10:12:45","guid":{"rendered":"https:\/\/www.lapeyre.fr\/c\/magazine\/?p=4014"},"modified":"2025-02-03T14:09:22","modified_gmt":"2025-02-03T13:09:22","slug":"differents-types-de-parquet-pour-tous-vos-besoins","status":"publish","type":"post","link":"https:\/\/www.lapeyre.fr\/c\/magazine\/differents-types-de-parquet-pour-tous-vos-besoins\/","title":{"rendered":"Diff\u00e9rents types de parquet pour tous vos besoins"},"content":{"rendered":"<p><span style=\"font-weight: 400;\">Le choix d&rsquo;un parquet n&rsquo;est pas seulement une question d&rsquo;esth\u00e9tique, mais aussi de durabilit\u00e9 et de confort. En France, deux types de parquet figurent parmi les options de rev\u00eatement de sol les plus appr\u00e9ci\u00e9es : le parquet massif et le parquet contrecoll\u00e9.<\/span><\/p>\n<h2><span style=\"font-weight: 400;\">Qu&rsquo;est-ce qu&rsquo;un parquet ?<\/span><\/h2>\n<p><span style=\"font-weight: 400;\">Un parquet est un type de <\/span><a href=\"https:\/\/www.lapeyre.fr\/produits\/revetement-sol-mur\/parquet-sol-dinterieur\"><span style=\"font-weight: 400;\">rev\u00eatement de sol<\/span><\/a><span style=\"font-weight: 400;\"> fabriqu\u00e9 \u00e0 partir de bois. Il apporte une touche de chaleur et d&rsquo;\u00e9l\u00e9gance naturelle \u00e0 tout espace int\u00e9rieur. Bien qu&rsquo;il soit g\u00e9n\u00e9ralement plus co\u00fbteux que d&rsquo;autres options comme le sol stratifi\u00e9 ou le sol vinyle, il offre une durabilit\u00e9 et une qualit\u00e9 sup\u00e9rieures. Cependant, il est peu adapt\u00e9 pour les pi\u00e8ces humides comme les salles de bain et n\u00e9cessite un entretien soign\u00e9. Un parquet peut durer jusqu&rsquo;\u00e0 100 ans s&rsquo;il est bien entretenu.<\/span><\/p>\n<h2><span style=\"font-weight: 400;\">Pourquoi poser un parquet massif ?<\/span><\/h2>\n<p><span style=\"font-weight: 400;\">Le <\/span><a href=\"https:\/\/www.lapeyre.fr\/produits\/revetement-sol-mur\/parquet-sol-dinterieur\/parquet-massif-dinterieur\"><span style=\"font-weight: 400;\">parquet massif<\/span><\/a><span style=\"font-weight: 400;\"> est consid\u00e9r\u00e9 comme le summum de la qualit\u00e9 en mati\u00e8re de rev\u00eatement de sol. Enti\u00e8rement compos\u00e9 d&rsquo;une essence de bois noble, il est r\u00e9put\u00e9 pour sa durabilit\u00e9 et sa capacit\u00e9 \u00e0 durer plus de 100 ans. Son \u00e9paisseur permet plusieurs r\u00e9novations par pon\u00e7age, et sa pose peut \u00eatre coll\u00e9e ou flottante selon les pr\u00e9f\u00e9rences. Le parquet en ch\u00eane massif est particuli\u00e8rement pris\u00e9 pour son aspect chaleureux et authentique. Il convient toutefois de noter que le bois massif est peu adapt\u00e9 pour les pi\u00e8ces humides telles que les salles de bain, et qu&rsquo;il n\u00e9cessite un entretien soign\u00e9 pour conserver son \u00e9clat.<\/span><\/p>\n<p><img loading=\"lazy\" decoding=\"async\" class=\"aligncenter size-large wp-image-4015\" src=\"https:\/\/uat-magazine.lapeyre.fr\/wp-content\/uploads\/2024\/09\/chene-massif-1024x682.jpg\" alt=\"parquet ch\u00eane massif\" width=\"1024\" height=\"682\" srcset=\"https:\/\/www.lapeyre.fr\/wp-content\/uploads\/2024\/09\/chene-massif-1024x682.jpg 1024w, https:\/\/www.lapeyre.fr\/wp-content\/uploads\/2024\/09\/chene-massif-300x200.jpg 300w, https:\/\/www.lapeyre.fr\/wp-content\/uploads\/2024\/09\/chene-massif-768x512.jpg 768w, https:\/\/www.lapeyre.fr\/wp-content\/uploads\/2024\/09\/chene-massif-1536x1024.jpg 1536w, https:\/\/www.lapeyre.fr\/wp-content\/uploads\/2024\/09\/chene-massif-1920x1280.jpg 1920w, https:\/\/www.lapeyre.fr\/wp-content\/uploads\/2024\/09\/chene-massif.jpg 2000w\" sizes=\"auto, (max-width: 1024px) 100vw, 1024px\" \/><\/p>\n<h2><span style=\"font-weight: 400;\">Pourquoi envisager un parquet contrecoll\u00e9 ?<\/span><\/h2>\n<p><span style=\"font-weight: 400;\">\u00c0 l&rsquo;autre extr\u00e9mit\u00e9, nous trouvons le parquet contrecoll\u00e9, aussi connu sous le nom de parquet flottant. Ce type de parquet est constitu\u00e9 de plusieurs couches, dont une couche sup\u00e9rieure ou couche d&rsquo;usure constitu\u00e9e de bois v\u00e9ritable, qui est souvent plus fine compar\u00e9e au massif. Il s&rsquo;agit d&rsquo;une option plus abordable qui offre tout de m\u00eame la beaut\u00e9 d&rsquo;un parquet en bois avec des motifs vari\u00e9s, comme des lames larges ou des arrangements en chevron. Bien que moins durable que le massif, le contrecoll\u00e9 offre une pose plus simple et rapide, et peut s&rsquo;adapter \u00e0 diverses conditions, y compris les planchers chauffants.<\/span><\/p>\n<p><img loading=\"lazy\" decoding=\"async\" class=\"aligncenter size-large wp-image-4016\" src=\"https:\/\/uat-magazine.lapeyre.fr\/wp-content\/uploads\/2024\/09\/chene-contrecolle-1024x743.jpg\" alt=\"parquet ch\u00eane contrecoll\u00e9\" width=\"1024\" height=\"743\" srcset=\"https:\/\/www.lapeyre.fr\/wp-content\/uploads\/2024\/09\/chene-contrecolle-1024x743.jpg 1024w, https:\/\/www.lapeyre.fr\/wp-content\/uploads\/2024\/09\/chene-contrecolle-300x218.jpg 300w, https:\/\/www.lapeyre.fr\/wp-content\/uploads\/2024\/09\/chene-contrecolle-768x557.jpg 768w, https:\/\/www.lapeyre.fr\/wp-content\/uploads\/2024\/09\/chene-contrecolle-1536x1114.jpg 1536w, https:\/\/www.lapeyre.fr\/wp-content\/uploads\/2024\/09\/chene-contrecolle-1920x1393.jpg 1920w, https:\/\/www.lapeyre.fr\/wp-content\/uploads\/2024\/09\/chene-contrecolle.jpg 2000w\" sizes=\"auto, (max-width: 1024px) 100vw, 1024px\" \/><\/p>\n<h2><span style=\"font-weight: 400;\">Quelles diff\u00e9rences de prix entre parquet contrecoll\u00e9 et massif ?<\/span><\/h2>\n<p><span style=\"font-weight: 400;\">En termes de prix, le parquet massif est g\u00e9n\u00e9ralement plus cher, avec un prix parquet m2 plus \u00e9lev\u00e9 que le contrecoll\u00e9. Cependant, le co\u00fbt peut \u00eatre justifi\u00e9 par sa long\u00e9vit\u00e9 et l&rsquo;authenticit\u00e9 qu&rsquo;il apporte \u00e0 une pi\u00e8ce. Notez en outre que d\u2019un point de vue immobilier, un plancher en bois massif ajoute beaucoup de valeur \u00e0 votre logement. Les parquets fabriqu\u00e9s en France offrent notamment une garantie jusqu\u2019\u00e0 30 ans, signe de qualit\u00e9 et de durabilit\u00e9.<\/span><\/p>\n<h2><span style=\"font-weight: 400;\">Quel style de pose pour quelle d\u00e9coration int\u00e9rieure ?<\/span><\/h2>\n<p><span style=\"font-weight: 400;\">En termes de style, les deux types de parquet peuvent \u00eatre trouv\u00e9s dans une grande vari\u00e9t\u00e9 de finitions, des lames larges aux motifs plus complexes comme le herringbone (chevrons). Les consommateurs devraient choisir un parquet en fonction de l&rsquo;esth\u00e9tique qu&rsquo;ils souhaitent ainsi que des contraintes de leur espace. Par exemple, un parquet en ch\u00eane massif ou un parquet contrecoll\u00e9 en ch\u00eane peuvent offrir des styles tr\u00e8s diff\u00e9rents en fonction de la finition choisie.<\/span><\/p>\n<h2><span style=\"font-weight: 400;\">Quel mode de pose pour quel usage du parquet ?<\/span><\/h2>\n<p><span style=\"font-weight: 400;\">Lors de la <\/span><a href=\"https:\/\/www.lapeyre.fr\/produits\/equipement-outil\/produit-pose-dentretien\/produit-pose-pour-parquet-sol-stratifie-vinyle\"><span style=\"font-weight: 400;\">pose du parquet<\/span><\/a><span style=\"font-weight: 400;\">, qu&rsquo;il soit massif ou contrecoll\u00e9, il est essentiel de choisir une pose coll\u00e9e ou bien une pose flottante adapt\u00e9e \u00e0 la fr\u00e9quence du passage pour garantir sa long\u00e9vit\u00e9. Pour ceux qui souhaitent un aspect bois mais ont un budget limit\u00e9, le parquet stratifi\u00e9 ou le sol stratifi\u00e9 imitant le bois peut \u00eatre une alternative int\u00e9ressante. Ces derniers sont compos\u00e9s d&rsquo;une image photographique de bois sur un support en HDF et recouverts d&rsquo;une couche protectrice.<\/span><\/p>\n<h2><span style=\"font-weight: 400;\">Trois essences pour un parquet en bois massif<\/span><\/h2>\n<p><span style=\"font-weight: 400;\">Le choix entre ces diff\u00e9rents types de parquet d\u00e9pendra de plusieurs facteurs, notamment le budget, le style souhait\u00e9, et les conditions de la pi\u00e8ce o\u00f9 il sera install\u00e9. Le parquet en ch\u00eane, par exemple, offre une large gamme de teintes allant du clair au fonc\u00e9, tandis que le bois exotique ou le parquet en bambou peut apporter une touche d&rsquo;exotisme.<\/span><\/p>\n<h3><span style=\"font-weight: 400;\">Parquet en ch\u00eane : l&rsquo;\u00e9l\u00e9gance \u00e0 la fran\u00e7aise<\/span><\/h3>\n<p><span style=\"font-weight: 400;\">Le parquet en ch\u00eane est synonyme d&rsquo;\u00e9l\u00e9gance et de robustesse, ce qui en fait un choix privil\u00e9gi\u00e9 pour un rev\u00eatement de sol \u00e0 la fois classique et r\u00e9sistant. Les parquets en ch\u00eane clair ou cr\u00e8me sont r\u00e9put\u00e9s pour leur durabilit\u00e9 et leur capacit\u00e9 \u00e0 embellir avec le temps, d\u00e9veloppant une patine unique. Originaire de France et b\u00e9n\u00e9ficiant du label PEFC, le parquet en ch\u00eane fran\u00e7ais est une garantie de qualit\u00e9 et de respect des pratiques de gestion foresti\u00e8re durable. En choisissant un parquet en ch\u00eane PEFC, vous vous assurez non seulement d&rsquo;un sol de haute qualit\u00e9 mais aussi d&rsquo;un achat responsable qui contribue \u00e0 l&rsquo;\u00e9quilibre des for\u00eats fran\u00e7aises.<\/span><\/p>\n<h3><span style=\"font-weight: 400;\">Parquet en pin des Landes : l&rsquo;authenticit\u00e9 du Sud-Ouest<\/span><\/h3>\n<p><span style=\"font-weight: 400;\">Le pin des Landes est un bois clair et chaleureux qui apporte une touche naturelle et authentique \u00e0 l&rsquo;int\u00e9rieur des habitations. Issu de la vaste for\u00eat des Landes de Gascogne en Nouvelle-Aquitaine, ce bois est appr\u00e9ci\u00e9 pour son grain fin et son aspect l\u00e9g\u00e8rement noueux, qui lui conf\u00e8re une \u00e9l\u00e9gance rustique. Certifi\u00e9 PEFC, le parquet en pin massif est un choix \u00e9cologique qui soutient la gestion durable des for\u00eats, assurant ainsi la pr\u00e9servation de l&rsquo;un des \u00e9cosyst\u00e8mes les plus riches et les plus importants de France.<\/span><\/p>\n<p><img loading=\"lazy\" decoding=\"async\" class=\"aligncenter wp-image-4017 size-large\" src=\"https:\/\/uat-magazine.lapeyre.fr\/wp-content\/uploads\/2024\/09\/massif-pin-1024x748.jpg\" alt=\"parqute pin\" width=\"1024\" height=\"748\" srcset=\"https:\/\/www.lapeyre.fr\/wp-content\/uploads\/2024\/09\/massif-pin-1024x748.jpg 1024w, https:\/\/www.lapeyre.fr\/wp-content\/uploads\/2024\/09\/massif-pin-300x219.jpg 300w, https:\/\/www.lapeyre.fr\/wp-content\/uploads\/2024\/09\/massif-pin-768x561.jpg 768w, https:\/\/www.lapeyre.fr\/wp-content\/uploads\/2024\/09\/massif-pin.jpg 1363w\" sizes=\"auto, (max-width: 1024px) 100vw, 1024px\" \/><\/p>\n<h3><span style=\"font-weight: 400;\">Parquet en bambou : l&rsquo;exotisme durable<\/span><\/h3>\n<p><span style=\"font-weight: 400;\">Enfin, le parquet en bambou est une alternative exotique et \u00e9cologique, connue pour sa grande r\u00e9sistance et sa rapidit\u00e9 de croissance. Bien que le bambou ne soit pas couvert par le label PEFC car son origine est en Chine, il repr\u00e9sente un choix de rev\u00eatement de sol durable gr\u00e2ce \u00e0 sa capacit\u00e9 \u00e0 se r\u00e9g\u00e9n\u00e9rer rapidement sans n\u00e9cessiter de replantation. Les parquets en bambou offrent une esth\u00e9tique contemporaine et \u00e9pur\u00e9e, avec des nuances vari\u00e9es allant du blond naturel \u00e0 un caramel plus fonc\u00e9, cr\u00e9ant une ambiance \u00e0 la fois zen et chaleureuse.<\/span><\/p>\n<p><span style=\"font-weight: 400;\">Le parquet massif et contrecoll\u00e9 sont les rev\u00eatements privil\u00e9gi\u00e9s en France pour leur esth\u00e9tique et durabilit\u00e9. Le parquet massif, int\u00e9gralement en bois noble, est durable et r\u00e9novable, id\u00e9al pour une pose p\u00e9renne et un charme authentique. Moins cher, le contrecoll\u00e9 offre une beaut\u00e9 similaire avec une installation facile et une compatibilit\u00e9 avec les planchers chauffants. Les parquets ch\u00eane, pin des Landes et bambou, chacun avec son cachet, offrent des options vari\u00e9es alliant qualit\u00e9, durabilit\u00e9, et responsabilit\u00e9 environnementale, avec le ch\u00eane et le pin certifi\u00e9s PEFC pour une gestion durable des for\u00eats.<\/span><\/p>\n<p><img loading=\"lazy\" decoding=\"async\" class=\"aligncenter wp-image-4018 size-full\" src=\"https:\/\/uat-magazine.lapeyre.fr\/wp-content\/uploads\/2024\/09\/massif-bambou.jpg\" alt=\"parquet pin\" width=\"511\" height=\"406\" srcset=\"https:\/\/www.lapeyre.fr\/wp-content\/uploads\/2024\/09\/massif-bambou.jpg 511w, https:\/\/www.lapeyre.fr\/wp-content\/uploads\/2024\/09\/massif-bambou-300x238.jpg 300w\" sizes=\"auto, (max-width: 511px) 100vw, 511px\" \/><\/p>\n<p style=\"text-align: center;\"><a class=\"bouton bleu\" id=\"btn-rdv-magazine\" href=\"https:\/\/www.lapeyre.fr\/prise-de-rdv\">Prendre RDV<\/a><\/p>\n","protected":false},"excerpt":{"rendered":"<p>Le choix d&rsquo;un parquet n&rsquo;est pas seulement une question d&rsquo;esth\u00e9tique, mais aussi de durabilit\u00e9 et de confort&#8230;.<\/p>\n","protected":false},"author":1018,"featured_media":4016,"comment_status":"open","ping_status":"open","sticky":false,"template":"","format":"standard","meta":{"_acf_changed":false,"footnotes":""},"categories":[977,975],"tags":[18],"class_list":{"2":"type-post","6":"hentry"},"acf":[],"_links":{"self":[{"href":"https:\/\/www.lapeyre.fr\/c\/magazine\/wp-json\/wp\/v2\/posts\/4014","targetHints":{"allow":["GET"]}}],"collection":[{"href":"https:\/\/www.lapeyre.fr\/c\/magazine\/wp-json\/wp\/v2\/posts"}],"about":[{"href":"https:\/\/www.lapeyre.fr\/c\/magazine\/wp-json\/wp\/v2\/types\/post"}],"author":[{"embeddable":true,"href":"https:\/\/www.lapeyre.fr\/c\/magazine\/wp-json\/wp\/v2\/users\/1018"}],"replies":[{"embeddable":true,"href":"https:\/\/www.lapeyre.fr\/c\/magazine\/wp-json\/wp\/v2\/comments?post=4014"}],"version-history":[{"count":0,"href":"https:\/\/www.lapeyre.fr\/c\/magazine\/wp-json\/wp\/v2\/posts\/4014\/revisions"}],"wp:featuredmedia":[{"embeddable":true,"href":"https:\/\/www.lapeyre.fr\/c\/magazine\/wp-json\/wp\/v2\/media\/4016"}],"wp:attachment":[{"href":"https:\/\/www.lapeyre.fr\/c\/magazine\/wp-json\/wp\/v2\/media?parent=4014"}],"wp:term":[{"taxonomy":"category","embeddable":true,"href":"https:\/\/www.lapeyre.fr\/c\/magazine\/wp-json\/wp\/v2\/categories?post=4014"},{"taxonomy":"post_tag","embeddable":true,"href":"https:\/\/www.lapeyre.fr\/c\/magazine\/wp-json\/wp\/v2\/tags?post=4014"}],"curies":[{"name":"wp","href":"https:\/\/api.w.org\/{rel}","templated":true}]}}