{"id":419,"date":"2019-10-23T11:03:09","date_gmt":"2019-10-23T09:03:09","guid":{"rendered":"https:\/\/magazine.lapeyre.fr\/?p=419"},"modified":"2025-03-18T14:30:42","modified_gmt":"2025-03-18T13:30:42","slug":"carrelage-exterieur","status":"publish","type":"post","link":"https:\/\/www.lapeyre.fr\/c\/magazine\/carrelage-exterieur\/","title":{"rendered":"Pourquoi choisir le carrelage ext\u00e9rieur ?"},"content":{"rendered":"\r\n<p><strong>Sur votre <a href=\"https:\/\/www.lapeyre.fr\/terrasses-ombrages-SCU688012\" target=\"_blank\" rel=\"noreferrer noopener\" aria-label=\"terrasse (s\u2019ouvre dans un nouvel onglet)\">terrasse<\/a>, au bord de votre piscine ou encore sur le balcon, choisissez un carrelage ext\u00e9rieur ultra r\u00e9sistant qui saura prolonger, m\u00eame dehors, le charme de votre d\u00e9co !<\/strong><\/p>\r\n\r\n\r\n\r\n<p>Autrefois cantonn\u00e9 \u00e0 la maison, le <a href=\"https:\/\/www.lapeyre.fr\/carrelage-terrasse-CCN0219\" target=\"_blank\" rel=\"noreferrer noopener\" aria-label=\"carrelage  (s\u2019ouvre dans un nouvel onglet)\">carrelage <\/a>met les voiles dehors. Il se r\u00e9invente pour faire face aux \u00e9preuves du temps et s\u2019adapter aux besoins ainsi qu\u2019aux sp\u00e9cificit\u00e9s ext\u00e9rieures. Facile d\u2019entretien, p\u00e9renne, simple \u00e0 poser, disponible dans de nombreux formats, couleurs et finitions, c\u2019est la solution id\u00e9ale pour habiller avec style votre ext\u00e9rieur.<\/p>\r\n\r\n\r\n\r\n<h2 class=\"wp-block-heading\"><strong>Des <a href=\"https:\/\/www.lapeyre.fr\/carrelage-terrasse-CCN0219\" target=\"_blank\" rel=\"noreferrer noopener\" aria-label=\"carrelages ext\u00e9rieurs (s\u2019ouvre dans un nouvel onglet)\">carrelages ext\u00e9rieurs<\/a> qui r\u00e9sistent \u00e0 tout<\/strong><\/h2>\r\n\r\n\r\n\r\n<p>Inalt\u00e9rable, le carrelage est, contrairement aux lames en bois pour terrasse, plus p\u00e9renne et ne n\u00e9cessite aucun traitement pour r\u00e9sister aux UV, \u00e0 la pluie et \u00e0 la neige. Au fil des ann\u00e9es, il conserve sa couleur et son d\u00e9cor. De plus, il ne craint ni les t\u00e2ches, ni les parasites. Veillez toutefois \u00e0 choisir un mod\u00e8le d\u00e9di\u00e9 \u00e0 un usage ext\u00e9rieur.<\/p>\r\n\r\n\r\n\r\n<p>En effet, les carrelages ext\u00e9rieurs sont pens\u00e9s pour affronter les intemp\u00e9ries. Ils respectent tous la norme ISO 10545-12, qui vous garantit leur r\u00e9sistance au gel. Pour votre confort, ils sont aussi dot\u00e9s d\u2019une surface antid\u00e9rapante qui les rend moins glissants lorsqu\u2019ils sont mouill\u00e9s. Deux types de glissance sont \u00e0 prendre en compte. La glissance pieds nus, avec une adh\u00e9rence class\u00e9e en trois groupes. La note A garantit une adh\u00e9rence moyenne, B, une adh\u00e9rence \u00e9lev\u00e9e et C une adh\u00e9rence forte. Pour un carrelage \u00e0 poser autour d\u2019une piscine, veillez \u00e0 s\u00e9lectionner un carrelage avec une adh\u00e9rence forte. Un autre type de glissance, pieds chauss\u00e9s, est \u00e0 surveiller lors du choix de votre carrelage. Il est associ\u00e9 \u00e0 la valeur d\u2019indice R allant de 9 \u00e0 13.<\/p>\r\n\r\n\r\n\r\n<figure class=\"wp-block-image\"><img loading=\"lazy\" decoding=\"async\" width=\"1024\" height=\"683\" class=\"wp-image-423\" src=\"\/wp-content\/uploads\/2019\/10\/carrelage-exterieur2-1024x683.jpg\" alt=\"Carrelage ext\u00e9rieur d'une terrasse\" srcset=\"https:\/\/www.lapeyre.fr\/wp-content\/uploads\/2019\/10\/carrelage-exterieur2-1024x683.jpg 1024w, https:\/\/www.lapeyre.fr\/wp-content\/uploads\/2019\/10\/carrelage-exterieur2-300x200.jpg 300w, https:\/\/www.lapeyre.fr\/wp-content\/uploads\/2019\/10\/carrelage-exterieur2-768x512.jpg 768w, https:\/\/www.lapeyre.fr\/wp-content\/uploads\/2019\/10\/carrelage-exterieur2.jpg 1375w\" sizes=\"auto, (max-width: 1024px) 100vw, 1024px\" \/><\/figure>\r\n\r\n\r\n\r\n<p>Pour assurer sa durabilit\u00e9, veillez \u00e0 ce qu\u2019il soit correctement pos\u00e9. Pour cela, pensez \u00e0 tenir compte de la pente et de l\u2019\u00e9vacuation de l\u2019eau. Autre conseil, utilisez une colle et des joints sp\u00e9cialement con\u00e7us pour l\u2019ext\u00e9rieur.<\/p>\r\n\r\n\r\n\r\n<h2 class=\"wp-block-heading\"><strong>Id\u00e9es d\u00e9co pour choisir le bon carrelage de terrasse<\/strong><\/h2>\r\n\r\n\r\n\r\n<p>Disponible dans diff\u00e9rents formats, le carrelage ext\u00e9rieur permet de s\u2019adapter facilement \u00e0 toutes les dimensions et configurations. Notez que les grandes dalles auront tendance \u00e0 agrandir visuellement l\u2019espace. Attention toutefois \u00e0 les choisir uniquement si votre terrasse est suffisamment grande pour les accueillir. D\u2019autres dimensions seront peut-\u00eatre \u00e0 privil\u00e9gier pour un balcon.<\/p>\r\n\r\n\r\n\r\n<figure class=\"wp-block-image\"><img loading=\"lazy\" decoding=\"async\" width=\"1024\" height=\"683\" class=\"wp-image-421\" src=\"\/wp-content\/uploads\/2019\/10\/carrelage-exterieur3-1024x683.jpg\" alt=\"Carrelage ext\u00e9rieur couleur brique d'une terrasse\" srcset=\"https:\/\/www.lapeyre.fr\/wp-content\/uploads\/2019\/10\/carrelage-exterieur3-1024x683.jpg 1024w, https:\/\/www.lapeyre.fr\/wp-content\/uploads\/2019\/10\/carrelage-exterieur3-300x200.jpg 300w, https:\/\/www.lapeyre.fr\/wp-content\/uploads\/2019\/10\/carrelage-exterieur3-768x513.jpg 768w, https:\/\/www.lapeyre.fr\/wp-content\/uploads\/2019\/10\/carrelage-exterieur3.jpg 1413w\" sizes=\"auto, (max-width: 1024px) 100vw, 1024px\" \/><\/figure>\r\n\r\n\r\n\r\n<p>C\u00f4t\u00e9 d\u00e9cors, vous n\u2019aurez que l\u2019embarras du choix. Si vous voulez cr\u00e9er un espace ext\u00e9rieur \u00e0 la fois naturel et tendance, craquez pour les carreaux imitation bois. Ils vous offrent tout le design du teck, du weng\u00e9 ou encore du bois gris\u00e9 sans les inconv\u00e9nients de l\u2019entretien. Adepte du classique, pr\u00e9f\u00e9rez des mod\u00e8les de style pav\u00e9 ou des carrelages \u00e0 effet mosa\u00efque. Enfin pour une terrasse nature et zen, choisissez un sol uni gris clair agr\u00e9ment\u00e9 de listels en cailloux.<\/p>\r\n\r\n\r\n\r\n<p>Enfin, pour carreler un balcon ou une terrasse jouxtant une pi\u00e8ce, optez pour des mod\u00e8les pouvant s\u2019associer avec des <a href=\"https:\/\/www.lapeyre.fr\/sols-murs-CCU0007#SCU687949\" target=\"_blank\" rel=\"noreferrer noopener\" aria-label=\"des carrelages int\u00e9rieurs (s\u2019ouvre dans un nouvel onglet)\">carrelages int\u00e9rieurs<\/a>. Ainsi, vous cr\u00e9ez une unit\u00e9 et prolongez votre cuisine ou votre salon vers l\u2019ext\u00e9rieur.<\/p>\r\n\n<p style=\"text-align: center;\"><a class=\"bouton bleu\" id=\"btn-rdv-magazine\" href=\"https:\/\/www.lapeyre.fr\/prise-de-rdv\">Prendre RDV<\/a><\/p>","protected":false},"excerpt":{"rendered":"<p>Sur votre terrasse, au bord de votre piscine ou encore sur le balcon, choisissez un carrelage ext\u00e9rieur&#8230;<\/p>\n","protected":false},"author":1005,"featured_media":422,"comment_status":"open","ping_status":"open","sticky":false,"template":"","format":"standard","meta":{"_acf_changed":false,"footnotes":""},"categories":[977,981,975,979],"tags":[8,26],"class_list":{"2":"type-post","6":"hentry"},"acf":[],"_links":{"self":[{"href":"https:\/\/www.lapeyre.fr\/c\/magazine\/wp-json\/wp\/v2\/posts\/419","targetHints":{"allow":["GET"]}}],"collection":[{"href":"https:\/\/www.lapeyre.fr\/c\/magazine\/wp-json\/wp\/v2\/posts"}],"about":[{"href":"https:\/\/www.lapeyre.fr\/c\/magazine\/wp-json\/wp\/v2\/types\/post"}],"author":[{"embeddable":true,"href":"https:\/\/www.lapeyre.fr\/c\/magazine\/wp-json\/wp\/v2\/users\/1005"}],"replies":[{"embeddable":true,"href":"https:\/\/www.lapeyre.fr\/c\/magazine\/wp-json\/wp\/v2\/comments?post=419"}],"version-history":[{"count":0,"href":"https:\/\/www.lapeyre.fr\/c\/magazine\/wp-json\/wp\/v2\/posts\/419\/revisions"}],"wp:featuredmedia":[{"embeddable":true,"href":"https:\/\/www.lapeyre.fr\/c\/magazine\/wp-json\/wp\/v2\/media\/422"}],"wp:attachment":[{"href":"https:\/\/www.lapeyre.fr\/c\/magazine\/wp-json\/wp\/v2\/media?parent=419"}],"wp:term":[{"taxonomy":"category","embeddable":true,"href":"https:\/\/www.lapeyre.fr\/c\/magazine\/wp-json\/wp\/v2\/categories?post=419"},{"taxonomy":"post_tag","embeddable":true,"href":"https:\/\/www.lapeyre.fr\/c\/magazine\/wp-json\/wp\/v2\/tags?post=419"}],"curies":[{"name":"wp","href":"https:\/\/api.w.org\/{rel}","templated":true}]}}