{"id":4305,"date":"2025-03-18T16:10:14","date_gmt":"2025-03-18T15:10:14","guid":{"rendered":"https:\/\/recette.lapeyre.fr\/c\/magazine\/?p=4305"},"modified":"2025-11-07T14:18:27","modified_gmt":"2025-11-07T13:18:27","slug":"separer-une-piece-en-deux-nos-solutions-lapeyre","status":"publish","type":"post","link":"https:\/\/www.lapeyre.fr\/c\/magazine\/separer-une-piece-en-deux-nos-solutions-lapeyre\/","title":{"rendered":"S\u00e9parer une pi\u00e8ce en deux : nos solutions"},"content":{"rendered":"<h1><strong>Comment s\u00e9parer une pi\u00e8ce en deux ?<\/strong><\/h1>\n<figure id=\"attachment_4624\" aria-describedby=\"caption-attachment-4624\" style=\"width: 2000px\" class=\"wp-caption alignnone\"><img loading=\"lazy\" decoding=\"async\" class=\"wp-image-4624 size-full\" src=\"https:\/\/www.lapeyre.fr\/wp-content\/uploads\/2022\/12\/Separation-de-piece-CREATION.jpg\" alt=\"S\u00e9paration de pi\u00e8ce creation\" width=\"2000\" height=\"1454\" srcset=\"https:\/\/www.lapeyre.fr\/wp-content\/uploads\/2022\/12\/Separation-de-piece-CREATION.jpg 2000w, https:\/\/www.lapeyre.fr\/wp-content\/uploads\/2022\/12\/Separation-de-piece-CREATION-300x218.jpg 300w, https:\/\/www.lapeyre.fr\/wp-content\/uploads\/2022\/12\/Separation-de-piece-CREATION-1024x744.jpg 1024w, https:\/\/www.lapeyre.fr\/wp-content\/uploads\/2022\/12\/Separation-de-piece-CREATION-768x558.jpg 768w, https:\/\/www.lapeyre.fr\/wp-content\/uploads\/2022\/12\/Separation-de-piece-CREATION-1536x1117.jpg 1536w, https:\/\/www.lapeyre.fr\/wp-content\/uploads\/2022\/12\/Separation-de-piece-CREATION-1920x1396.jpg 1920w\" sizes=\"auto, (max-width: 2000px) 100vw, 2000px\" \/><figcaption id=\"caption-attachment-4624\" class=\"wp-caption-text\">S\u00e9paration-de-pi\u00e8ce-CREATION<\/figcaption><\/figure>\n<h2><span class=\"TextRun SCXW110765602 BCX8\" lang=\"FR-FR\" xml:lang=\"FR-FR\" data-contrast=\"auto\"><span class=\"NormalTextRun SCXW110765602 BCX8\">Pourquoi s\u00e9parer une pi\u00e8ce <\/span><span class=\"NormalTextRun SCXW110765602 BCX8\">en deux <\/span><span class=\"NormalTextRun SCXW110765602 BCX8\">?<\/span><\/span><span class=\"EOP SCXW110765602 BCX8\" data-ccp-props=\"{}\">\u00a0<\/span><\/h2>\n<p><span data-contrast=\"auto\">Arriv\u00e9e d\u2019un b\u00e9b\u00e9 dans la famille, envie de s\u00e9parer la pi\u00e8ce de vie en un salon et une salle \u00e0 manger ou besoin de repenser un int\u00e9rieur afin de le revendre\u2026 nombreuses sont les raisons qui peuvent vous pousser \u00e0 vous lancer dans le r\u00e9am\u00e9nagement de votre logement et s\u00e9parer une pi\u00e8ce.<\/span><span data-ccp-props=\"{}\">\u00a0<\/span><\/p>\n<p><span data-contrast=\"auto\">Dans un premier temps, vous pouvez opter pour une solution \u00e9conomique et tr\u00e8s simple \u00e0 installer. Ceci vous permettra de vous rendre compte des espaces dont vous disposez une fois la s\u00e9paration effectu\u00e9e. Vous pourrez par exemple structurer votre pi\u00e8ce \u00e0 l\u2019aide d\u2019un paravent ou m\u00eame d\u2019une jolie paire de rideaux. Si la taille des espaces vous convient, vous pourrez ensuite opter pour un s\u00e9parateur de pi\u00e8ce plus design que le paravent ou les rideaux.<\/span><span data-ccp-props=\"{}\">\u00a0<\/span><\/p>\n<p><span data-contrast=\"auto\">Que vous souhaitiez cloisonner une chambre, un salon ou m\u00eame une cuisine pour des raisons pratiques ou purement esth\u00e9tiques, Lapeyre vous accompagne en vous proposant des solutions et id\u00e9es d\u2019am\u00e9nagement qui s\u2019adaptent \u00e0 tous les budgets et \u00e0 toutes les envies.<\/span><span data-ccp-props=\"{}\">\u00a0<\/span><\/p>\n<figure id=\"attachment_4307\" aria-describedby=\"caption-attachment-4307\" style=\"width: 1024px\" class=\"wp-caption aligncenter\"><img loading=\"lazy\" decoding=\"async\" class=\"size-large wp-image-4307\" src=\"https:\/\/uat-magazine.lapeyre.fr\/wp-content\/uploads\/2025\/03\/Cloison-suspendue-CREATION-1024x787.jpg\" alt=\"Cloison suspendue CREATION\" width=\"1024\" height=\"787\" srcset=\"https:\/\/www.lapeyre.fr\/wp-content\/uploads\/2025\/03\/Cloison-suspendue-CREATION-1024x787.jpg 1024w, https:\/\/www.lapeyre.fr\/wp-content\/uploads\/2025\/03\/Cloison-suspendue-CREATION-300x231.jpg 300w, https:\/\/www.lapeyre.fr\/wp-content\/uploads\/2025\/03\/Cloison-suspendue-CREATION-768x591.jpg 768w, https:\/\/www.lapeyre.fr\/wp-content\/uploads\/2025\/03\/Cloison-suspendue-CREATION-1536x1181.jpg 1536w, https:\/\/www.lapeyre.fr\/wp-content\/uploads\/2025\/03\/Cloison-suspendue-CREATION-1920x1476.jpg 1920w, https:\/\/www.lapeyre.fr\/wp-content\/uploads\/2025\/03\/Cloison-suspendue-CREATION.jpg 2000w\" sizes=\"auto, (max-width: 1024px) 100vw, 1024px\" \/><figcaption id=\"caption-attachment-4307\" class=\"wp-caption-text\">Cloison suspendue CREATION<\/figcaption><\/figure>\n<h2><strong>S\u00e9parer une pi\u00e8ce avec un meuble<\/strong><\/h2>\n<h3><span class=\"TextRun SCXW55585696 BCX8\" lang=\"FR-FR\" xml:lang=\"FR-FR\" data-contrast=\"auto\"><span class=\"NormalTextRun SCXW55585696 BCX8\">Les caissons de dressing : pour une s\u00e9paration l\u00e9g\u00e8re<\/span><\/span><span class=\"EOP SCXW55585696 BCX8\" data-ccp-props=\"{}\">\u00a0<\/span><\/h3>\n<p><span data-contrast=\"auto\">Les\u202f<\/span><a href=\"https:\/\/www.lapeyre.fr\/produits\/rangement-dressing-amenagement\/meuble-de-rangement\/rangement-meuble\/caisson-dressing\"><b><span data-contrast=\"none\">caissons de dressing<\/span><\/b><\/a><span data-contrast=\"auto\">\u202fsont des\u202f<\/span><a href=\"https:\/\/www.lapeyre.fr\/produits\/rangement-dressing-amenagement?langId=-2&amp;storeId=10301\"><b><span data-contrast=\"none\">rangements<\/span><\/b><\/a><span data-contrast=\"auto\">\u202fde diff\u00e9rentes tailles qui peuvent \u00eatre assembl\u00e9s les uns aux autres pour cr\u00e9er une s\u00e9paration qui se veut \u00e0 la fois utile et esth\u00e9tique. Plac\u00e9s dans un salon, un bureau, une chambre ou m\u00eame dans un petit studio, les caissons vous permettent de structurer votre int\u00e9rieur sans bloquer la lumi\u00e8re car ils ne prennent g\u00e9n\u00e9ralement pas toute la hauteur de la pi\u00e8ce.<\/span><span data-ccp-props=\"{}\">\u00a0<\/span><\/p>\n<p><span data-contrast=\"auto\">Tirez le meilleur parti de votre nouveau s\u00e9parateur de pi\u00e8ce\u202f: essayez d\u2019y placer des \u00e9l\u00e9ments qui participeront \u00e0 la d\u00e9co de votre int\u00e9rieur comme des plantes, des livres, des cadres photo ou m\u00eame des petites boites de rangement design.<\/span><span data-ccp-props=\"{}\">\u00a0<\/span><\/p>\n<h3><strong>La biblioth\u00e8que : un meuble \u00e9l\u00e9gant et pratique<\/strong><\/h3>\n<p><span data-contrast=\"auto\">Tout comme les caissons de dressing, la\u202f<\/span><a href=\"https:\/\/www.lapeyre.fr\/produits\/rangement-dressing-amenagement\/meuble-de-rangement\/bibliotheque\"><b><span data-contrast=\"none\">biblioth\u00e8que<\/span><\/b><\/a><span data-contrast=\"auto\">\u202fest une pr\u00e9cieuse alli\u00e9e pour structurer un espace, tout en profitant d\u2019un espace rangement suppl\u00e9mentaire. Id\u00e9ale pour les int\u00e9rieurs spacieux, elle peut \u00eatre plac\u00e9e dans les espaces de vie, comme le salon \/ salle \u00e0 manger, ou encore dans les grandes chambres, pour s\u00e9parer le lit de la partie dressing ou du coin lecture.<\/span><span data-ccp-props=\"{}\">\u00a0<\/span><\/p>\n<p><span data-contrast=\"auto\">Chez Lapeyre, les biblioth\u00e8ques s\u2019adaptent \u00e0 tous les go\u00fbts\u202f: en U, en L, en ch\u00eane naturel, en bois flott\u00e9 ou m\u00eame en graphite, vous choisissez le mod\u00e8le de meuble qui vous ressemble.<\/span><span data-ccp-props=\"{}\">\u00a0<\/span><\/p>\n<h2><strong>Cloisonner une pi\u00e8ce en utilisant le sol et les murs<\/strong><\/h2>\n<h3><strong>Opter pour un sol qui fait la diff\u00e9rence<\/strong><\/h3>\n<p><span data-contrast=\"auto\">Si vous ne souhaitez pas investir dans de nouveaux meubles mais d\u00e9sirez tout de m\u00eame marquer une s\u00e9paration entre deux espaces distincts de votre int\u00e9rieur, pensez au sol. Dans une pi\u00e8ce, le mat\u00e9riau utilis\u00e9 au sol est bien souvent le m\u00eame, m\u00eame si la pi\u00e8ce en question dispose de deux fonctionnalit\u00e9s diff\u00e9rentes.<\/span><span data-ccp-props=\"{}\">\u00a0<\/span><\/p>\n<p><span data-contrast=\"auto\">Opter pour un sol contrastant vous permettra de structurer un salon ouvert sur une cuisine (par exemple en gardant le\u202f<\/span><a href=\"https:\/\/www.lapeyre.fr\/produits\/revetement-sol-mur\/parquet-sol-dinterieur\"><b><span data-contrast=\"none\">parquet<\/span><\/b><\/a><span data-contrast=\"auto\">\u202fdans la partie salon et en installant un nouveau\u202f<\/span><a href=\"https:\/\/www.lapeyre.fr\/produits\/revetement-sol-mur\/carrelage-interieur\/carrelage-sol\"><b><span data-contrast=\"none\">carrelage sur le sol<\/span><\/b><\/a><span data-contrast=\"auto\">\u202fde la partie cuisine) ou de marquer le passage entre votre entr\u00e9e et votre espace de vie. Cette technique est aussi largement utilis\u00e9e dans les logements peu spacieux, par exemple pour participer au bon agencement d\u2019un studio.<\/span><span data-ccp-props=\"{}\">\u00a0<\/span><\/p>\n<h3><strong>Choisir le lambris mural<\/strong><\/h3>\n<p><span data-contrast=\"auto\">Outre le sol, vous avez \u00e9galement la possibilit\u00e9 d\u2019opter pour un s\u00e9parateur de pi\u00e8ce mural. Lapeyre vous propose par exemple son\u202f<\/span><a href=\"https:\/\/www.lapeyre.fr\/produits\/revetement-sol-mur\/lambris-parement-mural\"><b><span data-contrast=\"none\">lambris mural<\/span><\/b><\/a><span data-contrast=\"auto\">, un incontournable de la d\u00e9coration d\u2019int\u00e9rieur. Installer du lambris sur un mur ou une portion de mur vous permet de marquer une s\u00e9paration sans passer par l\u2019\u00e9tape des travaux plus importants.<\/span><span data-ccp-props=\"{}\">\u00a0<\/span><\/p>\n<p><span data-contrast=\"auto\">Pos\u00e9 jusqu\u2019\u00e0 mi-hauteur du mur pour un r\u00e9sultat subtil ou dans toute la longueur pour allonger l\u2019espace et donner une impression de hauteur, le lambris est la solution id\u00e9ale. Il peut servir \u00e0 d\u00e9limiter un coin lecture dans une chambre ou m\u00eame \u00e0 donner une impression d\u2019espace dans une petite salle de bain. Son avantage premier\u202f: il est particuli\u00e8rement simple \u00e0 poser.<\/span><span data-ccp-props=\"{}\">\u00a0<\/span><\/p>\n<h2><strong>S\u00e9parer une pi\u00e8ce avec une cloison<\/strong><\/h2>\n<h3><strong>Une cloison suspendue pour un style \u00e9l\u00e9gant ou industriel<\/strong><\/h3>\n<p><span class=\"TextRun SCXW240220202 BCX8\" lang=\"FR-FR\" xml:lang=\"FR-FR\" data-contrast=\"auto\"><span class=\"NormalTextRun SCXW240220202 BCX8\">Vous aimeriez installer dans votre logement une v\u00e9ritable cloison permettant de s\u00e9parer deux espaces distincts pour profiter de plus d\u2019intimit\u00e9\u202f? Vous pouvez opter pour une solution \u00e0 la fois pratique et r\u00e9solument \u00e9l\u00e9gante\u202f: la\u202f<\/span><\/span><a class=\"Hyperlink SCXW240220202 BCX8\" href=\"https:\/\/www.lapeyre.fr\/produits\/menuiserie-porte-fenetre\/porte-dinterieur\/cloison-suspendue\" target=\"_blank\" rel=\"noreferrer noopener\"><span class=\"TextRun Underlined SCXW240220202 BCX8\" lang=\"FR-FR\" xml:lang=\"FR-FR\" data-contrast=\"none\"><span class=\"NormalTextRun SCXW240220202 BCX8\" data-ccp-charstyle=\"Hyperlink\">cloison suspendue<\/span><\/span><\/a><span class=\"TextRun SCXW240220202 BCX8\" lang=\"FR-FR\" xml:lang=\"FR-FR\" data-contrast=\"auto\"><span class=\"NormalTextRun SCXW240220202 BCX8\">\u202fsur-mesure. V\u00e9ritable objet de d\u00e9coration, elle habille votre int\u00e9rieur et le structure sans ab\u00eemer votre sol puisqu\u2019elle n\u2019y est pas directement pos\u00e9e. La cloison suspendue fonctionne gr\u00e2ce \u00e0 un syst\u00e8me de rails coulissants. Elle apporte l\u00e9g\u00e8ret\u00e9 et modernit\u00e9 \u00e0 votre espace et vous permet de s\u00e9parer votre pi\u00e8ce habilement.<\/span><\/span><span class=\"EOP SCXW240220202 BCX8\" data-ccp-props=\"{}\">\u00a0<\/span><\/p>\n<h3><strong>Une porte coulissante design<\/strong><\/h3>\n<p><span data-contrast=\"auto\">Lapeyre vous propose un vaste choix de\u202f<\/span><a href=\"https:\/\/www.lapeyre.fr\/produits\/menuiserie-porte-fenetre\/porte-dinterieur\/porte-coulissante\"><b><span data-contrast=\"none\">portes coulissantes<\/span><\/b><\/a><span data-contrast=\"auto\">\u202fpour am\u00e9nager au mieux votre int\u00e9rieur. Des portes coulissantes en applique (avec rail apparent ou cach\u00e9) \u00e0 celles \u00e0 galandage (qui disparaissent dans le mur), en passant par les portes avec plusieurs vantaux (les panneaux composant la porte) pour une s\u00e9paration plus large et modulable, les possibilit\u00e9s sont nombreuses.<\/span><span data-ccp-props=\"{}\">\u00a0<\/span><\/p>\n<p><span data-contrast=\"auto\">Ici encore, vous pourrez opter pour diff\u00e9rents mat\u00e9riaux (ch\u00eane, verre\u2026), diff\u00e9rents coloris (noir, blanc, bois naturel\u2026) et diff\u00e9rents styles (porte pleine, vitr\u00e9e, avec ou sans verri\u00e8re\u2026) pour donner vie \u00e0 vos deux nouvelles pi\u00e8ces.<\/span><span data-ccp-props=\"{}\">\u00a0<\/span><\/p>\n<h3><strong>Une verri\u00e8re pour laisser passer la lumi\u00e8re<\/strong><\/h3>\n<p><span data-contrast=\"auto\">Pour celles et ceux qui souhaitent cr\u00e9er une s\u00e9paration subtile entre deux espaces sans pour autant cloisonner totalement leur int\u00e9rieur, la\u202f<\/span><a href=\"https:\/\/www.lapeyre.fr\/produits\/menuiserie-porte-fenetre\/verriere\"><b><span data-contrast=\"none\">verri\u00e8re<\/span><\/b><\/a><span data-contrast=\"auto\">\u202fest un choix judicieux.\u202f Particuli\u00e8rement design, elle trouve facilement sa place dans tous les types de logements, en apportant une touche de modernit\u00e9 \u00e0 votre d\u00e9coration. Elle vient structurer votre espace tout en laissant passer la lumi\u00e8re entre les pi\u00e8ces. Une verri\u00e8re sera parfaite pour s\u00e9parer une cuisine d\u2019un salon, un coin bureau d\u2019une chambre ou encore un lit d\u2019un dressing.<\/span><span data-ccp-props=\"{}\">\u00a0<\/span><\/p>\n<p><span data-contrast=\"auto\">En acier, en aluminium ou en bois\u202f; fixe ou battante\u202f; large ou plus \u00e9troite, la verri\u00e8re est un v\u00e9ritable atout pour votre maison ou appartement.<\/span><span data-ccp-props=\"{}\">\u00a0<\/span><\/p>\n<h3><strong>Une cloison claustra<\/strong><\/h3>\n<p><span data-contrast=\"auto\">Pour s\u00e9parer une pi\u00e8ce en deux sans alourdir, Lapeyre vous recommande d\u2019opter pour un\u202f<\/span><a href=\"https:\/\/www.lapeyre.fr\/produits\/menuiserie-porte-fenetre\/porte-dinterieur\/cloison-suspendue\"><b><span data-contrast=\"none\">claustra<\/span><\/b><\/a><span data-contrast=\"auto\">, une cloison ajour\u00e9e qui d\u00e9limite un espace sans emp\u00eacher le passage de la lumi\u00e8re. Compos\u00e9 de plusieurs tiges ou barres verticales, le claustra s\u2019\u00e9tend g\u00e9n\u00e9ralement du plafond au sol. Contrairement \u00e0 une cloison pleine, l\u2019installation d\u2019un claustra ne n\u00e9cessite que peu de temps et d\u2019\u00e9nergie. Cette s\u00e9paration, qui peut \u00eatre con\u00e7ue \u00e0 partir d\u2019aluminium comme de bois, est parfaite pour les personnes qui veulent profiter d\u2019une sensation d\u2019ouverture, cloisonner leur int\u00e9rieur\u2026 mais pas trop\u202f!<\/span><span data-ccp-props=\"{}\">\u00a0<\/span><\/p>\n<p><span data-contrast=\"auto\">A\u00e9r\u00e9 et design, le claustra sera parfait pour s\u00e9parer l\u2019entr\u00e9e du salon, d\u00e9limiter le coin bureau du coin chambre ou m\u00eame remplacer une cloison pleine par une s\u00e9paration plus subtile dans votre cuisine.<\/span><span data-ccp-props=\"{}\">\u00a0<\/span><\/p>\n<p><span data-contrast=\"auto\">S\u00e9parer un espace en deux pi\u00e8ces ou apporter de la structure \u00e0 une d\u00e9co d\u2019int\u00e9rieur n\u2019est pas si compliqu\u00e9. Des solutions existent et elles s\u2019adaptent \u00e0 tous les budgets et toutes les envies. Lapeyre vous propose de nombreux s\u00e9parateurs de pi\u00e8ce et autres cloisons dont l\u2019installation reste simple et accessible. Pas besoin de gros travaux\u202f! Nos \u00e9quipes peuvent intervenir \u00e0 domicile pour\u202f<\/span><a href=\"https:\/\/www.lapeyre.fr\/c\/services\/le-conseil-a-domicile\"><b><span data-contrast=\"none\">vous conseiller<\/span><\/b><\/a><span data-contrast=\"auto\">\u202fet donner vie \u00e0 vos projets d\u2019am\u00e9nagement en prenant en charge\u202f<\/span><a href=\"https:\/\/www.lapeyre.fr\/c\/services\/installation-lapeyre\"><b><span data-contrast=\"none\">la pose de vos \u00e9quipements<\/span><\/b><\/a><span data-contrast=\"auto\">.<\/span><span data-ccp-props=\"{}\">\u00a0<\/span><\/p>\n<p><span data-contrast=\"auto\">Une question ou un doute quant \u00e0 l\u2019am\u00e9nagement de votre int\u00e9rieur ou l\u2019un de nos meubles\u202f? Nos experts sont l\u00e0 pour vous accompagner dans votre projet et vous aider \u00e0 d\u00e9limiter joliment votre espace. Prenez rendez-vous en magasin ou chez vous et profitez des conseils et id\u00e9es d\u00e9co de nos sp\u00e9cialistes\u202f!<\/span><span data-ccp-props=\"{}\">\u00a0<\/span><\/p>\n<p style=\"text-align: center;\"><a class=\"bouton bleu\" id=\"btn-rdv-magazine\" href=\"https:\/\/www.lapeyre.fr\/prise-de-rdv\">Prendre RDV<\/a><\/p>\n","protected":false},"excerpt":{"rendered":"<p>Comment s\u00e9parer une pi\u00e8ce en deux ? Pourquoi s\u00e9parer une pi\u00e8ce en deux ?\u00a0 Arriv\u00e9e d\u2019un b\u00e9b\u00e9&#8230;<\/p>\n","protected":false},"author":1019,"featured_media":4306,"comment_status":"open","ping_status":"open","sticky":false,"template":"","format":"standard","meta":{"_acf_changed":false,"footnotes":""},"categories":[955,956],"tags":[],"class_list":{"2":"type-post","6":"hentry"},"acf":[],"_links":{"self":[{"href":"https:\/\/www.lapeyre.fr\/c\/magazine\/wp-json\/wp\/v2\/posts\/4305","targetHints":{"allow":["GET"]}}],"collection":[{"href":"https:\/\/www.lapeyre.fr\/c\/magazine\/wp-json\/wp\/v2\/posts"}],"about":[{"href":"https:\/\/www.lapeyre.fr\/c\/magazine\/wp-json\/wp\/v2\/types\/post"}],"author":[{"embeddable":true,"href":"https:\/\/www.lapeyre.fr\/c\/magazine\/wp-json\/wp\/v2\/users\/1019"}],"replies":[{"embeddable":true,"href":"https:\/\/www.lapeyre.fr\/c\/magazine\/wp-json\/wp\/v2\/comments?post=4305"}],"version-history":[{"count":0,"href":"https:\/\/www.lapeyre.fr\/c\/magazine\/wp-json\/wp\/v2\/posts\/4305\/revisions"}],"wp:featuredmedia":[{"embeddable":true,"href":"https:\/\/www.lapeyre.fr\/c\/magazine\/wp-json\/wp\/v2\/media\/4306"}],"wp:attachment":[{"href":"https:\/\/www.lapeyre.fr\/c\/magazine\/wp-json\/wp\/v2\/media?parent=4305"}],"wp:term":[{"taxonomy":"category","embeddable":true,"href":"https:\/\/www.lapeyre.fr\/c\/magazine\/wp-json\/wp\/v2\/categories?post=4305"},{"taxonomy":"post_tag","embeddable":true,"href":"https:\/\/www.lapeyre.fr\/c\/magazine\/wp-json\/wp\/v2\/tags?post=4305"}],"curies":[{"name":"wp","href":"https:\/\/api.w.org\/{rel}","templated":true}]}}