{"id":4461,"date":"2025-07-24T10:41:58","date_gmt":"2025-07-24T08:41:58","guid":{"rendered":"https:\/\/www.lapeyre.fr\/c\/magazine\/?p=4461"},"modified":"2025-07-24T10:41:58","modified_gmt":"2025-07-24T08:41:58","slug":"comment-poser-une-baie-vitree","status":"publish","type":"post","link":"https:\/\/www.lapeyre.fr\/c\/magazine\/comment-poser-une-baie-vitree\/","title":{"rendered":"Comment poser une baie vitr\u00e9e ?"},"content":{"rendered":"<p>Installer une baie vitr\u00e9e peut sembler compliqu\u00e9, surtout si vous n\u2019\u00eates pas un expert du bricolage. Mais pas d\u2019inqui\u00e9tude\u00a0! Avec les conseils Lapeyre, vous serez bien accompagn\u00e9 durant votre projet. Si vous avez des doutes concernant les mat\u00e9riaux, les outils ou encore l\u2019entretien\u2026 Lapeyre vous dit tout dans ce guide. D\u00e9couvrez sans plus tarder comment poser votre baie vitr\u00e9e\u00a0!<\/p>\n<p><img loading=\"lazy\" decoding=\"async\" class=\"wp-image-4378 size-medium aligncenter\" style=\"margin: auto;\" src=\"https:\/\/www.lapeyre.fr\/wp-content\/uploads\/2025\/05\/Baie-coulissante-Neva-aluminium-1-300x143.jpg\" alt=\"Baie coulissante Neva aluminium\" width=\"300\" height=\"143\" srcset=\"https:\/\/www.lapeyre.fr\/wp-content\/uploads\/2025\/05\/Baie-coulissante-Neva-aluminium-1-300x143.jpg 300w, https:\/\/www.lapeyre.fr\/wp-content\/uploads\/2025\/05\/Baie-coulissante-Neva-aluminium-1-1024x487.jpg 1024w, https:\/\/www.lapeyre.fr\/wp-content\/uploads\/2025\/05\/Baie-coulissante-Neva-aluminium-1-768x365.jpg 768w, https:\/\/www.lapeyre.fr\/wp-content\/uploads\/2025\/05\/Baie-coulissante-Neva-aluminium-1-1536x730.jpg 1536w, https:\/\/www.lapeyre.fr\/wp-content\/uploads\/2025\/05\/Baie-coulissante-Neva-aluminium-1-2048x974.jpg 2048w, https:\/\/www.lapeyre.fr\/wp-content\/uploads\/2025\/05\/Baie-coulissante-Neva-aluminium-1-1920x913.jpg 1920w\" sizes=\"auto, (max-width: 300px) 100vw, 300px\" \/><\/p>\n<h2>Les types de poses de baie vitr\u00e9e<\/h2>\n<p>Il y a plusieurs m\u00e9thodes pour poser <a href=\"https:\/\/www.lapeyre.fr\/produits\/menuiserie-porte-fenetre\/baie-vitree\">une baie vitr\u00e9e<\/a> et voici les 4 principales\u00a0:<\/p>\n<ul>\n<li><strong>La pose en r\u00e9novation<\/strong>: elle consiste \u00e0 installer la baie vitr\u00e9e dans le cadre existant. C\u2019est une solution simple et moins on\u00e9reuse, parfaite pour de la r\u00e9novation.<\/li>\n<li><strong>La d\u00e9pose totale<\/strong>: consiste \u00e0 remplacer le cadre compl\u00e8tement et ainsi que les vantaux.<\/li>\n<li><strong>La pose en applique<\/strong>: cette m\u00e9thode consiste \u00e0 fixer le cadre directement sur la fa\u00e7ade ext\u00e9rieure, elle est souvent utilis\u00e9e pour des constructions neuves ou en r\u00e9novation.<\/li>\n<li><a href=\"https:\/\/www.lapeyre.fr\/c\/magazine\/baies-vitrees-a-galandage-inconvenients-et-avantages\/\">La pose \u00e0 galandage<\/a>: les vantaux coulissent dans l\u2019\u00e9paisseur du mur, pour une ouverture totalement d\u00e9gag\u00e9e. Cette pose n\u00e9cessite des travaux de ma\u00e7onnerie et est plus complexe \u00e0 r\u00e9aliser.<\/li>\n<\/ul>\n<p>Le choix du type de pose d\u00e9pendra de votre logement, du budget et de vos envies sur le plan esth\u00e9tique.<\/p>\n<h2>Quelles sont les \u00e9tapes pour poser une baie vitr\u00e9e ?<\/h2>\n<p>Poser une baie vitr\u00e9e soi-m\u00eame, c\u2019est possible. Mais sachez que cette installation demande des comp\u00e9tences en bricolage avanc\u00e9es. Le mieux est de faire appel \u00e0 un professionnel de la menuiserie Lapeyre.<\/p>\n<p>Voici les \u00e9tapes que l\u2019expert suivra pour <a href=\"https:\/\/www.lapeyre.fr\/c\/magazine\/comment-installer-une-fenetre-en-renovation-en-6-etapes\/\">poser votre fen\u00eatre en r\u00e9novation<\/a>\u00a0:<\/p>\n<p>La premi\u00e8re \u00e9tape consiste \u00e0 <strong>pr\u00e9parer l\u2019ouverture<\/strong>. Cela inclut le retrait de l\u2019ancienne menuiserie si n\u00e9cessaire et le nettoyage minutieux du tableau (l\u2019ouverture dans le mur). Il est important de prendre des dimensions pr\u00e9cises afin que la baie vitr\u00e9e s\u2019adapte parfaitement pour une bonne \u00e9tanch\u00e9it\u00e9. On vous explique comment prendre les <a href=\"https:\/\/www.lapeyre.fr\/c\/magazine\/dimensionner-baie-vitree-coulissante\/\">dimensions de votre baie vitr\u00e9e<\/a> ici. Il faut aussi contr\u00f4ler que le seuil est bien horizontal et que les montants verticaux sont bien \u00e9quilibr\u00e9s.<\/p>\n<p>Ensuite, pour <strong>la fixation du cadre dormant<\/strong>, on commence par fixer les clameaux et pattes de fixation sur le cadre. Il suffit de placer le cadre dans l\u2019ouverture, en l\u2019ajustant avec des cales pour qu\u2019il soit bien droit et au bon niveau. Une fois bien positionn\u00e9, fixez le cadre au mur \u00e0 l\u2019aide de chevilles et de vis.<\/p>\n<p>L\u2019\u00e9tape suivante est <strong>l\u2019installation des vantaux<\/strong>. Si la pose concerne une baie vitr\u00e9e coulissante, on pose d\u2019abord les rails, puis on embo\u00eete les vantaux en commen\u00e7ant par le haut, puis le bas. Il faut ensuite v\u00e9rifier que les vantaux coulissent facilement et que la fermeture est fluide.<\/p>\n<p><strong>La v\u00e9rification de l\u2019\u00e9tanch\u00e9it\u00e9<\/strong> est une \u00e9tape importante : il faut appliquer un joint autour du cadre pour emp\u00eacher les infiltrations d\u2019air et d\u2019eau. Ensuite, vous pouvez injecter un isolant, souvent de la mousse expansive, entre le dormant et le mur afin d\u2019am\u00e9liorer l\u2019isolation thermique et phonique.<\/p>\n<p>Les travaux se terminent par <strong>les finitions<\/strong>\u00a0: posez les habillages pour masquer les fixations. Nettoyez soigneusement la baie vitr\u00e9e avec un chiffon mouill\u00e9 et faites un contr\u00f4le final pour vous assurer du bon fonctionnement et de l\u2019esth\u00e9tique de votre baie vitr\u00e9e. Que vous ayez opt\u00e9 pour <a href=\"https:\/\/www.lapeyre.fr\/produits\/menuiserie-porte-fenetre\/baie-vitree\/baie-vitree-aluminium\">une baie vitr\u00e9e en aluminium<\/a>, <a href=\"https:\/\/www.lapeyre.fr\/produits\/menuiserie-porte-fenetre\/baie-vitree\/baie-vitree-bois\">en bois<\/a> ou pour une <a href=\"https:\/\/www.lapeyre.fr\/produits\/menuiserie-porte-fenetre\/baie-vitree\/baie-vitree-pvc\">baie vitr\u00e9e en PVC<\/a>, gardez en m\u00e9moire qu\u2019une pose soign\u00e9e est garante de votre confort.<\/p>\n<h2>Quel est le co\u00fbt de l\u2019installation d&rsquo;une baie vitr\u00e9e ?<\/h2>\n<p>Le prix d\u2019installation d\u2019une baie vitr\u00e9e d\u00e9pend de plusieurs \u00e9l\u00e9ments. Le <strong>type de pose<\/strong> (la r\u00e9novation ou la construction neuve), les <strong>dimensions<\/strong>, le <strong>mat\u00e9riau<\/strong> choisi (PVC, bois ou aluminium), le <strong>nombre de vantaux<\/strong> ainsi que le <strong>vitrage <\/strong>(double vitrage, triple, isolant renforc\u00e9) influencent le prix final.<\/p>\n<p>En moyenne, pour une baie vitr\u00e9e standard (2 vantaux 215&#215;240 cm), il faut pr\u00e9voir un budget global <strong>de 1 050 \u20ac \u00e0 3 500 \u20ac, <\/strong>avec la pose incluse. En r\u00e9novation, ce montant peut monter jusqu\u2019\u00e0 4 000 \u20ac ou plus, selon la complexit\u00e9 des travaux.<\/p>\n<p>\u00c0 titre indicatif :<\/p>\n<ul>\n<li><strong>Les baies vitr\u00e9es coulissantes<\/strong> : les prix se situent entre 1 050 \u20ac \u00e0 3 500 \u20ac<\/li>\n<li><strong>Les baies vitr\u00e9es \u00e0 galandage<\/strong> : les prix varient entre 1 300 \u20ac \u00e0 5 900 \u20ac selon les options<\/li>\n<li><strong>La pose seule<\/strong> : les prix sont autour de 250 \u20ac \u00e0 400 \u20ac pour du neuf, jusqu\u2019\u00e0 1 000 \u20ac pour de la r\u00e9novation (d\u00e9pose et travaux)<\/li>\n<\/ul>\n<p>Pour un devis pr\u00e9cis de votre projet, il vaut mieux faire appel \u00e0 un professionnel Lapeyre qui tiendra compte de vos besoins, du type de menuiserie, de l\u2019isolation souhait\u00e9e et des contraintes par rapport \u00e0 votre mur.<\/p>\n<h2>Quels outils sont n\u00e9cessaires pour la pose de baies vitr\u00e9es ?<\/h2>\n<p>Si vous d\u00e9cidez de vous lancer dans la pose de baie vitr\u00e9e, voici les outils dont vous aurez besoin\u00a0:<\/p>\n<ul>\n<li><strong>Perceuse-visseuse<\/strong>\u00a0: pour percer les trous dans le mur et visser les pattes de fixation.<\/li>\n<\/ul>\n<ul>\n<li><strong>Niveau \u00e0 bulle\u00a0et fil \u00e0 plomb<\/strong> : pour v\u00e9rifier que tout est bien droit, aussi bien \u00e0 l\u2019horizontale qu\u2019\u00e0 la verticale.<\/li>\n<li><strong>M\u00e8tre ruban et crayon<\/strong>\u00a0: pour prendre des mesures pr\u00e9cises de l\u2019ouverture, de la baie vitr\u00e9e et marquer vos rep\u00e8res.<\/li>\n<li><strong>Cales en bois ou en plastique<\/strong>\u00a0: elles permettent de bien caler le dormant pendant l\u2019installation.<\/li>\n<li><strong>Chevilles et vis <\/strong>: pour fixer solidement le dormant.<\/li>\n<li><strong>Pattes de fixation et \u00e9querres<\/strong>\u00a0: elles servent \u00e0 maintenir fermement le cadre au mur.<\/li>\n<\/ul>\n<p>Si vous \u00eates en r\u00e9novation, vous aurez \u00e9galement besoin d\u2019un marteau, un burin et \u00e9ventuellement un pied-de-biche pour retirer l\u2019ancienne menuiserie.<\/p>\n<p>D\u2019autres outils utiles\u00a0:<\/p>\n<ul>\n<li><strong>Silicone ou mastic d\u2019\u00e9tanch\u00e9it\u00e9 et un pistolet \u00e0 mastic<\/strong> : pour \u00e9viter toute infiltration.<\/li>\n<li><strong>Couteau \u00e0 mastiquer ou spatule<\/strong> : pour lisser les joints proprement.<\/li>\n<li><strong>Ventouses de manutention<\/strong> : utiles pour manipuler les vitrages sans risque, surtout s\u2019ils sont grands ou lourds.<\/li>\n<\/ul>\n<p>Ces outils couvrent l\u2019ensemble des travaux \u00e0 r\u00e9aliser. Vous pouvez \u00e9galement faire un tour sur la s\u00e9lection Lapeyre de <a href=\"https:\/\/www.lapeyre.fr\/produits\/equipement-outil\/produit-pose-dentretien\/kit-outil-pose-menuiserie\">kit et outil de pose de menuiserie<\/a>. Pour r\u00e9aliser un travail soign\u00e9, il est recommand\u00e9 d\u2019utiliser des outils en bon \u00e9tat et de respecter les consignes de s\u00e9curit\u00e9. Si vous ne vous sentez pas \u00e0 l\u2019aise pour poser votre baie vitr\u00e9e seul ou si vous avez des questions avant de vous lancer, n\u2019h\u00e9sitez pas \u00e0 prendre rendez-vous en ligne ou \u00e0 vous rendre directement en magasin pour \u00e9changer avec les experts Lapeyre.<\/p>\n<p>&nbsp;<\/p>\n<p>&nbsp;<\/p>\n<p>&nbsp;<\/p>\n<p>&nbsp;<\/p>\n<p>&nbsp;<\/p>\n<p>&nbsp;<\/p>\n<p style=\"text-align: center;\"><a class=\"bouton bleu\" id=\"btn-rdv-magazine\" href=\"https:\/\/www.lapeyre.fr\/prise-de-rdv\">Prendre RDV<\/a><\/p>\n","protected":false},"excerpt":{"rendered":"<p>Installer une baie vitr\u00e9e peut sembler compliqu\u00e9, surtout si vous n\u2019\u00eates pas un expert du bricolage. Mais&#8230;<\/p>\n","protected":false},"author":1019,"featured_media":4378,"comment_status":"open","ping_status":"open","sticky":false,"template":"","format":"standard","meta":{"_acf_changed":false,"footnotes":""},"categories":[955,958],"tags":[],"class_list":{"2":"type-post","6":"hentry"},"acf":[],"_links":{"self":[{"href":"https:\/\/www.lapeyre.fr\/c\/magazine\/wp-json\/wp\/v2\/posts\/4461","targetHints":{"allow":["GET"]}}],"collection":[{"href":"https:\/\/www.lapeyre.fr\/c\/magazine\/wp-json\/wp\/v2\/posts"}],"about":[{"href":"https:\/\/www.lapeyre.fr\/c\/magazine\/wp-json\/wp\/v2\/types\/post"}],"author":[{"embeddable":true,"href":"https:\/\/www.lapeyre.fr\/c\/magazine\/wp-json\/wp\/v2\/users\/1019"}],"replies":[{"embeddable":true,"href":"https:\/\/www.lapeyre.fr\/c\/magazine\/wp-json\/wp\/v2\/comments?post=4461"}],"version-history":[{"count":0,"href":"https:\/\/www.lapeyre.fr\/c\/magazine\/wp-json\/wp\/v2\/posts\/4461\/revisions"}],"wp:featuredmedia":[{"embeddable":true,"href":"https:\/\/www.lapeyre.fr\/c\/magazine\/wp-json\/wp\/v2\/media\/4378"}],"wp:attachment":[{"href":"https:\/\/www.lapeyre.fr\/c\/magazine\/wp-json\/wp\/v2\/media?parent=4461"}],"wp:term":[{"taxonomy":"category","embeddable":true,"href":"https:\/\/www.lapeyre.fr\/c\/magazine\/wp-json\/wp\/v2\/categories?post=4461"},{"taxonomy":"post_tag","embeddable":true,"href":"https:\/\/www.lapeyre.fr\/c\/magazine\/wp-json\/wp\/v2\/tags?post=4461"}],"curies":[{"name":"wp","href":"https:\/\/api.w.org\/{rel}","templated":true}]}}