{"id":454,"date":"2019-10-23T11:59:26","date_gmt":"2019-10-23T09:59:26","guid":{"rendered":"https:\/\/magazine.lapeyre.fr\/?p=454"},"modified":"2025-03-13T10:18:44","modified_gmt":"2025-03-13T09:18:44","slug":"plan-travail-resine","status":"publish","type":"post","link":"https:\/\/www.lapeyre.fr\/c\/magazine\/plan-travail-resine\/","title":{"rendered":"Pourquoi choisir un plan de travail en r\u00e9sine de synth\u00e8se ?"},"content":{"rendered":"\r\n<p><strong>Vous avez fait les plans de votre<\/strong>\u00a0<strong>cuisine, avez choisi votre mobilier mais vous h\u00e9sitez encore sur le choix du<\/strong>\u00a0<strong><a href=\"https:\/\/www.lapeyre.fr\/plans-travail-CCN0091\">plan de travail<\/a> ? Et si vous optiez pour un plan de travail en<a href=\"https:\/\/www.lapeyre.fr\/resine-CCN688163\"> r\u00e9sine de synth\u00e8se<\/a> ?<\/strong> <strong>Voici tout ce qu\u2019il faut savoir sur cette mati\u00e8re tendance tr\u00e8s pl\u00e9biscit\u00e9e !<\/strong><\/p>\r\n\r\n\r\n\r\n<h2 class=\"wp-block-heading\"><strong>Un mat\u00e9riau haute performance pour votre plan de travail en r\u00e9sine<\/strong><\/h2>\r\n\r\n\r\n\r\n<p>Parce qu\u2019elle r\u00e9pond parfaitement aux exigences de <strong>r\u00e9sistance<\/strong> <strong>et<\/strong> <strong>d\u2019hygi\u00e8ne<\/strong>,\u00a0<a href=\"https:\/\/www.lapeyre.fr\/resine-CCN688163\">la r\u00e9sine de synth\u00e8se<\/a>\u00a0est largement utilis\u00e9e dans de nombreux domaines. Il n\u2019est donc pas \u00e9tonnant de la retrouver dans les <strong>receveurs<\/strong> <strong>de\u00a0douche<\/strong> de nos salles de bains et bien entendu sur les <strong>plans de travail <\/strong>de nos cuisines.<\/p>\r\n\r\n\r\n\r\n<h2 class=\"wp-block-heading\"><strong><strong>Tous les avantages de la r\u00e9sine de synth\u00e8se<\/strong><\/strong><\/h2>\r\n\r\n\r\n\r\n<p>Un plan de travail en r\u00e9sine pr\u00e9sente de multiples avantages non n\u00e9gligeables.<\/p>\r\n\r\n\r\n\r\n<h3 class=\"wp-block-heading\"><strong>Un plan de travail hygi\u00e9nique<\/strong><\/h3>\r\n\r\n\r\n\r\n<p><strong>Parfaitement hygi\u00e9nique<\/strong>\u00a0par rapport au marbre ou au bois, la r\u00e9sine de synth\u00e8se est une <strong>mati\u00e8re aseptique<\/strong> id\u00e9ale pour ceux qui recherchent une propret\u00e9 exemplaire. <strong>\u00c9tanche et non poreuse<\/strong>, elle n\u2019a pas de joints apparents et vous \u00e9pargne des probl\u00e8mes de moisissure.<\/p>\r\n\r\n\r\n\r\n<h3 class=\"wp-block-heading\"><strong>La r\u00e9sine est r\u00e9sistante<\/strong><\/h3>\r\n\r\n\r\n\r\n<p><strong>Ultra r\u00e9sistante<\/strong>, cette mati\u00e8re <strong>ne craint pas l\u2019usure, les taches, l\u2019abrasion, les chocs thermiques et les temp\u00e9ratures allant jusqu\u2019\u00e0 180\u00b0C<\/strong>. Cependant, comme tout plan de travail, l\u2019usage d\u2019une planche \u00e0 d\u00e9couper vous \u00e9vitera de l\u2019ab\u00eemer et de la rayer, m\u00eame si la r\u00e9sine de synth\u00e8se peut \u00eatre ponc\u00e9e en cas de rayures difficiles \u00e0 faire dispara\u00eetre.<\/p>\r\n\r\n\r\n\r\n<p>Sa long\u00e9vit\u00e9\u00a0: avec une <strong>dur\u00e9e de vie entre 15 et 20 ans<\/strong>, un plan de travail en r\u00e9sine vous permet d\u2019\u00eatre tranquille et de voir venir pour quelques ann\u00e9es. C\u2019est donc un <strong>excellent investissement<\/strong>.<\/p>\r\n\r\n\r\n\r\n<figure class=\"wp-block-image\"><img loading=\"lazy\" decoding=\"async\" width=\"1024\" height=\"612\" class=\"wp-image-464\" src=\"\/wp-content\/uploads\/2019\/10\/plan-de-travail-en-resine-gris-1024x612.jpg\" alt=\"plan-de-travail-en-resine-de-synthese\" srcset=\"https:\/\/www.lapeyre.fr\/wp-content\/uploads\/2019\/10\/plan-de-travail-en-resine-gris-1024x612.jpg 1024w, https:\/\/www.lapeyre.fr\/wp-content\/uploads\/2019\/10\/plan-de-travail-en-resine-gris-300x179.jpg 300w, https:\/\/www.lapeyre.fr\/wp-content\/uploads\/2019\/10\/plan-de-travail-en-resine-gris-768x459.jpg 768w, https:\/\/www.lapeyre.fr\/wp-content\/uploads\/2019\/10\/plan-de-travail-en-resine-gris.jpg 1385w\" sizes=\"auto, (max-width: 1024px) 100vw, 1024px\" \/><\/figure>\r\n\r\n\r\n\r\n<h3 class=\"wp-block-heading\"><strong>Un entretien facilit\u00e9 par la r\u00e9sine<\/strong><\/h3>\r\n\r\n\r\n\r\n<p>Facile d\u2019entretien, sa surface lisse et dure <strong>supporte le lavage aux produits d\u00e9tergents <\/strong>et ne demande <strong>pas d\u2019efforts particuliers<\/strong> : une \u00e9ponge humide suffit. Pour les t\u00e2ches difficiles, on pr\u00e9f\u00e9rera un chiffon en microfibre et de la cr\u00e8me \u00e0 r\u00e9curer.<\/p>\r\n\r\n\r\n\r\n<h3 class=\"wp-block-heading\"><strong>Le bon rapport qualit\u00e9\/prix du plan de travail en r\u00e9sine<\/strong><\/h3>\r\n\r\n\r\n\r\n<p>Le rapport qualit\u00e9\/prix\u00a0est une autre bonne raison d\u2019installer un plan de travail en r\u00e9sine de synth\u00e8se. M\u00eame si sa pose reste moins ch\u00e8re que pour la pierre naturelle, la r\u00e9sine reste n\u00e9anmoins un <strong>mat\u00e9riau haut de gamme<\/strong>.<\/p>\r\n\r\n\r\n\r\n<h2 class=\"wp-block-heading\"><strong><strong>Un style intemporel et \u00e9pur\u00e9<\/strong> <strong>pour votre plan de travail en r\u00e9sine<\/strong><\/strong><\/h2>\r\n\r\n\r\n\r\n<p>Installer un\u00a0<a href=\"https:\/\/www.lapeyre.fr\/plans-travail-CCN0091\">plan de travail<\/a>\u00a0en r\u00e9sine est un choix d\u00e9coratif <strong>recommand\u00e9 par beaucoup de designers<\/strong>. En effet, sa <strong>finition mate ou satin\u00e9e<\/strong> lui conf\u00e8re un<strong> toucher velout\u00e9<\/strong>, <strong>illumine les cuisines<\/strong> et<strong> valorise le mobilier<\/strong>. <strong>L\u2019absence de jonctions et de joints apparents <\/strong>rend les surfaces visuellement harmonieuses, ce qui est un must quand on a le souci du d\u00e9tail.<\/p>\r\n\r\n\r\n\r\n<figure class=\"wp-block-image\"><img loading=\"lazy\" decoding=\"async\" width=\"846\" height=\"700\" class=\"wp-image-465\" src=\"\/wp-content\/uploads\/2019\/10\/plan-de-travail-en-resine-blanche.jpg\" alt=\"plan-de-travail-design-en-resine\" srcset=\"https:\/\/www.lapeyre.fr\/wp-content\/uploads\/2019\/10\/plan-de-travail-en-resine-blanche.jpg 846w, https:\/\/www.lapeyre.fr\/wp-content\/uploads\/2019\/10\/plan-de-travail-en-resine-blanche-300x248.jpg 300w, https:\/\/www.lapeyre.fr\/wp-content\/uploads\/2019\/10\/plan-de-travail-en-resine-blanche-768x635.jpg 768w\" sizes=\"auto, (max-width: 846px) 100vw, 846px\" \/><\/figure>\r\n\r\n\r\n\r\n<h2 class=\"wp-block-heading\"><strong><strong>De nombreuses options de personnalisation du plan de travail en r\u00e9sine<\/strong><\/strong><\/h2>\r\n\r\n\r\n\r\n<p>Le saviez-vous ? <strong>Toutes les cuisines Lapeyre \u00e9quip\u00e9es d\u2019un plan de travail en r\u00e9sine sont personnalisables<\/strong>, tant au niveau des <strong>coloris<\/strong> que des <strong>formes<\/strong> : en I, en L, en U ou bien d\u2019autres plus originales. Enfin, vous pouvez ajouter un <strong>\u00e9gouttoir cisel\u00e9<\/strong> dans le plan en option.<\/p>\r\n\n<p style=\"text-align: center;\"><a class=\"bouton bleu\" id=\"btn-rdv-magazine\" href=\"https:\/\/www.lapeyre.fr\/prise-de-rdv\">Prendre RDV<\/a><\/p>","protected":false},"excerpt":{"rendered":"<p>Vous avez fait les plans de votre\u00a0cuisine, avez choisi votre mobilier mais vous h\u00e9sitez encore sur le&#8230;<\/p>\n","protected":false},"author":1004,"featured_media":0,"comment_status":"open","ping_status":"open","sticky":false,"template":"","format":"standard","meta":{"_acf_changed":false,"footnotes":""},"categories":[978,975],"tags":[5,21],"class_list":{"2":"type-post","5":"hentry"},"acf":[],"_links":{"self":[{"href":"https:\/\/www.lapeyre.fr\/c\/magazine\/wp-json\/wp\/v2\/posts\/454","targetHints":{"allow":["GET"]}}],"collection":[{"href":"https:\/\/www.lapeyre.fr\/c\/magazine\/wp-json\/wp\/v2\/posts"}],"about":[{"href":"https:\/\/www.lapeyre.fr\/c\/magazine\/wp-json\/wp\/v2\/types\/post"}],"author":[{"embeddable":true,"href":"https:\/\/www.lapeyre.fr\/c\/magazine\/wp-json\/wp\/v2\/users\/1004"}],"replies":[{"embeddable":true,"href":"https:\/\/www.lapeyre.fr\/c\/magazine\/wp-json\/wp\/v2\/comments?post=454"}],"version-history":[{"count":0,"href":"https:\/\/www.lapeyre.fr\/c\/magazine\/wp-json\/wp\/v2\/posts\/454\/revisions"}],"wp:attachment":[{"href":"https:\/\/www.lapeyre.fr\/c\/magazine\/wp-json\/wp\/v2\/media?parent=454"}],"wp:term":[{"taxonomy":"category","embeddable":true,"href":"https:\/\/www.lapeyre.fr\/c\/magazine\/wp-json\/wp\/v2\/categories?post=454"},{"taxonomy":"post_tag","embeddable":true,"href":"https:\/\/www.lapeyre.fr\/c\/magazine\/wp-json\/wp\/v2\/tags?post=454"}],"curies":[{"name":"wp","href":"https:\/\/api.w.org\/{rel}","templated":true}]}}