{"id":4652,"date":"2025-11-19T17:43:49","date_gmt":"2025-11-19T16:43:49","guid":{"rendered":"https:\/\/www.lapeyre.fr\/c\/magazine\/?p=4652"},"modified":"2025-12-16T17:37:41","modified_gmt":"2025-12-16T16:37:41","slug":"nouvelle-norme-pour-vos-balustrades-plus-de-securite-a-la-maison","status":"publish","type":"post","link":"https:\/\/www.lapeyre.fr\/c\/magazine\/nouvelle-norme-pour-vos-balustrades-plus-de-securite-a-la-maison\/","title":{"rendered":"Nouvelle norme pour vos balustrades : plus de s\u00e9curit\u00e9 \u00e0 la maison"},"content":{"rendered":"<p>Depuis novembre 2024, une nouvelle version de la norme NF P 01-012 s\u2019applique \u00e0 la conception des balustrades et des garde-corps en France. Le but ici est de prot\u00e9ger en limitant les risques de chutes pour les jeunes enfants. Applicable pour son march\u00e9 au 1<sup>er<\/sup> janvier 2026, Lapeyre vous explique tout sur cette mise \u00e0 jour\u00a0!<\/p>\n<p><img loading=\"lazy\" decoding=\"async\" class=\"aligncenter wp-image-4658 size-large\" src=\"https:\/\/www.lapeyre.fr\/wp-content\/uploads\/2025\/10\/Escalier-ESTELLE-Rampe-et-Balustrade-FERA-1024x565.jpg\" alt=\"Escalier estelle rampe et balustrade fera\" width=\"1024\" height=\"565\" srcset=\"https:\/\/www.lapeyre.fr\/wp-content\/uploads\/2025\/10\/Escalier-ESTELLE-Rampe-et-Balustrade-FERA-1024x565.jpg 1024w, https:\/\/www.lapeyre.fr\/wp-content\/uploads\/2025\/10\/Escalier-ESTELLE-Rampe-et-Balustrade-FERA-300x166.jpg 300w, https:\/\/www.lapeyre.fr\/wp-content\/uploads\/2025\/10\/Escalier-ESTELLE-Rampe-et-Balustrade-FERA-768x424.jpg 768w, https:\/\/www.lapeyre.fr\/wp-content\/uploads\/2025\/10\/Escalier-ESTELLE-Rampe-et-Balustrade-FERA-1536x848.jpg 1536w, https:\/\/www.lapeyre.fr\/wp-content\/uploads\/2025\/10\/Escalier-ESTELLE-Rampe-et-Balustrade-FERA-1920x1060.jpg 1920w, https:\/\/www.lapeyre.fr\/wp-content\/uploads\/2025\/10\/Escalier-ESTELLE-Rampe-et-Balustrade-FERA.jpg 2000w\" sizes=\"auto, (max-width: 1024px) 100vw, 1024px\" \/><\/p>\n<p>&nbsp;<\/p>\n<h2><strong>C\u2019est quoi la norme <\/strong><strong>NF P 01-012\u00a0?<\/strong><\/h2>\n<p>La norme de s\u00e9curit\u00e9 pour les garde-corps vise \u00e0 <strong>r\u00e9duire les risques de chutes<\/strong>, trop fr\u00e9quentes ces derni\u00e8res ann\u00e9es avec des d\u00e9fenestrations sur des fen\u00eatres et portes fen\u00eatres. L\u2019objectif principal de cette norme est de garantir la s\u00e9curit\u00e9 des personnes dans tous les types de b\u00e2timents, qu\u2019il s\u2019agisse de logements priv\u00e9s, de b\u00e2timents publics ou encore de lieux de travail. Il est d\u2019autant plus important d\u2019appliquer cette norme de s\u00e9curit\u00e9 pour balustrades dans les zones o\u00f9 le risque de chute en hauteur est r\u00e9el.<\/p>\n<p>Elle d\u00e9finit des exigences de s\u00e9curit\u00e9 et de protection pour les garde-corps install\u00e9s autour des terrasses, le long des escaliers, sur les mezzanines ou tout autre espace en hauteur pr\u00e9sentant un risque de chute.<\/p>\n<p>La norme concerne non seulement la hauteur et la r\u00e9sistance des garde-corps mais aussi leur remplissage afin d\u2019emp\u00eacher toute personne et surtout les enfants, de passer au travers et tomber. Elle concerne tous les garde-corps quelques soient les mat\u00e9riaux utilis\u00e9s comme l\u2019inox, le verre ou le m\u00e9tal.<\/p>\n<h2><strong>Ce que la norme change concr\u00e8tement<\/strong><\/h2>\n<p>Jusqu\u2019ici, la pr\u00e9c\u00e9dente version de la norme datait de 1988 et est rest\u00e9e inchang\u00e9e depuis.<br \/>\nLa r\u00e9vision publi\u00e9e en <strong>novembre 2024<\/strong> impose d\u00e9sormais plusieurs ajustements tels que :<\/p>\n<ul>\n<li><strong>\u00c9cartement r\u00e9duit entre les barres horizontales<\/strong> pour emp\u00eacher le passage ou l\u2019escalade par les enfants et \u00e9viter les risques de passer au travers.<\/li>\n<li><strong>Zone de s\u00e9curit\u00e9 inf\u00e9rieure (all\u00e8ge ou partie basse du garde-corps) <\/strong>: le remplissage en partie basse ou les \u00e9l\u00e9ments de protection doivent d\u00e9sormais atteindre <strong>au moins 60 cm<\/strong> (au lieu de 45 cm) pour \u00e9viter les risques d\u2019escalade, de passage au travers et de basculement.<\/li>\n<li><strong>3 nouveaux gabarits de contr\u00f4le<\/strong> pour s\u2019assurer qu\u2019aucun objet ou pied d\u2019enfant ne puisse passer \u00e0 travers.<\/li>\n<\/ul>\n<p>Cela \u00e9vite qu\u2019un enfant puisse trouver un appui ou une prise pour grimper. Ces \u00e9volutions concernent principalement les <strong>balustrades \u00e0 remplissage horizontal<\/strong>.<\/p>\n<p>Il est important de savoir que, si les installations ne sont pas conformes, la responsabilit\u00e9 des professionnels peut \u00eatre engag\u00e9e. La norme mise \u00e0 jour s\u2019applique aux garde-corps et aux rampes d\u2019escalier des b\u00e2timents, qu\u2019ils soient priv\u00e9s ou publics, ainsi qu\u2019\u00e0 leurs abords imm\u00e9diats.<\/p>\n<p>Besoin d\u2019aide pour l\u2019installation de vos \u00e9quipements\u00a0? Les \u00e9quipes Lapeyre vous accompagnent. D\u00e9couvrez nos <a href=\"https:\/\/www.lapeyre.fr\/c\/services\/installation-lapeyre\">services de pose<\/a>.<\/p>\n<h2><strong>Chez Lapeyre, des produits d\u00e9j\u00e0 conformes<\/strong><\/h2>\n<p>Chez Lapeyre, plusieurs mod\u00e8les ont \u00e9t\u00e9 retravaill\u00e9es pour \u00eatre conforme \u00e0 cette \u00e9volution de la norme de s\u00e9curit\u00e9 pour balustrades. Nos produits d\u2019exposition en magasin peuvent encore pr\u00e9senter l\u2019ancien design mais <span data-olk-copy-source=\"MessageBody\">les devis \u00e9dit\u00e9s \u00e0 partir du 1 er d\u00e9cembre seront conforme \u00e0 la nouvelle version de la norme publi\u00e9e le 22 novembre 2024<\/span>. Les principaux changements portent sur<strong> la rehausse du sous-bassement et la r\u00e9duction de l\u2019\u00e9cartement entre deux \u00e9l\u00e9ments horizontaux<\/strong>. Tout est fait pour renforcer la s\u00e9curit\u00e9 de tous.<\/p>\n<p><span data-olk-copy-source=\"MessageBody\">voici nos gammes concern\u00e9es:\u00a0<\/span><\/p>\n<ul>\n<li><strong>Balustrade Eden<\/strong> bois massif, r\u00e9hausse du sous-bassement<\/li>\n<\/ul>\n<figure id=\"attachment_4685\" aria-describedby=\"caption-attachment-4685\" style=\"width: 1024px\" class=\"wp-caption aligncenter\"><img loading=\"lazy\" decoding=\"async\" class=\"wp-image-4685 size-large\" title=\"Balustrade Eden nouvelle norme\" src=\"https:\/\/www.lapeyre.fr\/wp-content\/uploads\/2025\/11\/Mise-en-scene-Balustrade-Eden-nouvelle-norme-1024x576.png\" alt=\"Balustrade Eden nouvelle norme\" width=\"1024\" height=\"576\" srcset=\"https:\/\/www.lapeyre.fr\/wp-content\/uploads\/2025\/11\/Mise-en-scene-Balustrade-Eden-nouvelle-norme-1024x576.png 1024w, https:\/\/www.lapeyre.fr\/wp-content\/uploads\/2025\/11\/Mise-en-scene-Balustrade-Eden-nouvelle-norme-300x169.png 300w, https:\/\/www.lapeyre.fr\/wp-content\/uploads\/2025\/11\/Mise-en-scene-Balustrade-Eden-nouvelle-norme-768x432.png 768w, https:\/\/www.lapeyre.fr\/wp-content\/uploads\/2025\/11\/Mise-en-scene-Balustrade-Eden-nouvelle-norme-1536x864.png 1536w, https:\/\/www.lapeyre.fr\/wp-content\/uploads\/2025\/11\/Mise-en-scene-Balustrade-Eden-nouvelle-norme.png 1920w\" sizes=\"auto, (max-width: 1024px) 100vw, 1024px\" \/><figcaption id=\"caption-attachment-4685\" class=\"wp-caption-text\">Balustrade Eden nouvelle norme<\/figcaption><\/figure>\n<ul>\n<li><strong>Balustrade Epure<\/strong> c\u00e2bles et tubes inox, r\u00e9hausse du soubassement<\/li>\n<li><strong>Balustrades Eva, Evan, Studio\/ New York (Cubik Tube Eco), Cubik Inox<\/strong>, r\u00e9hausse du sous-bassement*<\/li>\n<li><strong>Balustrade R\u00e9gate Tubes<\/strong>, r\u00e9hausse du soubassement et modification des \u00e9cartements des 2 tubes + la longueur maximale passe de 1,5m \u00e0 1m<\/li>\n<\/ul>\n<figure id=\"attachment_4690\" aria-describedby=\"caption-attachment-4690\" style=\"width: 1024px\" class=\"wp-caption aligncenter\"><img loading=\"lazy\" decoding=\"async\" class=\"wp-image-4690 size-large\" title=\"Balustrade R\u00e9gate nouvelle norme\" src=\"https:\/\/www.lapeyre.fr\/wp-content\/uploads\/2025\/11\/Mise-en-scene-Balustrade-Regate-nouvelle-norme-002-1024x665.png\" alt=\"Balustrade R\u00e9gate nouvelle norme\" width=\"1024\" height=\"665\" srcset=\"https:\/\/www.lapeyre.fr\/wp-content\/uploads\/2025\/11\/Mise-en-scene-Balustrade-Regate-nouvelle-norme-002-1024x665.png 1024w, https:\/\/www.lapeyre.fr\/wp-content\/uploads\/2025\/11\/Mise-en-scene-Balustrade-Regate-nouvelle-norme-002-300x195.png 300w, https:\/\/www.lapeyre.fr\/wp-content\/uploads\/2025\/11\/Mise-en-scene-Balustrade-Regate-nouvelle-norme-002-768x499.png 768w, https:\/\/www.lapeyre.fr\/wp-content\/uploads\/2025\/11\/Mise-en-scene-Balustrade-Regate-nouvelle-norme-002.png 1496w\" sizes=\"auto, (max-width: 1024px) 100vw, 1024px\" \/><figcaption id=\"caption-attachment-4690\" class=\"wp-caption-text\">Balustrade R\u00e9gate nouvelle norme<\/figcaption><\/figure>\n<ul>\n<li><strong>Balustrades F\u00e9ra et F\u00e9ra Main Bois<\/strong>, r\u00e9hausse du soubassement et modification des \u00e9cartements des 2 tubes<\/li>\n<\/ul>\n<figure id=\"attachment_4687\" aria-describedby=\"caption-attachment-4687\" style=\"width: 1024px\" class=\"wp-caption aligncenter\"><img loading=\"lazy\" decoding=\"async\" class=\"wp-image-4687 size-large\" title=\"Balustrade Fera nouvelle norme\" src=\"https:\/\/www.lapeyre.fr\/wp-content\/uploads\/2025\/11\/Mise-en-scene-Balustrade-Fera-nouvelle-norme-1024x583.png\" alt=\"Balustrade Fera nouvelle norme\" width=\"1024\" height=\"583\" srcset=\"https:\/\/www.lapeyre.fr\/wp-content\/uploads\/2025\/11\/Mise-en-scene-Balustrade-Fera-nouvelle-norme-1024x583.png 1024w, https:\/\/www.lapeyre.fr\/wp-content\/uploads\/2025\/11\/Mise-en-scene-Balustrade-Fera-nouvelle-norme-300x171.png 300w, https:\/\/www.lapeyre.fr\/wp-content\/uploads\/2025\/11\/Mise-en-scene-Balustrade-Fera-nouvelle-norme-768x437.png 768w, https:\/\/www.lapeyre.fr\/wp-content\/uploads\/2025\/11\/Mise-en-scene-Balustrade-Fera-nouvelle-norme.png 1496w\" sizes=\"auto, (max-width: 1024px) 100vw, 1024px\" \/><figcaption id=\"caption-attachment-4687\" class=\"wp-caption-text\">Balustrade Fera nouvelle norme<\/figcaption><\/figure>\n<ul>\n<li><strong>Balustrade Antique<\/strong>, \u00e9cartement maxi passe de 100 \u00e0 95 mm, car le gabarit devient une sph\u00e8re de 110 mm.<\/li>\n<\/ul>\n<p><strong>*<\/strong>\u00c9galement concern\u00e9 : Inoxia fabriqu\u00e9 par le fournisseur Dieda. Les <strong>balustrades Prestio<\/strong>,\u00a0 <strong>Lisseo<\/strong> et <strong>Lycium<\/strong> dont le panneau \u00e0 chang\u00e9.<\/p>\n<p>Toutes ces \u00e9volutions de nos balustrades sont conformes \u00e0 la norme NF P01-012, valid\u00e9es par des essais dans notre laboratoire LAPEYRE et sont disponibles dans nos magasins ou en ligne.<\/p>\n<h2><strong>L\u2019expertise de notre usine Cordier<\/strong><\/h2>\n<p>Depuis plus de 40 ans, notre usine <strong>Cordier<\/strong>, \u00e0 \u00c9pernay, con\u00e7oit et fabrique les escaliers et garde-corps Lapeyre. C\u2019est l\u00e0 que chaque mod\u00e8le est pens\u00e9, test\u00e9 et perfectionn\u00e9 tout en tenant compte des exigences de s\u00e9curit\u00e9 les plus strictes pour vos balustrades afin de limiter les chutes.<\/p>\n<p>Cette \u00e9volution r\u00e9glementaire a mobilis\u00e9 toutes nos \u00e9quipes, en particulier le bureau d\u2019\u00e9tudes dirig\u00e9 par <strong>Xavier Brunet<\/strong>. Fort de 35 ans d\u2019exp\u00e9rience chez Cordier, Xavier Brunet compte <strong>25 ans \u00e0 la t\u00eate du bureau d\u2019\u00e9tudes<\/strong>. Expert reconnu, il participe, avec le service r\u00e8glementations et certifications de LAPEYRE, \u00e0 la cr\u00e9ation et aux suivis des normes aussi bien fran\u00e7aises qu\u2019europ\u00e9ennes aux seins des diff\u00e9rentes commissions de r\u00e8glementation. Ceci permet le d\u00e9veloppement de produits pleinement conformes aux normes s\u00e9curitaires des balustrades, escaliers et garde-corps.<\/p>\n<p><img loading=\"lazy\" decoding=\"async\" class=\"wp-image-4691 size-large aligncenter\" src=\"https:\/\/www.lapeyre.fr\/wp-content\/uploads\/2025\/11\/Xavier-Brunet-576x1024.jpg\" alt=\"Xavier Brunet\" width=\"576\" height=\"1024\" srcset=\"https:\/\/www.lapeyre.fr\/wp-content\/uploads\/2025\/11\/Xavier-Brunet-576x1024.jpg 576w, https:\/\/www.lapeyre.fr\/wp-content\/uploads\/2025\/11\/Xavier-Brunet-169x300.jpg 169w, https:\/\/www.lapeyre.fr\/wp-content\/uploads\/2025\/11\/Xavier-Brunet-768x1365.jpg 768w, https:\/\/www.lapeyre.fr\/wp-content\/uploads\/2025\/11\/Xavier-Brunet-864x1536.jpg 864w, https:\/\/www.lapeyre.fr\/wp-content\/uploads\/2025\/11\/Xavier-Brunet-1152x2048.jpg 1152w, https:\/\/www.lapeyre.fr\/wp-content\/uploads\/2025\/11\/Xavier-Brunet-1920x3413.jpg 1920w, https:\/\/www.lapeyre.fr\/wp-content\/uploads\/2025\/11\/Xavier-Brunet-scaled.jpg 1440w\" sizes=\"auto, (max-width: 576px) 100vw, 576px\" \/><\/p>\n<p><strong>D\u2019autres produits de s\u00e9curit\u00e9 ?<\/strong><\/p>\n<p>Pour assurer votre s\u00e9curit\u00e9, \u00e0 la maison comme sur votre lieu de travail, Lapeyre propose \u00e9galement une large gamme de solutions de s\u00e9curit\u00e9 : <a href=\"https:\/\/www.lapeyre.fr\/produits\/equipement-outil\/securite-surveillance\/alarme-equipement-securite\">alarmes et \u00e9quipements de surveillance<\/a>, <a href=\"https:\/\/www.lapeyre.fr\/produits\/equipement-outil\/securite-surveillance\/balustrade-exterieure\">balustrades ext\u00e9rieures<\/a> ou encore des <a href=\"https:\/\/www.lapeyre.fr\/produits\/equipement-outil\/securite-surveillance\/grille-defense\">grilles de d\u00e9fense pour fen\u00eatres<\/a>.<\/p>\n<p>Lapeyre met \u00e0 votre disposition un ensemble de services pour vous aider dans la r\u00e9alisation de votre projet\u00a0! N\u2019h\u00e9sitez pas \u00e0 prendre rendez-vous avec un conseiller Lapeyre pour toutes vos questions. Ils seront ravis de vous aider dans votre projet.<\/p>\n<p>&nbsp;<\/p>\n<p>&nbsp;<\/p>\n<p style=\"text-align: center;\"><a class=\"bouton bleu\" id=\"btn-rdv-magazine\" href=\"https:\/\/www.lapeyre.fr\/prise-de-rdv\">Prendre RDV<\/a><\/p>\n","protected":false},"excerpt":{"rendered":"<p>Depuis novembre 2024, une nouvelle version de la norme NF P 01-012 s\u2019applique \u00e0 la conception des&#8230;<\/p>\n","protected":false},"author":1019,"featured_media":4658,"comment_status":"open","ping_status":"open","sticky":false,"template":"","format":"standard","meta":{"_acf_changed":false,"footnotes":""},"categories":[962,959],"tags":[],"class_list":{"2":"type-post","6":"hentry"},"acf":[],"_links":{"self":[{"href":"https:\/\/www.lapeyre.fr\/c\/magazine\/wp-json\/wp\/v2\/posts\/4652","targetHints":{"allow":["GET"]}}],"collection":[{"href":"https:\/\/www.lapeyre.fr\/c\/magazine\/wp-json\/wp\/v2\/posts"}],"about":[{"href":"https:\/\/www.lapeyre.fr\/c\/magazine\/wp-json\/wp\/v2\/types\/post"}],"author":[{"embeddable":true,"href":"https:\/\/www.lapeyre.fr\/c\/magazine\/wp-json\/wp\/v2\/users\/1019"}],"replies":[{"embeddable":true,"href":"https:\/\/www.lapeyre.fr\/c\/magazine\/wp-json\/wp\/v2\/comments?post=4652"}],"version-history":[{"count":0,"href":"https:\/\/www.lapeyre.fr\/c\/magazine\/wp-json\/wp\/v2\/posts\/4652\/revisions"}],"wp:featuredmedia":[{"embeddable":true,"href":"https:\/\/www.lapeyre.fr\/c\/magazine\/wp-json\/wp\/v2\/media\/4658"}],"wp:attachment":[{"href":"https:\/\/www.lapeyre.fr\/c\/magazine\/wp-json\/wp\/v2\/media?parent=4652"}],"wp:term":[{"taxonomy":"category","embeddable":true,"href":"https:\/\/www.lapeyre.fr\/c\/magazine\/wp-json\/wp\/v2\/categories?post=4652"},{"taxonomy":"post_tag","embeddable":true,"href":"https:\/\/www.lapeyre.fr\/c\/magazine\/wp-json\/wp\/v2\/tags?post=4652"}],"curies":[{"name":"wp","href":"https:\/\/api.w.org\/{rel}","templated":true}]}}