{"id":4662,"date":"2025-11-03T11:40:21","date_gmt":"2025-11-03T10:40:21","guid":{"rendered":"https:\/\/www.lapeyre.fr\/c\/magazine\/?p=4662"},"modified":"2025-11-03T11:40:21","modified_gmt":"2025-11-03T10:40:21","slug":"hauteur-dune-credence-de-cuisine-astuces-pour-bien-choisir","status":"publish","type":"post","link":"https:\/\/www.lapeyre.fr\/c\/magazine\/hauteur-dune-credence-de-cuisine-astuces-pour-bien-choisir\/","title":{"rendered":"Hauteur d\u2019une cr\u00e9dence de cuisine : astuces pour bien choisir"},"content":{"rendered":"<p><span data-contrast=\"auto\">La hauteur de la <\/span><span data-contrast=\"none\">cr\u00e9dence de cuisine <\/span><span data-contrast=\"auto\">m\u00e9rite une attention particuli\u00e8re. Elle prot\u00e8ge vos murs des projections tout en influen\u00e7ant l&rsquo;atmosph\u00e8re de la pi\u00e8ce. Une simple bande discr\u00e8te s\u2019int\u00e8gre en toute subtilit\u00e9, tandis qu\u2019une cr\u00e9dence int\u00e9grale transforme l\u2019espace avec caract\u00e8re. Prendre le temps de choisir la bonne hauteur permet de soigner l\u2019aspect d\u00e9co tout en r\u00e9alisant des \u00e9conomies.<\/span><span data-ccp-props=\"{&quot;335551550&quot;:6,&quot;335551620&quot;:6}\">\u00a0<\/span><\/p>\n<h2 aria-level=\"2\"><span data-contrast=\"auto\">Les diff\u00e9rents types de cr\u00e9dence cuisine<\/span><span data-ccp-props=\"{&quot;134245418&quot;:true,&quot;134245529&quot;:true,&quot;335551550&quot;:6,&quot;335551620&quot;:6,&quot;335559738&quot;:360,&quot;335559739&quot;:120}\">\u00a0<\/span><\/h2>\n<p><span data-contrast=\"auto\">Le march\u00e9 propose une vaste palette de <\/span><a href=\"https:\/\/www.lapeyre.fr\/produits\/cuisine-electromenager\/carrelage-cuisine-credence\/credence\"><span data-contrast=\"none\">cr\u00e9dences de cuisine<\/span><\/a><span data-contrast=\"auto\">. Stratifi\u00e9, verre tremp\u00e9, inox, bois ou carrelage mural. Chaque option s\u2019ajuste facilement aux dimensions comme \u00e0 l\u2019ambiance recherch\u00e9e.<\/span><span data-ccp-props=\"{&quot;335551550&quot;:6,&quot;335551620&quot;:6}\">\u00a0<\/span><\/p>\n<p><img loading=\"lazy\" decoding=\"async\" class=\"wp-image-3930 size-full\" src=\"https:\/\/www.lapeyre.fr\/wp-content\/uploads\/2024\/07\/mediaPreview-35.jpg\" alt=\"Mediapreview (35)\" width=\"800\" height=\"450\" srcset=\"https:\/\/www.lapeyre.fr\/wp-content\/uploads\/2024\/07\/mediaPreview-35.jpg 800w, https:\/\/www.lapeyre.fr\/wp-content\/uploads\/2024\/07\/mediaPreview-35-300x169.jpg 300w, https:\/\/www.lapeyre.fr\/wp-content\/uploads\/2024\/07\/mediaPreview-35-768x432.jpg 768w\" sizes=\"auto, (max-width: 800px) 100vw, 800px\" \/><\/p>\n<h3 aria-level=\"3\"><span data-contrast=\"none\">La cr\u00e9dence basse : une solution design adapt\u00e9e aux petits espaces<\/span><span data-ccp-props=\"{&quot;134245418&quot;:true,&quot;134245529&quot;:true,&quot;335551550&quot;:6,&quot;335551620&quot;:6,&quot;335559738&quot;:320,&quot;335559739&quot;:80}\">\u00a0<\/span><\/h3>\n<p><span data-contrast=\"auto\">La cr\u00e9dence basse est particuli\u00e8rement pris\u00e9e dans les cuisines. Son format en bandeau, install\u00e9 sous les meubles hauts, permet de garder une ambiance l\u00e9g\u00e8re, favorisant la circulation de la lumi\u00e8re. Dix \u00e0 vingt centim\u00e8tres de hauteur suffisent pour prot\u00e9ger l\u2019\u00e9vier, le<\/span><a href=\"https:\/\/www.lapeyre.fr\/produits\/cuisine-electromenager\/plan-travail-cuisine\"><span data-contrast=\"none\"> plan de travail<\/span><\/a><span data-contrast=\"auto\"> ou les appareils \u00e9lectrom\u00e9nagers plac\u00e9s contre le mur.<\/span><span data-ccp-props=\"{&quot;335551550&quot;:6,&quot;335551620&quot;:6}\">\u00a0<\/span><\/p>\n<p><span data-contrast=\"auto\">La cr\u00e9dence basse simplifie la r\u00e9novation de la cuisine. Il suffit de recouvrir la zone sensible, sans entreprendre de gros travaux, pour donner un coup de frais \u00e0 la pi\u00e8ce. Facilit\u00e9 d\u2019installation, mat\u00e9riaux l\u00e9gers, gamme \u00e9tendue de motifs ou de couleurs, elle offre un rendu moderne tout en r\u00e9pondant \u00e0 vos envies de personnalisation. Son format flexible s\u2019adapte aux espaces exigus. Elle assure une belle coh\u00e9rence avec le reste de votre mobilier.<\/span><span data-ccp-props=\"{&quot;335551550&quot;:6,&quot;335551620&quot;:6}\">\u00a0<\/span><\/p>\n<h3 aria-level=\"3\"><span data-contrast=\"none\">La cr\u00e9dence int\u00e9grale : pour une cuisine toujours impeccable<\/span><span data-ccp-props=\"{&quot;134245418&quot;:true,&quot;134245529&quot;:true,&quot;335551550&quot;:6,&quot;335551620&quot;:6,&quot;335559738&quot;:320,&quot;335559739&quot;:80}\">\u00a0<\/span><\/h3>\n<p><span data-contrast=\"auto\">Appr\u00e9ci\u00e9e pour son style contemporain, la cr\u00e9dence int\u00e9grale s\u2019impose comme une r\u00e9f\u00e9rence dans les cuisines modernes. Sa hauteur, comprise entre 50 et 80 cm, permet de recouvrir tout l\u2019espace mural situ\u00e9 entre les meubles hauts et le plan de travail. Facile \u00e0 associer, elle se d\u00e9cline en verre, inox ou bois, pour un rendu harmonieux avec votre mobilier de cuisine. La cr\u00e9dence int\u00e9grale assure une protection id\u00e9ale contre les projections. En couvrant le mur, elle pr\u00e9vient les taches et garde l\u2019ensemble de la cuisine impeccable.<\/span><span data-ccp-props=\"{&quot;335551550&quot;:6,&quot;335551620&quot;:6}\">\u00a0<\/span><\/p>\n<p><span data-contrast=\"auto\">Sa polyvalence lui permet de s\u2019adapter \u00e0 toutes vos envies, du design \u00e9pur\u00e9 au style plus chaleureux, tout en restant simple \u00e0 entretenir.<\/span><span data-ccp-props=\"{&quot;335551550&quot;:6,&quot;335551620&quot;:6}\">\u00a0<\/span><\/p>\n<p><img loading=\"lazy\" decoding=\"async\" class=\"aligncenter wp-image-171 size-large\" src=\"https:\/\/www.lapeyre.fr\/wp-content\/uploads\/2019\/10\/plan-de-travail-1024x683.jpg\" alt=\"Cr\u00e9dence et plan de travail Lapeyre - teintes classiques\" width=\"1024\" height=\"683\" srcset=\"https:\/\/www.lapeyre.fr\/wp-content\/uploads\/2019\/10\/plan-de-travail-1024x683.jpg 1024w, https:\/\/www.lapeyre.fr\/wp-content\/uploads\/2019\/10\/plan-de-travail-300x200.jpg 300w, https:\/\/www.lapeyre.fr\/wp-content\/uploads\/2019\/10\/plan-de-travail-768x512.jpg 768w, https:\/\/www.lapeyre.fr\/wp-content\/uploads\/2019\/10\/plan-de-travail.jpg 1385w\" sizes=\"auto, (max-width: 1024px) 100vw, 1024px\" \/><\/p>\n<h3 aria-level=\"3\"><span data-contrast=\"none\">La cr\u00e9dence relev\u00e9e : s\u00e9curit\u00e9 renforc\u00e9e autour du fond de hotte<\/span><span data-ccp-props=\"{&quot;134245418&quot;:true,&quot;134245529&quot;:true,&quot;335551550&quot;:6,&quot;335551620&quot;:6,&quot;335559738&quot;:320,&quot;335559739&quot;:80}\">\u00a0<\/span><\/h3>\n<p><span data-contrast=\"auto\">Pour la zone de cuisson, le fond de hotte n\u00e9cessite une protection sp\u00e9cifique. Un format de 60 \u00e0 70 cm s\u00e9curise efficacement cette partie sensible, o\u00f9 chaleur et projections sont les plus fr\u00e9quentes. Le verre tremp\u00e9 et l\u2019inox, tr\u00e8s r\u00e9sistants, sont souvent choisis pour leur facilit\u00e9 d\u2019entretien.<\/span><span data-ccp-props=\"{&quot;335551550&quot;:6,&quot;335551620&quot;:6}\">\u00a0<\/span><\/p>\n<p><a href=\"https:\/\/www.lapeyre.fr\/produits\/revetement-sol-mur\/carrelage-interieur\/carrelage-mural\"><span data-contrast=\"none\">Le carrelage mural<\/span><\/a><span data-contrast=\"auto\"> est appr\u00e9ci\u00e9 pour son effet d\u00e9co comme pour ses qualit\u00e9s pratiques. Il s\u2019int\u00e8gre facilement dans une cuisine contemporaine.<\/span><span data-ccp-props=\"{&quot;335551550&quot;:6,&quot;335551620&quot;:6}\">\u00a0<\/span><\/p>\n<h2 aria-level=\"2\"><span data-contrast=\"auto\">Comment bien choisir la hauteur de la cr\u00e9dence de votre cuisine ?<\/span><span data-ccp-props=\"{&quot;134245418&quot;:true,&quot;134245529&quot;:true,&quot;335551550&quot;:6,&quot;335551620&quot;:6,&quot;335559738&quot;:360,&quot;335559739&quot;:120}\">\u00a0<\/span><\/h2>\n<p aria-level=\"3\"><span data-contrast=\"auto\">Trouver la bonne hauteur de cr\u00e9dence de cuisine, c\u2019est <\/span><b><span data-contrast=\"auto\">garantir<\/span><\/b><span data-contrast=\"auto\">\u202f<\/span><b><span data-contrast=\"auto\">votre confort<\/span><\/b><span data-contrast=\"auto\">, une utilisation plus s\u00fbre et une esth\u00e9tique harmonieuse dans votre int\u00e9rieur. Ce choix facilite les t\u00e2ches du quotidien, prot\u00e8ge votre dos et valorise l\u2019ensemble de la pi\u00e8ce.<\/span><span data-ccp-props=\"{&quot;134245418&quot;:true,&quot;134245529&quot;:true,&quot;335551550&quot;:6,&quot;335551620&quot;:6,&quot;335559738&quot;:320,&quot;335559739&quot;:80}\">\u00a0<\/span><\/p>\n<p aria-level=\"3\"><img loading=\"lazy\" decoding=\"async\" class=\"aligncenter wp-image-3932 size-full\" src=\"https:\/\/www.lapeyre.fr\/wp-content\/uploads\/2024\/07\/mediaPreview-3-1.jpg\" alt=\"Conseils et tendances pour choisir une cr\u00e9dence adapt\u00e9e \u00e0 un plan de travail en bois \" width=\"511\" height=\"287\" srcset=\"https:\/\/www.lapeyre.fr\/wp-content\/uploads\/2024\/07\/mediaPreview-3-1.jpg 511w, https:\/\/www.lapeyre.fr\/wp-content\/uploads\/2024\/07\/mediaPreview-3-1-300x168.jpg 300w\" sizes=\"auto, (max-width: 511px) 100vw, 511px\" \/><\/p>\n<h3 aria-level=\"3\"><span data-contrast=\"none\">Adapter la hauteur \u00e0 vos usages<\/span><span data-ccp-props=\"{&quot;134245418&quot;:true,&quot;134245529&quot;:true,&quot;335551550&quot;:6,&quot;335551620&quot;:6,&quot;335559738&quot;:320,&quot;335559739&quot;:80}\">\u00a0<\/span><\/h3>\n<p><span data-contrast=\"auto\">Pour profiter pleinement de votre cr\u00e9dence, il est important d\u2019adapter sa hauteur \u00e0 son emplacement.<\/span><span data-ccp-props=\"{&quot;335551550&quot;:6,&quot;335551620&quot;:6}\">\u00a0<\/span><\/p>\n<ul>\n<li aria-setsize=\"-1\" data-leveltext=\"\u25cf\" data-font=\"Calibri\" data-listid=\"2\" data-list-defn-props=\"{&quot;335552541&quot;:1,&quot;335559685&quot;:720,&quot;335559991&quot;:360,&quot;469769242&quot;:[8226],&quot;469777803&quot;:&quot;left&quot;,&quot;469777804&quot;:&quot;\u25cf&quot;,&quot;469777815&quot;:&quot;multilevel&quot;}\" data-aria-posinset=\"1\" data-aria-level=\"1\"><b><span data-contrast=\"auto\">Derri\u00e8re l\u2019\u00e9vier,<\/span><\/b><span data-contrast=\"auto\"> une cr\u00e9dence de 50 \u00e0 80 cm facilite <\/span><a href=\"https:\/\/www.lapeyre.fr\/c\/magazine\/les-secrets-pour-bien-nettoyer-sa-cuisine\/\"><span data-contrast=\"none\">l\u2019entretien de la cuisine<\/span><\/a><span data-contrast=\"auto\">. Elle prot\u00e8ge efficacement le mur gr\u00e2ce \u00e0 des mat\u00e9riaux comme le stratifi\u00e9 ou le verre tremp\u00e9.\u00a0<\/span><span data-ccp-props=\"{&quot;335551550&quot;:6,&quot;335551620&quot;:6}\">\u00a0<\/span><\/li>\n<\/ul>\n<ul>\n<li aria-setsize=\"-1\" data-leveltext=\"\u25cf\" data-font=\"Calibri\" data-listid=\"2\" data-list-defn-props=\"{&quot;335552541&quot;:1,&quot;335559685&quot;:720,&quot;335559991&quot;:360,&quot;469769242&quot;:[8226],&quot;469777803&quot;:&quot;left&quot;,&quot;469777804&quot;:&quot;\u25cf&quot;,&quot;469777815&quot;:&quot;multilevel&quot;}\" data-aria-posinset=\"2\" data-aria-level=\"1\"><b><span data-contrast=\"auto\">Au niveau des plaques<\/span><\/b><span data-contrast=\"auto\">, une cr\u00e9dence en verre, inox ou carrelage montant jusque sous la hotte assure s\u00e9curit\u00e9 et praticit\u00e9 au quotidien.<\/span><span data-ccp-props=\"{&quot;335551550&quot;:6,&quot;335551620&quot;:6}\">\u00a0<\/span><\/li>\n<\/ul>\n<ul>\n<li aria-setsize=\"-1\" data-leveltext=\"\u25cf\" data-font=\"Calibri\" data-listid=\"2\" data-list-defn-props=\"{&quot;335552541&quot;:1,&quot;335559685&quot;:720,&quot;335559991&quot;:360,&quot;469769242&quot;:[8226],&quot;469777803&quot;:&quot;left&quot;,&quot;469777804&quot;:&quot;\u25cf&quot;,&quot;469777815&quot;:&quot;multilevel&quot;}\" data-aria-posinset=\"3\" data-aria-level=\"1\"><b><span data-contrast=\"auto\">Dans les cuisines plus petites<\/span><\/b><span data-contrast=\"auto\">, une bande de dix \u00e0 vingt centim\u00e8tres suffit. Elle s\u2019accorde ais\u00e9ment avec un plan de travail en bois ou en stratifi\u00e9.\u00a0<\/span><span data-ccp-props=\"{&quot;335551550&quot;:6,&quot;335551620&quot;:6}\">\u00a0<\/span><\/li>\n<\/ul>\n<p><span data-contrast=\"auto\">Vous pouvez ainsi personnaliser votre espace en harmonisant la cr\u00e9dence avec le reste du mobilier, pour un rendu coh\u00e9rent et fonctionnel.<\/span><span data-ccp-props=\"{&quot;335551550&quot;:6,&quot;335551620&quot;:6}\">\u00a0<\/span><\/p>\n<p><b><span data-contrast=\"auto\">A lire \u00e9galement<\/span><\/b><span data-contrast=\"auto\">\u202f: Hauteur d\u2019un \u00eelot central\u202f: la cl\u00e9 d\u2019une cuisine bien pens\u00e9e<\/span><span data-ccp-props=\"{&quot;335551550&quot;:6,&quot;335551620&quot;:6}\">\u00a0<\/span><\/p>\n<h3 aria-level=\"3\"><span data-contrast=\"none\">Miser sur le bon mat\u00e9riau<\/span><span data-ccp-props=\"{&quot;134245418&quot;:true,&quot;134245529&quot;:true,&quot;335551550&quot;:6,&quot;335551620&quot;:6,&quot;335559738&quot;:320,&quot;335559739&quot;:80}\">\u00a0<\/span><\/h3>\n<p><span data-contrast=\"auto\">Le choix du mat\u00e9riau d\u00e9termine \u00e0 la fois le style et la facilit\u00e9 d\u2019entretien de votre cr\u00e9dence. Chaque mat\u00e9riau poss\u00e8de ses avantages pour prot\u00e9ger efficacement vos murs et personnaliser votre cuisine selon vos envies.<\/span><span data-ccp-props=\"{&quot;335551550&quot;:6,&quot;335551620&quot;:6}\">\u00a0<\/span><\/p>\n<ul>\n<li aria-setsize=\"-1\" data-leveltext=\"\u25cf\" data-font=\"Calibri\" data-listid=\"3\" data-list-defn-props=\"{&quot;335552541&quot;:1,&quot;335559685&quot;:720,&quot;335559991&quot;:360,&quot;469769242&quot;:[8226],&quot;469777803&quot;:&quot;left&quot;,&quot;469777804&quot;:&quot;\u25cf&quot;,&quot;469777815&quot;:&quot;multilevel&quot;}\" data-aria-posinset=\"1\" data-aria-level=\"1\"><b><span data-contrast=\"auto\">Le verre tremp\u00e9<\/span><\/b> <b><span data-contrast=\"auto\">ou le quartz<\/span><\/b><span data-contrast=\"auto\"> sont id\u00e9aux pour une cuisine moderne.\u00a0<\/span><span data-ccp-props=\"{&quot;335551550&quot;:6,&quot;335551620&quot;:6}\">\u00a0<\/span><\/li>\n<\/ul>\n<ul>\n<li aria-setsize=\"-1\" data-leveltext=\"\u25cf\" data-font=\"Calibri\" data-listid=\"3\" data-list-defn-props=\"{&quot;335552541&quot;:1,&quot;335559685&quot;:720,&quot;335559991&quot;:360,&quot;469769242&quot;:[8226],&quot;469777803&quot;:&quot;left&quot;,&quot;469777804&quot;:&quot;\u25cf&quot;,&quot;469777815&quot;:&quot;multilevel&quot;}\" data-aria-posinset=\"2\" data-aria-level=\"1\"><span data-contrast=\"auto\">De son c\u00f4t\u00e9,<\/span><b><span data-contrast=\"auto\"> le stratifi\u00e9<\/span><\/b><span data-contrast=\"auto\"> permet une pose rapide, \u00e9conomique, combin\u00e9 \u00e0 un large choix de d\u00e9cors.<\/span><span data-ccp-props=\"{&quot;335551550&quot;:6,&quot;335551620&quot;:6}\">\u00a0<\/span><\/li>\n<\/ul>\n<ul>\n<li aria-setsize=\"-1\" data-leveltext=\"\u25cf\" data-font=\"Calibri\" data-listid=\"3\" data-list-defn-props=\"{&quot;335552541&quot;:1,&quot;335559685&quot;:720,&quot;335559991&quot;:360,&quot;469769242&quot;:[8226],&quot;469777803&quot;:&quot;left&quot;,&quot;469777804&quot;:&quot;\u25cf&quot;,&quot;469777815&quot;:&quot;multilevel&quot;}\" data-aria-posinset=\"3\" data-aria-level=\"1\"><span data-contrast=\"auto\">Pour prot\u00e9ger la zone de cuisson avec \u00e9l\u00e9gance<\/span><b><span data-contrast=\"auto\">, l&rsquo;inox<\/span><\/b><span data-contrast=\"auto\"> reste incontournable.\u00a0\u00a0<\/span><span data-ccp-props=\"{&quot;335551550&quot;:6,&quot;335551620&quot;:6}\">\u00a0<\/span><\/li>\n<\/ul>\n<ul>\n<li aria-setsize=\"-1\" data-leveltext=\"\u25cf\" data-font=\"Calibri\" data-listid=\"3\" data-list-defn-props=\"{&quot;335552541&quot;:1,&quot;335559685&quot;:720,&quot;335559991&quot;:360,&quot;469769242&quot;:[8226],&quot;469777803&quot;:&quot;left&quot;,&quot;469777804&quot;:&quot;\u25cf&quot;,&quot;469777815&quot;:&quot;multilevel&quot;}\" data-aria-posinset=\"4\" data-aria-level=\"1\"><b><span data-contrast=\"auto\">Le bois ou le ch\u00eane<\/span><\/b><span data-contrast=\"auto\"> apportent une note naturelle et chaleureuse \u00e0 la pi\u00e8ce.\u00a0<\/span><span data-ccp-props=\"{&quot;335551550&quot;:6,&quot;335551620&quot;:6}\">\u00a0<\/span><\/li>\n<\/ul>\n<ul>\n<li aria-setsize=\"-1\" data-leveltext=\"\u25cf\" data-font=\"Calibri\" data-listid=\"3\" data-list-defn-props=\"{&quot;335552541&quot;:1,&quot;335559685&quot;:720,&quot;335559991&quot;:360,&quot;469769242&quot;:[8226],&quot;469777803&quot;:&quot;left&quot;,&quot;469777804&quot;:&quot;\u25cf&quot;,&quot;469777815&quot;:&quot;multilevel&quot;}\" data-aria-posinset=\"5\" data-aria-level=\"1\"><span data-contrast=\"auto\">Enfin, <\/span><b><span data-contrast=\"auto\">le carrelage mural<\/span><\/b><span data-contrast=\"auto\"> s\u00e9duit par son aspect intemporel et ses possibilit\u00e9s de personnalisation infinies.<\/span><span data-ccp-props=\"{&quot;335551550&quot;:6,&quot;335551620&quot;:6}\">\u00a0<\/span><\/li>\n<\/ul>\n<p><img loading=\"lazy\" decoding=\"async\" class=\"wp-image-4229 size-full\" src=\"https:\/\/www.lapeyre.fr\/wp-content\/uploads\/2024\/03\/credence.jpg\" alt=\"Cr\u00e9dence\" width=\"800\" height=\"677\" srcset=\"https:\/\/www.lapeyre.fr\/wp-content\/uploads\/2024\/03\/credence.jpg 800w, https:\/\/www.lapeyre.fr\/wp-content\/uploads\/2024\/03\/credence-300x254.jpg 300w, https:\/\/www.lapeyre.fr\/wp-content\/uploads\/2024\/03\/credence-768x650.jpg 768w\" sizes=\"auto, (max-width: 800px) 100vw, 800px\" \/><\/p>\n<p><b><i><span data-contrast=\"auto\">Bon \u00e0 savoir : combien co\u00fbte une cr\u00e9dence cuisine ?<\/span><\/i><\/b><span data-ccp-props=\"{&quot;201341983&quot;:0,&quot;335551550&quot;:6,&quot;335551620&quot;:6,&quot;335559740&quot;:240}\">\u00a0<\/span><\/p>\n<p><a href=\"https:\/\/www.lapeyre.fr\/c\/magazine\/quel-prix-pour-une-credence-de-cuisine\/\"><i><span data-contrast=\"none\">Le prix d\u2019une cr\u00e9dence de cuisine<\/span><\/i><\/a><i><span data-contrast=\"auto\"> varie en fonction du mat\u00e9riau comme du format choisi. Chez Lapeyre, les premiers prix d\u00e9butent autour de 20\u20ac\/m\u00b2 pour le stratifi\u00e9. Ils peuvent d\u00e9passer 100\u20ac\/m\u00b2 pour le verre ou l\u2019inox.\u00a0<\/span><\/i><span data-ccp-props=\"{&quot;201341983&quot;:0,&quot;335551550&quot;:6,&quot;335551620&quot;:6,&quot;335559740&quot;:240}\">\u00a0<\/span><\/p>\n<p aria-level=\"2\"><span data-contrast=\"auto\">H2 : Installer sa cr\u00e9dence facilement<\/span><span data-ccp-props=\"{&quot;134245418&quot;:true,&quot;134245529&quot;:true,&quot;335551550&quot;:6,&quot;335551620&quot;:6,&quot;335559738&quot;:360,&quot;335559739&quot;:120}\">\u00a0<\/span><\/p>\n<p><span data-contrast=\"auto\">D\u00e9butant ou confirm\u00e9, installer une cr\u00e9dence de cuisine reste accessible \u00e0 tous. En suivant toutes les \u00e9tapes, vous abordez ce travail avec la m\u00eame rigueur que pour <\/span><a href=\"https:\/\/www.lapeyre.fr\/c\/magazine\/pose-conception-cuisine\/\"><span data-contrast=\"none\">poser une cuisine <\/span><\/a><span data-contrast=\"auto\">compl\u00e8te.<\/span><span data-ccp-props=\"{&quot;335551550&quot;:6,&quot;335551620&quot;:6}\">\u00a0<\/span><\/p>\n<p><span data-contrast=\"auto\">Ces \u00e9tapes simples permettent une installation rapide, durable et adapt\u00e9e \u00e0 votre espace.<\/span><span data-ccp-props=\"{&quot;335551550&quot;:6,&quot;335551620&quot;:6}\">\u00a0<\/span><\/p>\n<ul>\n<li aria-setsize=\"-1\" data-leveltext=\"\u25cf\" data-font=\"Calibri\" data-listid=\"1\" data-list-defn-props=\"{&quot;335552541&quot;:1,&quot;335559685&quot;:720,&quot;335559991&quot;:360,&quot;469769242&quot;:[8226],&quot;469777803&quot;:&quot;left&quot;,&quot;469777804&quot;:&quot;\u25cf&quot;,&quot;469777815&quot;:&quot;multilevel&quot;}\" data-aria-posinset=\"1\" data-aria-level=\"1\"><b><span data-contrast=\"auto\">Pr\u00e9parer et nettoyer le mur<\/span><\/b><span data-contrast=\"auto\"> : d\u00e9poussi\u00e9rez puis d\u00e9graissez votre mur. La surface doit \u00eatre lisse, s\u00e8che, sans asp\u00e9rit\u00e9 pour garantir une bonne adh\u00e9rence.<\/span><span data-ccp-props=\"{&quot;335551550&quot;:6,&quot;335551620&quot;:6}\">\u00a0<\/span><\/li>\n<\/ul>\n<ul>\n<li aria-setsize=\"-1\" data-leveltext=\"\u25cf\" data-font=\"Calibri\" data-listid=\"1\" data-list-defn-props=\"{&quot;335552541&quot;:1,&quot;335559685&quot;:720,&quot;335559991&quot;:360,&quot;469769242&quot;:[8226],&quot;469777803&quot;:&quot;left&quot;,&quot;469777804&quot;:&quot;\u25cf&quot;,&quot;469777815&quot;:&quot;multilevel&quot;}\" data-aria-posinset=\"2\" data-aria-level=\"1\"><b><span data-contrast=\"auto\">D\u00e9limiter l\u2019emplacement<\/span><\/b><span data-contrast=\"auto\"> : marquez un rep\u00e8re au crayon pour obtenir un rendu droit. N\u2019oubliez pas de prendre en compte les prises ou interrupteurs \u00e9ventuels.<\/span><span data-ccp-props=\"{&quot;335551550&quot;:6,&quot;335551620&quot;:6}\">\u00a0<\/span><\/li>\n<\/ul>\n<ul>\n<li aria-setsize=\"-1\" data-leveltext=\"\u25cf\" data-font=\"Calibri\" data-listid=\"1\" data-list-defn-props=\"{&quot;335552541&quot;:1,&quot;335559685&quot;:720,&quot;335559991&quot;:360,&quot;469769242&quot;:[8226],&quot;469777803&quot;:&quot;left&quot;,&quot;469777804&quot;:&quot;\u25cf&quot;,&quot;469777815&quot;:&quot;multilevel&quot;}\" data-aria-posinset=\"3\" data-aria-level=\"1\"><b><span data-contrast=\"auto\">D\u00e9couper la cr\u00e9dence<\/span><\/b><span data-contrast=\"auto\"> : utilisez une scie adapt\u00e9e (scie sauteuse pour le stratifi\u00e9, disque diamant pour le verre). Pr\u00e9voyez un l\u00e9ger jeu pour faciliter la pose.<\/span><span data-ccp-props=\"{&quot;335551550&quot;:6,&quot;335551620&quot;:6}\">\u00a0<\/span><\/li>\n<\/ul>\n<ul>\n<li aria-setsize=\"-1\" data-leveltext=\"\u25cf\" data-font=\"Calibri\" data-listid=\"1\" data-list-defn-props=\"{&quot;335552541&quot;:1,&quot;335559685&quot;:720,&quot;335559991&quot;:360,&quot;469769242&quot;:[8226],&quot;469777803&quot;:&quot;left&quot;,&quot;469777804&quot;:&quot;\u25cf&quot;,&quot;469777815&quot;:&quot;multilevel&quot;}\" data-aria-posinset=\"4\" data-aria-level=\"1\"><b><span data-contrast=\"auto\">Coller la cr\u00e9dence :<\/span><\/b><span data-contrast=\"auto\"> appliquez une colle sp\u00e9ciale ou un mastic sur l\u2019arri\u00e8re de la cr\u00e9dence. Positionnez-la sur le mur, puis ajoutez des joints silicone le long des bords afin d\u2019\u00e9viter toute infiltration d\u2019eau.<\/span><span data-ccp-props=\"{&quot;335551550&quot;:6,&quot;335551620&quot;:6}\">\u00a0<\/span><\/li>\n<\/ul>\n<ul>\n<li aria-setsize=\"-1\" data-leveltext=\"\u25cf\" data-font=\"Calibri\" data-listid=\"1\" data-list-defn-props=\"{&quot;335552541&quot;:1,&quot;335559685&quot;:720,&quot;335559991&quot;:360,&quot;469769242&quot;:[8226],&quot;469777803&quot;:&quot;left&quot;,&quot;469777804&quot;:&quot;\u25cf&quot;,&quot;469777815&quot;:&quot;multilevel&quot;}\" data-aria-posinset=\"5\" data-aria-level=\"1\"><b><span data-contrast=\"auto\">V\u00e9rifier les finitions<\/span><\/b><span data-contrast=\"auto\"> : contr\u00f4lez l\u2019alignement, nettoyez les surplus de colle ou de silicone.<\/span><span data-ccp-props=\"{&quot;335551550&quot;:6,&quot;335551620&quot;:6}\">\u00a0<\/span><\/li>\n<\/ul>\n<p><span data-contrast=\"auto\">La hauteur de votre cr\u00e9dence cuisine doit r\u00e9pondre \u00e0 des imp\u00e9ratifs pratiques comme \u00e0 vos envies d\u00e9co. Gr\u00e2ce \u00e0 la gamme Lapeyre, il est aujourd\u2019hui facile de choisir un produit \u00e9conomique, coordonn\u00e9 au plan de travail et aux autres \u00e9l\u00e9ments de la pi\u00e8ce. Prendre en compte la hauteur, le mat\u00e9riau et l\u2019usage d\u00e8s le d\u00e9part permet d\u2019obtenir une finition parfaite. Profitez de l\u2019accompagnement de nos experts Lapeyre pour r\u00e9inventer votre cuisine en toute simplicit\u00e9 !<\/span><span data-ccp-props=\"{&quot;335551550&quot;:6,&quot;335551620&quot;:6}\">\u00a0<\/span><\/p>\n<p><span data-contrast=\"auto\">Pour aller plus loin dans votre projet, pensez \u00e0 prendre <\/span><span data-contrast=\"none\">rendez-vous <\/span><span data-contrast=\"auto\">avec un conseiller Lapeyre, \u00e0 domicile ou en magasin. Nos experts sont\u00a0\u00a0 l\u00e0\u00a0\u00a0 pour\u00a0\u00a0 vous\u00a0\u00a0 accompagner\u00a0\u00a0 et concr\u00e9tiser\u00a0\u00a0 vos\u00a0\u00a0 envies, simplement !<\/span><span data-ccp-props=\"{&quot;335551550&quot;:6,&quot;335551620&quot;:6}\">\u00a0<\/span><\/p>\n<p style=\"text-align: center;\"><a class=\"bouton bleu\" id=\"btn-rdv-magazine\" href=\"https:\/\/www.lapeyre.fr\/prise-de-rdv\">Prendre RDV<\/a><\/p>\n","protected":false},"excerpt":{"rendered":"<p>La hauteur de la cr\u00e9dence de cuisine m\u00e9rite une attention particuli\u00e8re. Elle prot\u00e8ge vos murs des projections&#8230;<\/p>\n","protected":false},"author":1019,"featured_media":3932,"comment_status":"open","ping_status":"open","sticky":false,"template":"","format":"standard","meta":{"_acf_changed":false,"footnotes":""},"categories":[966,963],"tags":[],"class_list":{"2":"type-post","6":"hentry"},"acf":[],"_links":{"self":[{"href":"https:\/\/www.lapeyre.fr\/c\/magazine\/wp-json\/wp\/v2\/posts\/4662","targetHints":{"allow":["GET"]}}],"collection":[{"href":"https:\/\/www.lapeyre.fr\/c\/magazine\/wp-json\/wp\/v2\/posts"}],"about":[{"href":"https:\/\/www.lapeyre.fr\/c\/magazine\/wp-json\/wp\/v2\/types\/post"}],"author":[{"embeddable":true,"href":"https:\/\/www.lapeyre.fr\/c\/magazine\/wp-json\/wp\/v2\/users\/1019"}],"replies":[{"embeddable":true,"href":"https:\/\/www.lapeyre.fr\/c\/magazine\/wp-json\/wp\/v2\/comments?post=4662"}],"version-history":[{"count":0,"href":"https:\/\/www.lapeyre.fr\/c\/magazine\/wp-json\/wp\/v2\/posts\/4662\/revisions"}],"wp:featuredmedia":[{"embeddable":true,"href":"https:\/\/www.lapeyre.fr\/c\/magazine\/wp-json\/wp\/v2\/media\/3932"}],"wp:attachment":[{"href":"https:\/\/www.lapeyre.fr\/c\/magazine\/wp-json\/wp\/v2\/media?parent=4662"}],"wp:term":[{"taxonomy":"category","embeddable":true,"href":"https:\/\/www.lapeyre.fr\/c\/magazine\/wp-json\/wp\/v2\/categories?post=4662"},{"taxonomy":"post_tag","embeddable":true,"href":"https:\/\/www.lapeyre.fr\/c\/magazine\/wp-json\/wp\/v2\/tags?post=4662"}],"curies":[{"name":"wp","href":"https:\/\/api.w.org\/{rel}","templated":true}]}}