{"id":574,"date":"2019-10-24T11:16:22","date_gmt":"2019-10-24T09:16:22","guid":{"rendered":"https:\/\/magazine.lapeyre.fr\/?p=574"},"modified":"2025-03-18T14:27:11","modified_gmt":"2025-03-18T13:27:11","slug":"demarche-design","status":"publish","type":"post","link":"https:\/\/www.lapeyre.fr\/c\/magazine\/demarche-design\/","title":{"rendered":"La D\u00e9marche Design"},"content":{"rendered":"\r\n<p><strong>Le design fait partie int\u00e9grante de notre Savoir Bien Faire. Ainsi notre Creative Office met en place des collaborations exclusives avec des studios de designers pour vous proposer des produits actuels, fonctionnels, durables et accessibles \u00e0 tous.<\/strong><\/p>\r\n\r\n\r\n\r\n<h2 class=\"wp-block-heading\"><strong>Le design chez Lapeyre<\/strong><\/h2>\r\n\r\n\r\n\r\n<p>Pour Lapeyre, l\u2019int\u00e9r\u00eat de remettre le design au c\u0153ur de notre d\u00e9marche est de proposer des produits \u00e0 la fois dans les tendances d\u2019aujourd\u2019hui mais aussi fonctionnels, afin de r\u00e9pondre aux nouveaux usages. Notre offre se divise ainsi en trois niveaux de gamme, r\u00e9pondant \u00e0 chaque style et \u00e0 tous les budgets.<\/p>\r\n\r\n\r\n\r\n<figure class=\"wp-block-image\"><img loading=\"lazy\" decoding=\"async\" width=\"1024\" height=\"576\" class=\"wp-image-575\" src=\"\/wp-content\/uploads\/2019\/10\/DemarcheDesign3-1024x576.jpg\" alt=\"Diff\u00e9rents mat\u00e9riaux et finitions Lapeyre\" srcset=\"https:\/\/www.lapeyre.fr\/wp-content\/uploads\/2019\/10\/DemarcheDesign3-1024x576.jpg 1024w, https:\/\/www.lapeyre.fr\/wp-content\/uploads\/2019\/10\/DemarcheDesign3-300x169.jpg 300w, https:\/\/www.lapeyre.fr\/wp-content\/uploads\/2019\/10\/DemarcheDesign3-768x432.jpg 768w, https:\/\/www.lapeyre.fr\/wp-content\/uploads\/2019\/10\/DemarcheDesign3.jpg 1920w\" sizes=\"auto, (max-width: 1024px) 100vw, 1024px\" \/><\/figure>\r\n\r\n\r\n\r\n<p>En sortant de la vision tr\u00e8s verticale des gammes de produits, la direction artistique travaille sur les couleurs, mati\u00e8res et finitions de l\u2019ensemble des produits, selon un fil rouge bas\u00e9 sur trois ambiances de style\u00a0:<\/p>\r\n\r\n\r\n\r\n<ul>\r\n<li>Le premier th\u00e8me, \u00ab\u00a0Se sentir bien\u00a0\u00bb, est un style plut\u00f4t contemporain repr\u00e9sentant 70% de l\u2019offre. Compos\u00e9 de mati\u00e8res douces et de finitions naturelles, ce th\u00e8me est reli\u00e9 \u00e0 la nature.<\/li>\r\n<li>Fabriqu\u00e9s \u00e0 partir de mat\u00e9riaux nobles et authentiques, les \u00e9l\u00e9ments du second th\u00e8me, \u00ab\u00a0Cultiver la Nature\u00a0\u00bb, inspire plut\u00f4t le retour aux sources avec du bois ou du marbre par exemple.<\/li>\r\n<li>Le troisi\u00e8me th\u00e8me quant \u00e0 lui, \u00ab\u00a0\u00catre ensemble\u00a0\u00bb, joue avec un univers plus pop, aux couleurs et au design festifs.<\/li>\r\n<\/ul>\r\n\r\n\r\n\r\n<h2 class=\"wp-block-heading\"><strong>Notre \u00e9quipe design<\/strong><\/h2>\r\n\r\n\r\n\r\n<p>Travaillant en collaboration avec les \u00e9quipes marketing et les bureaux d\u2019\u00e9tudes en usines, l\u2019\u00e9quipe design interne g\u00e8re les produits de leur conception \u00e0 leur fabrication. L\u2019ensemble de l\u2019offre est ainsi coh\u00e9rent puisqu\u2019il allie \u00e0 la fois le design et le style tout en tenant compte des contraintes techniques.<\/p>\r\n\r\n\r\n\r\n<figure class=\"wp-block-image\"><img loading=\"lazy\" decoding=\"async\" width=\"1024\" height=\"576\" class=\"wp-image-577\" src=\"\/wp-content\/uploads\/2019\/10\/DemarcheDesign2-1024x576.jpg\" alt=\"Atelier cr\u00e9ation design Lapeyre\" srcset=\"https:\/\/www.lapeyre.fr\/wp-content\/uploads\/2019\/10\/DemarcheDesign2-1024x576.jpg 1024w, https:\/\/www.lapeyre.fr\/wp-content\/uploads\/2019\/10\/DemarcheDesign2-300x169.jpg 300w, https:\/\/www.lapeyre.fr\/wp-content\/uploads\/2019\/10\/DemarcheDesign2-768x432.jpg 768w, https:\/\/www.lapeyre.fr\/wp-content\/uploads\/2019\/10\/DemarcheDesign2.jpg 1920w\" sizes=\"auto, (max-width: 1024px) 100vw, 1024px\" \/><\/figure>\r\n\r\n\r\n\r\n<p>Cette ann\u00e9e, Lapeyre initie sa D\u00e9marche Design en externe et collabore avec deux studios. Ces collaborations ont pour objectif d\u2019apporter de la fraicheur \u00e0 la marque tout en r\u00e9pondant aux usages avec des produits innovants. Pour les jeunes cr\u00e9ateurs, collaborer avec un fabricant-distributeur fran\u00e7ais b\u00e9n\u00e9ficiant de onze usines et 130 points de vente est \u00e9galement int\u00e9ressant. La combinaison de ces diff\u00e9rentes expertises permet de cr\u00e9er des produits \u00e0 la fois durables et fonctionnels.<\/p>\r\n\r\n\r\n\r\n<h2 class=\"wp-block-heading\"><strong>Nos collaborations<\/strong><\/h2>\r\n\r\n\r\n\r\n<p>De ces nouvelles collaborations sont d\u00e9j\u00e0 n\u00e9s plusieurs produits. N\u2019h\u00e9sitez pas \u00e0 parcourir nos articles d\u00e9di\u00e9s \u00e0 ces nouveaux design uniques.<\/p>\r\n\r\n\r\n\r\n<h3 class=\"wp-block-heading\"><strong>Le miroir grossissant <a href=\"https:\/\/www.lapeyre.fr\/produits\/salle-bains-wc\/meuble-rangement\/miroir\" target=\"_blank\" rel=\"noreferrer noopener\" aria-label=\"Forge (s\u2019ouvre dans un nouvel onglet)\">Forge<\/a>, par <a href=\"https:\/\/www.lapeyre.fr\/c\/magazine\/inspirations-tendances\/collaboration-studio-levisarha\/\" target=\"_blank\" rel=\"noreferrer noopener\" aria-label=\"Le Studio Levisarha (s\u2019ouvre dans un nouvel onglet)\">Le Studio Levisarha<\/a><\/strong><\/h3>\r\n\r\n\r\n\r\n<figure class=\"wp-block-image\"><img loading=\"lazy\" decoding=\"async\" width=\"1024\" height=\"1024\" class=\"wp-image-578\" src=\"\/wp-content\/uploads\/2019\/10\/grille_forge_201926951_2-1024x1024.jpg\" alt=\"Miroir grossissant Forge\" srcset=\"https:\/\/www.lapeyre.fr\/wp-content\/uploads\/2019\/10\/grille_forge_201926951_2-1024x1024.jpg 1024w, https:\/\/www.lapeyre.fr\/wp-content\/uploads\/2019\/10\/grille_forge_201926951_2-150x150.jpg 150w, https:\/\/www.lapeyre.fr\/wp-content\/uploads\/2019\/10\/grille_forge_201926951_2-300x300.jpg 300w, https:\/\/www.lapeyre.fr\/wp-content\/uploads\/2019\/10\/grille_forge_201926951_2-768x768.jpg 768w, https:\/\/www.lapeyre.fr\/wp-content\/uploads\/2019\/10\/grille_forge_201926951_2.jpg 1737w\" sizes=\"auto, (max-width: 1024px) 100vw, 1024px\" \/><\/figure>\r\n\r\n\r\n\r\n<h3 class=\"wp-block-heading\"><strong>Le miroir \u00e9tag\u00e8re <a href=\"https:\/\/www.lapeyre.fr\/miroir-deco-salle-bains-finn-FPC2133679\" target=\"_blank\" rel=\"noreferrer noopener\" aria-label=\"Finn  (s\u2019ouvre dans un nouvel onglet)\">Finn<\/a> par <a href=\"https:\/\/www.lapeyre.fr\/c\/magazine\/inspirations-tendances\/collaboration-studio-briand-berthereau\/\" target=\"_blank\" rel=\"noreferrer noopener\" aria-label=\"Le Studio Briand et Berthereau (s\u2019ouvre dans un nouvel onglet)\">Le Studio Briand et Berthereau<\/a><\/strong><\/h3>\r\n\r\n\r\n\r\n<figure class=\"wp-block-image\"><img loading=\"lazy\" decoding=\"async\" width=\"1024\" height=\"1024\" class=\"wp-image-579\" src=\"\/wp-content\/uploads\/2019\/10\/grille_finn_201926918_2-1024x1024.jpg\" alt=\"Miroir \u00e9tag\u00e8re Finn\" srcset=\"https:\/\/www.lapeyre.fr\/wp-content\/uploads\/2019\/10\/grille_finn_201926918_2-1024x1024.jpg 1024w, https:\/\/www.lapeyre.fr\/wp-content\/uploads\/2019\/10\/grille_finn_201926918_2-150x150.jpg 150w, https:\/\/www.lapeyre.fr\/wp-content\/uploads\/2019\/10\/grille_finn_201926918_2-300x300.jpg 300w, https:\/\/www.lapeyre.fr\/wp-content\/uploads\/2019\/10\/grille_finn_201926918_2-768x768.jpg 768w, https:\/\/www.lapeyre.fr\/wp-content\/uploads\/2019\/10\/grille_finn_201926918_2.jpg 1920w\" sizes=\"auto, (max-width: 1024px) 100vw, 1024px\" \/><\/figure>\r\n\r\n\r\n\r\n<h3 class=\"wp-block-heading\"><strong>La porte d&rsquo;entr\u00e9e <a href=\"https:\/\/www.lapeyre.fr\/porte-dentree-aliana-pvc-FPC2244669\" target=\"_blank\" rel=\"noreferrer noopener\" aria-label=\"Aliana  (s\u2019ouvre dans un nouvel onglet)\">Aliana<\/a>, par le <a href=\"https:\/\/www.lapeyre.fr\/c\/magazine\/inspirations-tendances\/collaboration-studio-elizabet-gutierrez\" target=\"_blank\" rel=\"noreferrer noopener\" aria-label=\"studio Eli Gutierrez (s\u2019ouvre dans un nouvel onglet)\">studio Eli Gutierrez<\/a><\/strong><\/h3>\r\n\r\n\r\n\r\n<figure class=\"wp-block-image\"><img loading=\"lazy\" decoding=\"async\" width=\"713\" height=\"1024\" class=\"wp-image-762\" src=\"\/wp-content\/uploads\/2019\/10\/201928666_4-713x1024.jpg\" alt=\"Porte d'entr\u00e9e Aliana PVC\" srcset=\"https:\/\/www.lapeyre.fr\/wp-content\/uploads\/2019\/10\/201928666_4-713x1024.jpg 713w, https:\/\/www.lapeyre.fr\/wp-content\/uploads\/2019\/10\/201928666_4-209x300.jpg 209w, https:\/\/www.lapeyre.fr\/wp-content\/uploads\/2019\/10\/201928666_4-768x1104.jpg 768w, https:\/\/www.lapeyre.fr\/wp-content\/uploads\/2019\/10\/201928666_4.jpg 1336w\" sizes=\"auto, (max-width: 713px) 100vw, 713px\" \/><\/figure>\r\n\r\n\r\n\r\n<h3 class=\"wp-block-heading\">La porte int\u00e9rieure <a href=\"https:\/\/www.lapeyre.fr\/bloc-porte-nuance-grave-FPC2235506\" target=\"_blank\" rel=\"noreferrer noopener\" aria-label=\"Nuance (s\u2019ouvre dans un nouvel onglet)\">Nuance<\/a> grav\u00e9e, par le <a href=\"https:\/\/www.lapeyre.fr\/c\/magazine\/inspirations-tendances\/collaboration-studio-tomas-kral\" target=\"_blank\" rel=\"noreferrer noopener\" aria-label=\"studio Tomas Kral (s\u2019ouvre dans un nouvel onglet)\">studio Tomas Kral<\/a><\/h3>\r\n\r\n\r\n\r\n<figure class=\"wp-block-image\"><img loading=\"lazy\" decoding=\"async\" width=\"731\" height=\"1024\" class=\"wp-image-765\" src=\"\/wp-content\/uploads\/2019\/10\/201928644_16-731x1024.jpg\" alt=\"Porte int\u00e9rieure Nuance grav\u00e9e\" srcset=\"https:\/\/www.lapeyre.fr\/wp-content\/uploads\/2019\/10\/201928644_16-731x1024.jpg 731w, https:\/\/www.lapeyre.fr\/wp-content\/uploads\/2019\/10\/201928644_16-214x300.jpg 214w, https:\/\/www.lapeyre.fr\/wp-content\/uploads\/2019\/10\/201928644_16-768x1075.jpg 768w, https:\/\/www.lapeyre.fr\/wp-content\/uploads\/2019\/10\/201928644_16.jpg 1371w\" sizes=\"auto, (max-width: 731px) 100vw, 731px\" \/><\/figure>\r\n\n<p style=\"text-align: center;\"><a class=\"bouton bleu\" id=\"btn-rdv-magazine\" href=\"https:\/\/www.lapeyre.fr\/prise-de-rdv\">Prendre RDV<\/a><\/p>","protected":false},"excerpt":{"rendered":"<p>Le design fait partie int\u00e9grante de notre Savoir Bien Faire. Ainsi notre Creative Office met en place&#8230;<\/p>\n","protected":false},"author":1005,"featured_media":576,"comment_status":"open","ping_status":"open","sticky":false,"template":"","format":"standard","meta":{"_acf_changed":false,"footnotes":""},"categories":[977,975],"tags":[],"class_list":{"2":"type-post","6":"hentry"},"acf":[],"_links":{"self":[{"href":"https:\/\/www.lapeyre.fr\/c\/magazine\/wp-json\/wp\/v2\/posts\/574","targetHints":{"allow":["GET"]}}],"collection":[{"href":"https:\/\/www.lapeyre.fr\/c\/magazine\/wp-json\/wp\/v2\/posts"}],"about":[{"href":"https:\/\/www.lapeyre.fr\/c\/magazine\/wp-json\/wp\/v2\/types\/post"}],"author":[{"embeddable":true,"href":"https:\/\/www.lapeyre.fr\/c\/magazine\/wp-json\/wp\/v2\/users\/1005"}],"replies":[{"embeddable":true,"href":"https:\/\/www.lapeyre.fr\/c\/magazine\/wp-json\/wp\/v2\/comments?post=574"}],"version-history":[{"count":0,"href":"https:\/\/www.lapeyre.fr\/c\/magazine\/wp-json\/wp\/v2\/posts\/574\/revisions"}],"wp:featuredmedia":[{"embeddable":true,"href":"https:\/\/www.lapeyre.fr\/c\/magazine\/wp-json\/wp\/v2\/media\/576"}],"wp:attachment":[{"href":"https:\/\/www.lapeyre.fr\/c\/magazine\/wp-json\/wp\/v2\/media?parent=574"}],"wp:term":[{"taxonomy":"category","embeddable":true,"href":"https:\/\/www.lapeyre.fr\/c\/magazine\/wp-json\/wp\/v2\/categories?post=574"},{"taxonomy":"post_tag","embeddable":true,"href":"https:\/\/www.lapeyre.fr\/c\/magazine\/wp-json\/wp\/v2\/tags?post=574"}],"curies":[{"name":"wp","href":"https:\/\/api.w.org\/{rel}","templated":true}]}}