{"id":582,"date":"2019-10-24T11:37:08","date_gmt":"2019-10-24T09:37:08","guid":{"rendered":"https:\/\/magazine.lapeyre.fr\/?p=582"},"modified":"2025-03-18T14:26:46","modified_gmt":"2025-03-18T13:26:46","slug":"collaboration-studio-levisarha","status":"publish","type":"post","link":"https:\/\/www.lapeyre.fr\/c\/magazine\/collaboration-studio-levisarha\/","title":{"rendered":"Le savoir bien faire vu par le studio LeviSarha"},"content":{"rendered":"\r\n<p><strong>La d\u00e9marche design Lapeyre, c\u2019est la rencontre exclusive entre nos \u00e9quipes et les meilleurs studios de designers pour cr\u00e9er des produits fonctionnels, modernes et accessibles.<\/strong><\/p>\r\n\r\n\r\n\r\n<h2 class=\"wp-block-heading\"><strong>LE MIROIR GROSSISSANT <a href=\"https:\/\/www.lapeyre.fr\/produits\/salle-bains-wc\/meuble-rangement\/miroir\" target=\"_blank\" rel=\"noreferrer noopener\" aria-label=\"FORGE (s\u2019ouvre dans un nouvel onglet)\">FORGE<\/a><\/strong><\/h2>\r\n\r\n\r\n\r\n<p>C\u2019est en voulant moderniser et remettre au go\u00fbt du jour le miroir grossissant que le jeune studio de designers belges LeviSarha a imagin\u00e9 cet objet qui rend l\u2019espace du bain r\u00e9solument plus fonctionnel. Forge, c\u2019est un produit qui rassemble un miroir et un miroir grossissant, pour un r\u00e9sultat aussi simple que graphique.<\/p>\r\n\r\n\r\n\r\n<figure class=\"wp-block-image\"><img loading=\"lazy\" decoding=\"async\" width=\"1024\" height=\"683\" class=\"wp-image-583\" src=\"\/wp-content\/uploads\/2019\/10\/miroir_forge-1024x683.png\" alt=\"Miroir Forge Lapeyre\" srcset=\"https:\/\/www.lapeyre.fr\/wp-content\/uploads\/2019\/10\/miroir_forge-1024x683.png 1024w, https:\/\/www.lapeyre.fr\/wp-content\/uploads\/2019\/10\/miroir_forge-300x200.png 300w, https:\/\/www.lapeyre.fr\/wp-content\/uploads\/2019\/10\/miroir_forge-768x512.png 768w, https:\/\/www.lapeyre.fr\/wp-content\/uploads\/2019\/10\/miroir_forge.png 1308w\" sizes=\"auto, (max-width: 1024px) 100vw, 1024px\" \/><\/figure>\r\n\r\n\r\n\r\n<p><em>\u00ab \u00c0 la mani\u00e8re d\u2019une verri\u00e8re ou d\u2019un vitrail, les diff\u00e9rentes pi\u00e8ces de miroir sont cercl\u00e9es de m\u00e9tal et composent un tableau \u00e0 la fois g\u00e9om\u00e9trique et moderne. \u00bb<\/em> LeviSarha<\/p>\r\n\r\n\r\n\r\n<h2 class=\"wp-block-heading\"><strong>LE STUDIO LEVISARHA<\/strong><\/h2>\r\n\r\n\r\n\r\n<p>Apr\u00e8s diverses exp\u00e9riences dans des studios de design internationaux, Sarha Duquesne et Levi Dethier co-fondent le studio LeviSarha \u00e0 Bruxelles en 2014 et le d\u00e9dient au design produit et mobilier. \u00c0 la fois sobre et moderne, graphique et fonctionnel, pour le studio LeviSarha, tout est dans le d\u00e9tail.<\/p>\r\n\r\n\r\n\r\n<figure class=\"wp-block-image\"><img loading=\"lazy\" decoding=\"async\" width=\"1024\" height=\"665\" class=\"wp-image-585\" src=\"\/wp-content\/uploads\/2019\/10\/LeviSarhaClairePayen_paysage-1024x665.jpg\" alt=\"Portraits Designers Levisarha\" srcset=\"https:\/\/www.lapeyre.fr\/wp-content\/uploads\/2019\/10\/LeviSarhaClairePayen_paysage-1024x665.jpg 1024w, https:\/\/www.lapeyre.fr\/wp-content\/uploads\/2019\/10\/LeviSarhaClairePayen_paysage-300x195.jpg 300w, https:\/\/www.lapeyre.fr\/wp-content\/uploads\/2019\/10\/LeviSarhaClairePayen_paysage-768x499.jpg 768w, https:\/\/www.lapeyre.fr\/wp-content\/uploads\/2019\/10\/LeviSarhaClairePayen_paysage.jpg 1920w\" sizes=\"auto, (max-width: 1024px) 100vw, 1024px\" \/><\/figure>\r\n\n<p style=\"text-align: center;\"><a class=\"bouton bleu\" id=\"btn-rdv-magazine\" href=\"https:\/\/www.lapeyre.fr\/prise-de-rdv\">Prendre RDV<\/a><\/p>","protected":false},"excerpt":{"rendered":"<p>La d\u00e9marche design Lapeyre, c\u2019est la rencontre exclusive entre nos \u00e9quipes et les meilleurs studios de designers&#8230;<\/p>\n","protected":false},"author":1005,"featured_media":583,"comment_status":"open","ping_status":"open","sticky":false,"template":"","format":"standard","meta":{"_acf_changed":false,"footnotes":""},"categories":[972,971],"tags":[16,906],"class_list":{"2":"type-post","6":"hentry"},"acf":[],"_links":{"self":[{"href":"https:\/\/www.lapeyre.fr\/c\/magazine\/wp-json\/wp\/v2\/posts\/582","targetHints":{"allow":["GET"]}}],"collection":[{"href":"https:\/\/www.lapeyre.fr\/c\/magazine\/wp-json\/wp\/v2\/posts"}],"about":[{"href":"https:\/\/www.lapeyre.fr\/c\/magazine\/wp-json\/wp\/v2\/types\/post"}],"author":[{"embeddable":true,"href":"https:\/\/www.lapeyre.fr\/c\/magazine\/wp-json\/wp\/v2\/users\/1005"}],"replies":[{"embeddable":true,"href":"https:\/\/www.lapeyre.fr\/c\/magazine\/wp-json\/wp\/v2\/comments?post=582"}],"version-history":[{"count":0,"href":"https:\/\/www.lapeyre.fr\/c\/magazine\/wp-json\/wp\/v2\/posts\/582\/revisions"}],"wp:featuredmedia":[{"embeddable":true,"href":"https:\/\/www.lapeyre.fr\/c\/magazine\/wp-json\/wp\/v2\/media\/583"}],"wp:attachment":[{"href":"https:\/\/www.lapeyre.fr\/c\/magazine\/wp-json\/wp\/v2\/media?parent=582"}],"wp:term":[{"taxonomy":"category","embeddable":true,"href":"https:\/\/www.lapeyre.fr\/c\/magazine\/wp-json\/wp\/v2\/categories?post=582"},{"taxonomy":"post_tag","embeddable":true,"href":"https:\/\/www.lapeyre.fr\/c\/magazine\/wp-json\/wp\/v2\/tags?post=582"}],"curies":[{"name":"wp","href":"https:\/\/api.w.org\/{rel}","templated":true}]}}