{"id":617,"date":"2019-10-24T15:15:41","date_gmt":"2019-10-24T13:15:41","guid":{"rendered":"https:\/\/magazine.lapeyre.fr\/?p=617"},"modified":"2025-03-13T10:16:28","modified_gmt":"2025-03-13T09:16:28","slug":"eclairement-naturel-projet","status":"publish","type":"post","link":"https:\/\/www.lapeyre.fr\/c\/magazine\/eclairement-naturel-projet\/","title":{"rendered":"Un bon \u00e9clairement naturel dans un projet"},"content":{"rendered":"\r\n<p><strong>Dans votre projet, avez-vous pens\u00e9 \u00e0 la lumi\u00e8re naturelle ?<br \/>En effet, si dans un projet d&rsquo;am\u00e9nagement, on pense espace, performance \u00e9nerg\u00e9tique, mat\u00e9riaux, d\u00e9coration, on oublie facilement que bien \u00e9clairer ses pi\u00e8ces devrait \u00eatre \u00e9tudi\u00e9 avec la m\u00eame attention. Apr\u00e8s tout, nous passons 90 % de notre temps en int\u00e9rieur et entre 60 et 70 % de ce temps chez nous. Autant s&rsquo;y sentir bien, et cela passe par faire entrer tr\u00e8s largement la lumi\u00e8re naturelle chez soi.<\/strong><\/p>\r\n\r\n\r\n\r\n<h2 class=\"wp-block-heading\">La lumi\u00e8re naturelle, qu&rsquo;est ce que cela change ?<\/h2>\r\n\r\n\r\n\r\n<figure class=\"wp-block-image\"><img loading=\"lazy\" decoding=\"async\" width=\"1024\" height=\"745\" class=\"wp-image-619\" src=\"\/wp-content\/uploads\/2019\/10\/201823709-1024x745.jpg\" alt=\"Cuisine en L \u00e9clair\u00e9e par deux grandes fen\u00eatres\" srcset=\"https:\/\/www.lapeyre.fr\/wp-content\/uploads\/2019\/10\/201823709-1024x745.jpg 1024w, https:\/\/www.lapeyre.fr\/wp-content\/uploads\/2019\/10\/201823709-300x218.jpg 300w, https:\/\/www.lapeyre.fr\/wp-content\/uploads\/2019\/10\/201823709-768x559.jpg 768w, https:\/\/www.lapeyre.fr\/wp-content\/uploads\/2019\/10\/201823709.jpg 1262w\" sizes=\"auto, (max-width: 1024px) 100vw, 1024px\" \/><\/figure>\r\n\r\n\r\n\r\n<p>Physiologiquement comme psychologiquement, la lumi\u00e8re naturelle joue un r\u00f4le primordial dans notre sant\u00e9. Le simple fait de voir la lumi\u00e8re t\u00f4t le matin active aussi la s\u00e9cr\u00e9tion de cortisol, une hormone indispensable \u00e0 la forme et augmente parall\u00e8lement la production de la s\u00e9rotonine, une mol\u00e9cule du cerveau qui influence l&rsquo;humeur. Cette derni\u00e8re stimule par ailleurs nos d\u00e9fenses immunitaires et donc notre r\u00e9sistance aux virus (rhumes, grippe\u2026).<\/p>\r\n\r\n\r\n\r\n<p><br \/>L&rsquo;exposition \u00e0 la lumi\u00e8re pendant la journ\u00e9e permet un bon r\u00e9glage de l&rsquo;horloge biologique. Elle a en outre un double effet b\u00e9n\u00e9fique :\u00a0 une am\u00e9lioration de la qualit\u00e9 du sommeil ainsi qu&rsquo;un allongement de sa dur\u00e9e et une diminution de l&rsquo;impact n\u00e9gatif de la lumi\u00e8re (notamment celle des \u00e9crans) le soir et la nuit*.<br \/><br \/>La lumi\u00e8re naturelle am\u00e9liore enfin notre productivit\u00e9, notre concentration, nos capacit\u00e9s d&rsquo;apprentissage et notre capacit\u00e9 \u00e0 prendre des d\u00e9cisions.<\/p>\r\n\r\n\r\n\r\n<p>Cr\u00e9er les conditions d&rsquo;une bonne luminoth\u00e9rapie<\/p>\r\n\r\n\r\n\r\n<figure class=\"wp-block-image\"><img loading=\"lazy\" decoding=\"async\" width=\"1024\" height=\"512\" class=\"wp-image-620\" src=\"\/wp-content\/uploads\/2019\/10\/127866-01-XXLV-1024x512.jpg\" alt=\"Int\u00e9rieur lumineux avec fen\u00eatres\" srcset=\"https:\/\/www.lapeyre.fr\/wp-content\/uploads\/2019\/10\/127866-01-XXLV-1024x512.jpg 1024w, https:\/\/www.lapeyre.fr\/wp-content\/uploads\/2019\/10\/127866-01-XXLV-300x150.jpg 300w, https:\/\/www.lapeyre.fr\/wp-content\/uploads\/2019\/10\/127866-01-XXLV-768x384.jpg 768w, https:\/\/www.lapeyre.fr\/wp-content\/uploads\/2019\/10\/127866-01-XXLV.jpg 1200w\" sizes=\"auto, (max-width: 1024px) 100vw, 1024px\" \/><\/figure>\r\n\r\n\r\n\r\n<p>Abattre des cloisons pour faire circuler la lumi\u00e8re est une bonne id\u00e9e. Cependant la premi\u00e8re \u00e9tape de tout projet d&rsquo;\u00e9clairement reste de s&rsquo;int\u00e9resser aux ouvertures vers l&rsquo;ext\u00e9rieur. Dans les logements offrant des ouvertures g\u00e9n\u00e9reuses, l&rsquo;abondance de lumi\u00e8re naturelle permet tout au long de l&rsquo;ann\u00e9e de se passer d&rsquo;\u00e9clairage artificiel entre le lever et le coucher du soleil, tout en conservant une bonne luminosit\u00e9. En hiver, il est ainsi possible d\u2019allumer la lumi\u00e8re artificielle une heure plus tard**.<\/p>\r\n\r\n\r\n\r\n<p><br \/>Voici quelques r\u00e8gles \u00e0 conna\u00eetre pour le bon \u00e9clairement naturel d\u2019une pi\u00e8ce :<\/p>\r\n\r\n\r\n\r\n<ul class=\"wp-block-list\">\r\n<li>Penser \u00e0 homog\u00e9n\u00e9iser l&rsquo;entr\u00e9e de lumi\u00e8re dans chaque pi\u00e8ce de la maison en \u00e9vitant de laisser des espaces sous-\u00e9clair\u00e9s.<\/li>\r\n<li>Evaluer la dimension des fen\u00eatres en fonction de l&rsquo;orientation du b\u00e2timent et de la superficie de la pi\u00e8ce.<\/li>\r\n<li>Penser aux fen\u00eatres de toit qui permettent de couvrir la course du soleil et d\u2019\u00e9clairer une pi\u00e8ce plus en profondeur.<\/li>\r\n<\/ul>\r\n\r\n\r\n\r\n<p>Ces r\u00e8gles s\u2019appliquent \u00e9galement pour les pi\u00e8ces sous combles qui sont g\u00e9n\u00e9ralement moins bien \u00e9clair\u00e9es que les pi\u00e8ces au rez-de-chauss\u00e9e. De multiples solutions existent pourtant\u00a0! La marque VELUX propose ainsi des solutions d\u2019ouverture vers l\u2019ext\u00e9rieur qui changent tout \u00e0 l\u2019int\u00e9rieur, de la simple fen\u00eatre de toit aux projets les plus ambitieux.<br \/><br \/>Si l\u2019on se plaint parfois du manque de lumi\u00e8re, on ne regrette jamais qu\u2019il y en ait trop\u2026 Consid\u00e9rez donc le fait de multiplier les fen\u00eatres dans vos pi\u00e8ces. Vous serez ainsi s\u00fbr de faire le plein de lumi\u00e8re naturelle !<br \/><br \/><strong>A savoir :<br \/>Pour un confort optimal, la R\u00e9glementation Thermique 2012 demande une surface totale de baies sup\u00e9rieure ou \u00e9gale \u00e0 1\/6e (17%) de la surface habitable d&rsquo;un logement. Id\u00e9alement, il faudrait appliquer cette r\u00e8gle \u00e0 toutes les pi\u00e8ces d&rsquo;un logement.<\/strong><br \/><br \/><em>*Etude publi\u00e9e \u00e0 la fin de l&rsquo;ann\u00e9e 2017 \u00ab\u00a0Linking Light Exposure and Subsequent Sleep: A Field Polysomnography Study in Humans\u00a0\u00bb.<br \/>**Exp\u00e9rience Maison Air et Lumi\u00e8re VELUX MODEL HOME 2020, men\u00e9e en 2013.<\/em><\/p>\r\n\r\n\r\n\r\n<ul class=\"wp-block-gallery columns-3 is-cropped wp-block-gallery-1 is-layout-flex wp-block-gallery-is-layout-flex\">\r\n<li class=\"blocks-gallery-item\">\r\n<figure><img loading=\"lazy\" decoding=\"async\" width=\"1024\" height=\"512\" class=\"wp-image-626\" src=\"\/wp-content\/uploads\/2019\/10\/Velux_diapo1-1024x512.jpg\" alt=\"Avant\/apr\u00e8s chambre lumineuse avec double fen\u00eatre\" data-id=\"626\" data-link=\"\/?attachment_id=626\" srcset=\"https:\/\/www.lapeyre.fr\/wp-content\/uploads\/2019\/10\/Velux_diapo1-1024x512.jpg 1024w, https:\/\/www.lapeyre.fr\/wp-content\/uploads\/2019\/10\/Velux_diapo1-300x150.jpg 300w, https:\/\/www.lapeyre.fr\/wp-content\/uploads\/2019\/10\/Velux_diapo1-768x384.jpg 768w, https:\/\/www.lapeyre.fr\/wp-content\/uploads\/2019\/10\/Velux_diapo1.jpg 1200w\" sizes=\"auto, (max-width: 1024px) 100vw, 1024px\" \/><\/figure>\r\n<\/li>\r\n<li class=\"blocks-gallery-item\">\r\n<figure><img loading=\"lazy\" decoding=\"async\" width=\"1024\" height=\"512\" class=\"wp-image-627\" src=\"\/wp-content\/uploads\/2019\/10\/Velux_diapo2-1024x512.jpg\" alt=\"Avant\/apr\u00e8s int\u00e9rieur lumineux refonte fen\u00eatres\" data-id=\"627\" data-link=\"\/?attachment_id=627\" srcset=\"https:\/\/www.lapeyre.fr\/wp-content\/uploads\/2019\/10\/Velux_diapo2-1024x512.jpg 1024w, https:\/\/www.lapeyre.fr\/wp-content\/uploads\/2019\/10\/Velux_diapo2-300x150.jpg 300w, https:\/\/www.lapeyre.fr\/wp-content\/uploads\/2019\/10\/Velux_diapo2-768x384.jpg 768w, https:\/\/www.lapeyre.fr\/wp-content\/uploads\/2019\/10\/Velux_diapo2.jpg 1200w\" sizes=\"auto, (max-width: 1024px) 100vw, 1024px\" \/><\/figure>\r\n<\/li>\r\n<li class=\"blocks-gallery-item\">\r\n<figure><img loading=\"lazy\" decoding=\"async\" width=\"1024\" height=\"512\" class=\"wp-image-628\" src=\"\/wp-content\/uploads\/2019\/10\/Velux_diapo3-1024x512.jpg\" alt=\"Fen\u00eatres vues de l'ext\u00e9rieur\" data-id=\"628\" data-link=\"\/?attachment_id=628\" srcset=\"https:\/\/www.lapeyre.fr\/wp-content\/uploads\/2019\/10\/Velux_diapo3-1024x512.jpg 1024w, https:\/\/www.lapeyre.fr\/wp-content\/uploads\/2019\/10\/Velux_diapo3-300x150.jpg 300w, https:\/\/www.lapeyre.fr\/wp-content\/uploads\/2019\/10\/Velux_diapo3-768x384.jpg 768w, https:\/\/www.lapeyre.fr\/wp-content\/uploads\/2019\/10\/Velux_diapo3.jpg 1200w\" sizes=\"auto, (max-width: 1024px) 100vw, 1024px\" \/><\/figure>\r\n<\/li>\r\n<li class=\"blocks-gallery-item\">\r\n<figure><img loading=\"lazy\" decoding=\"async\" width=\"1024\" height=\"512\" class=\"wp-image-629\" src=\"\/wp-content\/uploads\/2019\/10\/Velux_diapo4-1024x512.jpg\" alt=\"Avant\/apr\u00e8s chambre d'enfant lumineuse avec fen\u00eatres\" data-id=\"629\" data-link=\"\/?attachment_id=629\" srcset=\"https:\/\/www.lapeyre.fr\/wp-content\/uploads\/2019\/10\/Velux_diapo4-1024x512.jpg 1024w, https:\/\/www.lapeyre.fr\/wp-content\/uploads\/2019\/10\/Velux_diapo4-300x150.jpg 300w, https:\/\/www.lapeyre.fr\/wp-content\/uploads\/2019\/10\/Velux_diapo4-768x384.jpg 768w, https:\/\/www.lapeyre.fr\/wp-content\/uploads\/2019\/10\/Velux_diapo4.jpg 1200w\" sizes=\"auto, (max-width: 1024px) 100vw, 1024px\" \/><\/figure>\r\n<\/li>\r\n<li class=\"blocks-gallery-item\">\r\n<figure><img loading=\"lazy\" decoding=\"async\" width=\"1024\" height=\"512\" class=\"wp-image-630\" src=\"\/wp-content\/uploads\/2019\/10\/Velux_diapo5-1024x512.jpg\" alt=\"Avant\/apr\u00e8s chambre d'enfant lumineuse avec fen\u00eatres\" data-id=\"630\" data-link=\"\/?attachment_id=630\" srcset=\"https:\/\/www.lapeyre.fr\/wp-content\/uploads\/2019\/10\/Velux_diapo5-1024x512.jpg 1024w, https:\/\/www.lapeyre.fr\/wp-content\/uploads\/2019\/10\/Velux_diapo5-300x150.jpg 300w, https:\/\/www.lapeyre.fr\/wp-content\/uploads\/2019\/10\/Velux_diapo5-768x384.jpg 768w, https:\/\/www.lapeyre.fr\/wp-content\/uploads\/2019\/10\/Velux_diapo5.jpg 1200w\" sizes=\"auto, (max-width: 1024px) 100vw, 1024px\" \/><\/figure>\r\n<\/li>\r\n<\/ul>\r\n\n<p style=\"text-align: center;\"><a class=\"bouton bleu\" id=\"btn-rdv-magazine\" href=\"https:\/\/www.lapeyre.fr\/prise-de-rdv\">Prendre RDV<\/a><\/p>","protected":false},"excerpt":{"rendered":"<p>Dans votre projet, avez-vous pens\u00e9 \u00e0 la lumi\u00e8re naturelle ?En effet, si dans un projet d&rsquo;am\u00e9nagement, on&#8230;<\/p>\n","protected":false},"author":1005,"featured_media":618,"comment_status":"open","ping_status":"open","sticky":false,"template":"","format":"standard","meta":{"_acf_changed":false,"footnotes":""},"categories":[989,990],"tags":[902],"class_list":{"2":"type-post","6":"hentry"},"acf":[],"_links":{"self":[{"href":"https:\/\/www.lapeyre.fr\/c\/magazine\/wp-json\/wp\/v2\/posts\/617","targetHints":{"allow":["GET"]}}],"collection":[{"href":"https:\/\/www.lapeyre.fr\/c\/magazine\/wp-json\/wp\/v2\/posts"}],"about":[{"href":"https:\/\/www.lapeyre.fr\/c\/magazine\/wp-json\/wp\/v2\/types\/post"}],"author":[{"embeddable":true,"href":"https:\/\/www.lapeyre.fr\/c\/magazine\/wp-json\/wp\/v2\/users\/1005"}],"replies":[{"embeddable":true,"href":"https:\/\/www.lapeyre.fr\/c\/magazine\/wp-json\/wp\/v2\/comments?post=617"}],"version-history":[{"count":0,"href":"https:\/\/www.lapeyre.fr\/c\/magazine\/wp-json\/wp\/v2\/posts\/617\/revisions"}],"wp:featuredmedia":[{"embeddable":true,"href":"https:\/\/www.lapeyre.fr\/c\/magazine\/wp-json\/wp\/v2\/media\/618"}],"wp:attachment":[{"href":"https:\/\/www.lapeyre.fr\/c\/magazine\/wp-json\/wp\/v2\/media?parent=617"}],"wp:term":[{"taxonomy":"category","embeddable":true,"href":"https:\/\/www.lapeyre.fr\/c\/magazine\/wp-json\/wp\/v2\/categories?post=617"},{"taxonomy":"post_tag","embeddable":true,"href":"https:\/\/www.lapeyre.fr\/c\/magazine\/wp-json\/wp\/v2\/tags?post=617"}],"curies":[{"name":"wp","href":"https:\/\/api.w.org\/{rel}","templated":true}]}}