{"id":658,"date":"2019-10-24T18:02:34","date_gmt":"2019-10-24T16:02:34","guid":{"rendered":"https:\/\/magazine.lapeyre.fr\/?p=658"},"modified":"2025-03-13T10:15:57","modified_gmt":"2025-03-13T09:15:57","slug":"portail-quel-type-douverture-choisir","status":"publish","type":"post","link":"https:\/\/www.lapeyre.fr\/c\/magazine\/portail-quel-type-douverture-choisir\/","title":{"rendered":"Portail : quel type d\u2019ouverture choisir ?"},"content":{"rendered":"\r\n<p><strong>Portails battants, coulissants ou \u00e0 relevage de pente, pour trouver le type d\u2019ouverture qui correspond \u00e0 vos besoins, analyser les contraintes de votre terrain. D\u00e9couvrez ces trois solutions aussi esth\u00e9tiques que pratiques. <\/strong><\/p>\r\n\r\n\r\n\r\n<p>Le choix de votre portail ne se fait pas \u00e0 la l\u00e9g\u00e8re. Bien que l\u2019esth\u00e9tisme compte, il faut avant tout trouver un mod\u00e8le qui s\u2019accorde parfaitement avec les sp\u00e9cificit\u00e9s de votre espace <a href=\"https:\/\/www.lapeyre.fr\/exterieur-jardin-CCU0008#SCU687925\">ext\u00e9rieur<\/a>. Espace de d\u00e9gagement, typologie du terrain, toutes les options ne sont pas toujours envisageables. En faisant le point sur les diff\u00e9rentes contraintes auxquelles vous \u00eates confront\u00e9, la s\u00e9lection du type de <a href=\"https:\/\/www.lapeyre.fr\/portails-CCN0089\">portail<\/a> se fera naturellement.<\/p>\r\n\r\n\r\n\r\n<h2 class=\"wp-block-heading\"><strong>Le portail battant, l\u2019ouverture classique<\/strong><\/h2>\r\n\r\n\r\n\r\n<p>Le portail \u00e0 ouverture battante poss\u00e8de l\u2019ouverture la plus classique. Elle s\u2019effectue en poussant les deux vantaux vers l&rsquo;int\u00e9rieur de votre jardin ou de votre all\u00e9e. Cette solution n\u00e9cessite donc un espace de d\u00e9gagement suffisant. Elle est \u00e0 privil\u00e9gier pour les ext\u00e9rieurs plut\u00f4t vastes dans lesquels l\u2019espace derri\u00e8re le portail reste constamment d\u00e9gag\u00e9. Si vous disposez de peu de places vers l\u2019int\u00e9rieur et que votre portail\u00a0ne d\u00e9bouche pas sur la voie publique, installez un mod\u00e8le qui peut s\u2019ouvrir vers l\u2019ext\u00e9rieur. Pour cela, il est conseill\u00e9 de consulter au pr\u00e9alable les accords municipaux.<\/p>\r\n\r\n\r\n\r\n<figure class=\"wp-block-image\"><img loading=\"lazy\" decoding=\"async\" width=\"958\" height=\"702\" class=\"wp-image-661\" src=\"\/wp-content\/uploads\/2019\/10\/portail_battant_blanc_exterieur.jpg\" alt=\"Portail battant blanc ouvert de moiti\u00e9 devant une maison\" srcset=\"https:\/\/www.lapeyre.fr\/wp-content\/uploads\/2019\/10\/portail_battant_blanc_exterieur.jpg 958w, https:\/\/www.lapeyre.fr\/wp-content\/uploads\/2019\/10\/portail_battant_blanc_exterieur-300x220.jpg 300w, https:\/\/www.lapeyre.fr\/wp-content\/uploads\/2019\/10\/portail_battant_blanc_exterieur-768x563.jpg 768w\" sizes=\"auto, (max-width: 958px) 100vw, 958px\" \/><\/figure>\r\n\r\n\r\n\r\n<p>Intemporel, le portail battant se d\u00e9cline dans un vaste choix de mat\u00e9riaux, de formes, de couleurs et convient \u00e0 tous les styles.<\/p>\r\n\r\n\r\n\r\n<h2 class=\"wp-block-heading\"><strong>Le portail coulissant, gain de place et modernit\u00e9 assur\u00e9s<\/strong><\/h2>\r\n\r\n\r\n\r\n<p>Disponible sur certains mod\u00e8les en\u00a0bois, en fer, en PVC\u00a0et en\u00a0aluminium, ce type d&rsquo;ouverture lat\u00e9rale offre un gain d&rsquo;espace consid\u00e9rable. C\u2019est l\u2019option id\u00e9ale si vous ne disposez pas d\u2019un d\u00e9gagement suffisant vers l&rsquo;int\u00e9rieur de votre jardin, mais que vous en disposez sur le c\u00f4t\u00e9. Le portail glisse le long d\u2019un rail au sol. Une fois ouvert, il \u00e9pouse la <a href=\"https:\/\/www.lapeyre.fr\/clotures-CCN0224\">cl\u00f4ture<\/a> et occupe un minimum de place dans le jardin. Une solution tout aussi pratique qu\u2019esth\u00e9tique.<\/p>\r\n\r\n\r\n\r\n<figure class=\"wp-block-image\"><img loading=\"lazy\" decoding=\"async\" width=\"899\" height=\"572\" class=\"wp-image-663\" src=\"\/wp-content\/uploads\/2019\/10\/portail_coulissant_metal_noir_exterieur.jpg\" alt=\"portail coulissant en metal noir devant maison et mur en brique\" srcset=\"https:\/\/www.lapeyre.fr\/wp-content\/uploads\/2019\/10\/portail_coulissant_metal_noir_exterieur.jpg 899w, https:\/\/www.lapeyre.fr\/wp-content\/uploads\/2019\/10\/portail_coulissant_metal_noir_exterieur-300x191.jpg 300w, https:\/\/www.lapeyre.fr\/wp-content\/uploads\/2019\/10\/portail_coulissant_metal_noir_exterieur-768x489.jpg 768w\" sizes=\"auto, (max-width: 899px) 100vw, 899px\" \/><\/figure>\r\n\r\n\r\n\r\n<h2 class=\"wp-block-heading\"><strong>Le portail \u00e0 relevage en pente, la solution des entr\u00e9es atypiques<\/strong><\/h2>\r\n\r\n\r\n\r\n<p>L\u2019entr\u00e9e de votre maison est en pente\u00a0? Les portails \u00e0 relevage Lapeyre s\u2019adaptent \u00e0 cette contrainte. Pens\u00e9s pour que l\u2019ouverture des vantaux suive l\u2019inclinaison du terrain, ils constituent une solution id\u00e9ale aux entr\u00e9es dites atypiques. Leur pose s\u2019effectue en affleurement du pilier. Selon les mod\u00e8les, les portails peuvent compenser une hauteur de 10 \u00e0 25\u00a0cm.\u00a0<\/p>\r\n\n<p style=\"text-align: center;\"><a class=\"bouton bleu\" id=\"btn-rdv-magazine\" href=\"https:\/\/www.lapeyre.fr\/prise-de-rdv\">Prendre RDV<\/a><\/p>","protected":false},"excerpt":{"rendered":"<p>Portails battants, coulissants ou \u00e0 relevage de pente, pour trouver le type d\u2019ouverture qui correspond \u00e0 vos&#8230;<\/p>\n","protected":false},"author":1002,"featured_media":0,"comment_status":"open","ping_status":"open","sticky":false,"template":"","format":"standard","meta":{"_acf_changed":false,"footnotes":""},"categories":[982,979],"tags":[10],"class_list":{"2":"type-post","5":"hentry"},"acf":[],"_links":{"self":[{"href":"https:\/\/www.lapeyre.fr\/c\/magazine\/wp-json\/wp\/v2\/posts\/658","targetHints":{"allow":["GET"]}}],"collection":[{"href":"https:\/\/www.lapeyre.fr\/c\/magazine\/wp-json\/wp\/v2\/posts"}],"about":[{"href":"https:\/\/www.lapeyre.fr\/c\/magazine\/wp-json\/wp\/v2\/types\/post"}],"author":[{"embeddable":true,"href":"https:\/\/www.lapeyre.fr\/c\/magazine\/wp-json\/wp\/v2\/users\/1002"}],"replies":[{"embeddable":true,"href":"https:\/\/www.lapeyre.fr\/c\/magazine\/wp-json\/wp\/v2\/comments?post=658"}],"version-history":[{"count":0,"href":"https:\/\/www.lapeyre.fr\/c\/magazine\/wp-json\/wp\/v2\/posts\/658\/revisions"}],"wp:attachment":[{"href":"https:\/\/www.lapeyre.fr\/c\/magazine\/wp-json\/wp\/v2\/media?parent=658"}],"wp:term":[{"taxonomy":"category","embeddable":true,"href":"https:\/\/www.lapeyre.fr\/c\/magazine\/wp-json\/wp\/v2\/categories?post=658"},{"taxonomy":"post_tag","embeddable":true,"href":"https:\/\/www.lapeyre.fr\/c\/magazine\/wp-json\/wp\/v2\/tags?post=658"}],"curies":[{"name":"wp","href":"https:\/\/api.w.org\/{rel}","templated":true}]}}