{"id":684,"date":"2019-10-25T10:30:55","date_gmt":"2019-10-25T08:30:55","guid":{"rendered":"https:\/\/magazine.lapeyre.fr\/?p=684"},"modified":"2025-03-18T14:23:48","modified_gmt":"2025-03-18T13:23:48","slug":"differents-type-separation-de-piece","status":"publish","type":"post","link":"https:\/\/www.lapeyre.fr\/c\/magazine\/differents-type-separation-de-piece\/","title":{"rendered":"Les diff\u00e9rents types de s\u00e9paration de pi\u00e8ces"},"content":{"rendered":"\r\n<p>Plusieurs solutions existent pour vous permettre d\u2019optimiser votre espace de vie et de moduler votre int\u00e9rieur. La large gamme de syst\u00e8me de\u00a0<strong><a href=\"https:\/\/www.lapeyre.fr\/portes-CCU0004\/portes-interieur-CCN0085\/portes-coulissantes-CCN0170\" target=\"_blank\" rel=\"noreferrer noopener\">portes coulissantes<\/a><\/strong>\u00a0en est le meilleur exemple.<\/p>\r\n\r\n\r\n\r\n<h2 class=\"wp-block-heading\">La porte coulissante en applique pour s\u00e9parer deux pi\u00e8ces<\/h2>\r\n\r\n\r\n\r\n<p>Le syst\u00e8me applique est facile \u00e0 poser et sans rail de porte. Il apporte un gain d\u2019espace au sol pour un faible encombrement du mur.<\/p>\r\n\r\n\r\n\r\n<p>L\u2019applique\u00a0apparente, fine et l\u00e9g\u00e8re, donne un style \u00e9pur\u00e9 et urbain aux\u00a0portes coulissantes en verre. Son roulement \u00e0 billes d\u2019acier en fait l\u2019option la plus silencieuse. Testez la collection Soho avec son syst\u00e8me anti d\u00e9gondage et but\u00e9es int\u00e9gr\u00e9es.<\/p>\r\n\r\n\r\n\r\n<p>L\u2019applique\u00a0avec habillage\u00a0structure le contour de votre porte pour un visuel plus classique et tr\u00e8s chaleureux.<\/p>\r\n\r\n\r\n\r\n<figure class=\"wp-block-image\"><img loading=\"lazy\" decoding=\"async\" width=\"960\" height=\"330\" class=\"wp-image-693\" src=\"\/wp-content\/uploads\/2019\/10\/porte_coulissante_salle_de_bain.jpg\" alt=\"porte coulissante transparente de la chambre \u00e0 la salle de bain\" srcset=\"https:\/\/www.lapeyre.fr\/wp-content\/uploads\/2019\/10\/porte_coulissante_salle_de_bain.jpg 960w, https:\/\/www.lapeyre.fr\/wp-content\/uploads\/2019\/10\/porte_coulissante_salle_de_bain-300x103.jpg 300w, https:\/\/www.lapeyre.fr\/wp-content\/uploads\/2019\/10\/porte_coulissante_salle_de_bain-768x264.jpg 768w\" sizes=\"auto, (max-width: 960px) 100vw, 960px\" \/><\/figure>\r\n\r\n\r\n\r\n<h2 class=\"wp-block-heading\">La porte coulissante int\u00e9gr\u00e9e dans votre cloison de s\u00e9paration<\/h2>\r\n\r\n\r\n\r\n<p>Pour des portes en bois plein ou pour un mod\u00e8le vitrifi\u00e9, le syst\u00e8me int\u00e9gr\u00e9 fait dispara\u00eetre votre vantail dans le mur\u00a0! C\u2019est la solution id\u00e9ale sur le plan ergonomique et esth\u00e9tique. D\u00e9couvrez ainsi le design de la\u00a0porte en verre tremp\u00e9 Eclat, de la porte en verre d\u00e9poli tremp\u00e9 Horizon<strong>,<\/strong>\u00a0ou encore de la porte en verre feuillet\u00e9e Nuance<strong>.<\/strong> Il existe 3 types d&rsquo;ouvertures int\u00e9gr\u00e9es\u00a0 : un vantail, deux vantaux coulissants du m\u00eame c\u00f4t\u00e9, ou deux vantaux coulissants de chaque c\u00f4t\u00e9 de la porte.<\/p>\r\n\r\n\r\n\r\n<h2 class=\"wp-block-heading\">La porte coulissante suspendue pour une s\u00e9paration XXL<\/h2>\r\n\r\n\r\n\r\n<p>La\u00a0collection Parenth\u00e8se\u00a0se compose de <a href=\"https:\/\/www.lapeyre.fr\/cloisons-suspendues-CCN0172\">cloisons suspendues<\/a> sans rail de porte au sol. Une solution simple pour les grandes ouvertures et la cr\u00e9ation d\u2019un design original et lumineux.<\/p>\r\n\r\n\r\n\r\n<p>Toutes disposent d\u2019un syst\u00e8me de rail de guidage silencieux anti-d\u00e9raillement et de l\u2019option ouverture simultan\u00e9e.\u00a0<\/p>\r\n\r\n\r\n\r\n<h2 class=\"wp-block-heading\">Les portes d&rsquo;int\u00e9rieur extensibles et la porte-saloon<\/h2>\r\n\r\n\r\n\r\n<p>Les\u00a0portes extensibles\u00a0en PVC s\u2019adaptent \u00e0 votre ouverture. Leur syst\u00e8me de porte en accord\u00e9on les rend tr\u00e8s pratiques pour passer de la cuisine au cellier.<\/p>\r\n\r\n\r\n\r\n<p>La\u00a0porte-saloon\u00a0a l\u2019avantage de s\u2019ouvrir dans les deux sens. Ce type de porte \u00e0 un ou deux vantaux s\u2019ajuste \u00e0 toutes les situations.<\/p>\r\n\r\n\r\n\r\n<h2 class=\"wp-block-heading\">La qualit\u00e9 Lapeyre pour vos s\u00e9parations de pi\u00e8ces<\/h2>\r\n\r\n\r\n\r\n<p>L\u2019atelier Lapeyre pr\u00e9pare vos portes d\u2019int\u00e9rieur pour qu\u2019elles soient pr\u00eates \u00e0 poser\u00a0! D\u00e9couvrez nos\u00a0services atelier, tels que la recoupe personnalis\u00e9e ou la formule \u00ab standard approchant \u00bb.<\/p>\r\n\n<p style=\"text-align: center;\"><a class=\"bouton bleu\" id=\"btn-rdv-magazine\" href=\"https:\/\/www.lapeyre.fr\/prise-de-rdv\">Prendre RDV<\/a><\/p>","protected":false},"excerpt":{"rendered":"<p>Plusieurs solutions existent pour vous permettre d\u2019optimiser votre espace de vie et de moduler votre int\u00e9rieur. La&#8230;<\/p>\n","protected":false},"author":1002,"featured_media":0,"comment_status":"open","ping_status":"open","sticky":false,"template":"","format":"standard","meta":{"_acf_changed":false,"footnotes":""},"categories":[955,956],"tags":[22],"class_list":{"2":"type-post","5":"hentry"},"acf":[],"_links":{"self":[{"href":"https:\/\/www.lapeyre.fr\/c\/magazine\/wp-json\/wp\/v2\/posts\/684","targetHints":{"allow":["GET"]}}],"collection":[{"href":"https:\/\/www.lapeyre.fr\/c\/magazine\/wp-json\/wp\/v2\/posts"}],"about":[{"href":"https:\/\/www.lapeyre.fr\/c\/magazine\/wp-json\/wp\/v2\/types\/post"}],"author":[{"embeddable":true,"href":"https:\/\/www.lapeyre.fr\/c\/magazine\/wp-json\/wp\/v2\/users\/1002"}],"replies":[{"embeddable":true,"href":"https:\/\/www.lapeyre.fr\/c\/magazine\/wp-json\/wp\/v2\/comments?post=684"}],"version-history":[{"count":0,"href":"https:\/\/www.lapeyre.fr\/c\/magazine\/wp-json\/wp\/v2\/posts\/684\/revisions"}],"wp:attachment":[{"href":"https:\/\/www.lapeyre.fr\/c\/magazine\/wp-json\/wp\/v2\/media?parent=684"}],"wp:term":[{"taxonomy":"category","embeddable":true,"href":"https:\/\/www.lapeyre.fr\/c\/magazine\/wp-json\/wp\/v2\/categories?post=684"},{"taxonomy":"post_tag","embeddable":true,"href":"https:\/\/www.lapeyre.fr\/c\/magazine\/wp-json\/wp\/v2\/tags?post=684"}],"curies":[{"name":"wp","href":"https:\/\/api.w.org\/{rel}","templated":true}]}}