{"id":710,"date":"2019-10-25T12:28:33","date_gmt":"2019-10-25T10:28:33","guid":{"rendered":"https:\/\/magazine.lapeyre.fr\/?p=710"},"modified":"2025-03-12T17:25:47","modified_gmt":"2025-03-12T16:25:47","slug":"fabriquer-dressing-sur-mesure","status":"publish","type":"post","link":"https:\/\/www.lapeyre.fr\/c\/magazine\/fabriquer-dressing-sur-mesure\/","title":{"rendered":"Les \u00e9tapes pour fabriquer votre dressing sur-mesure"},"content":{"rendered":"\r\n<p><strong>Id\u00e9al pour s\u2019offrir un espace de rangement qui colle parfaitement \u00e0 ses besoins, le <a href=\"https:\/\/www.lapeyre.fr\/amenagements-placard-CCN0061\" target=\"_blank\" rel=\"noreferrer noopener\" aria-label=\"dressing sur-mesure (s\u2019ouvre dans un nouvel onglet)\">dressing sur-mesure<\/a> demande un vrai travail de r\u00e9flexion et de fabrication. Voici les cl\u00e9s pour r\u00e9aliser votre projet.<\/strong><\/p>\r\n\r\n\r\n\r\n<p>Lorsque l\u2019on se lance dans la r\u00e9alisation d\u2019un dressing sur-mesure, il convient de pr\u00e9voir deux \u00e9tapes\u00a0: celle de la pr\u00e9paration et celle de la r\u00e9alisation. Une fois les mesures prises, la forme et l\u2019organisation d\u00e9finies, il faut mettre la main \u00e0 la p\u00e2te et proc\u00e9der \u00e0 la fabrication. Suivez nos conseils pour r\u00e9aliser votre projet \u00e9tape par \u00e9tape.<\/p>\r\n\r\n\r\n\r\n<h2 class=\"wp-block-heading\"><strong>Premi\u00e8re \u00e9tape : le cadre. <\/strong><\/h2>\r\n\r\n\r\n\r\n<p>Il s\u2019agit des fondations de votre dressing. Il doit donc \u00eatre impeccablement pos\u00e9 et fix\u00e9. Apr\u00e8s avoir choisi le mat\u00e9riau qui vous convient (bois brut, contreplaqu\u00e9, agglom\u00e9r\u00e9\u2026), d\u00e9coupez, ou faites d\u00e9couper dans votre magasin Lapeyre, deux planches de la hauteur de votre dressing et de 50 cm minimum de largeur. Fixez ensuite des rails de l&rsquo;\u00e9paisseur de vos planches au sol et au plafond, et de chaque c\u00f4t\u00e9 de votre futur dressing. Comptez quatre rails en tout. Pour finir, logez les planches dans les rails.<\/p>\r\n\r\n\r\n\r\n<figure class=\"wp-block-image\"><img loading=\"lazy\" decoding=\"async\" width=\"1024\" height=\"811\" class=\"wp-image-714\" src=\"\/wp-content\/uploads\/2019\/10\/dressing-sur-mesure2-1024x811.jpg\" alt=\"Dressing sur-mesure placard\" srcset=\"https:\/\/www.lapeyre.fr\/wp-content\/uploads\/2019\/10\/dressing-sur-mesure2.jpg 1024w, https:\/\/www.lapeyre.fr\/wp-content\/uploads\/2019\/10\/dressing-sur-mesure2-300x238.jpg 300w, https:\/\/www.lapeyre.fr\/wp-content\/uploads\/2019\/10\/dressing-sur-mesure2-768x608.jpg 768w\" sizes=\"auto, (max-width: 1024px) 100vw, 1024px\" \/><\/figure>\r\n\r\n\r\n\r\n<h2 class=\"wp-block-heading\"><strong>Seconde \u00e9tape\u00a0: l\u2019am\u00e9nagement <\/strong><\/h2>\r\n\r\n\r\n\r\n<p>Comme le dressing a \u00e9t\u00e9 pens\u00e9 en amont, il suffit maintenant de le structurer \u00e9tape par \u00e9tape.<\/p>\r\n\r\n\r\n\r\n<ul>\r\n<li><strong>Les s\u00e9parations :<\/strong><\/li>\r\n<\/ul>\r\n\r\n\r\n\r\n<p>Vous souhaitez s\u00e9parer, dans la longueur, votre dressing pour le compartimenter ? Pour cela, il vous suffit de renouveler l&rsquo;op\u00e9ration expliqu\u00e9e ci-dessus : des planches log\u00e9es dans des rails fix\u00e9s au sol et au plafond.<\/p>\r\n\r\n\r\n\r\n<ul>\r\n<li><strong>Les \u00e9tag\u00e8res :<\/strong><\/li>\r\n<\/ul>\r\n\r\n\r\n\r\n<p>Utilisez des tasseaux pour placer vos \u00e9tag\u00e8res. Fixez-les en U (sur les deux planches de chaque c\u00f4t\u00e9 de votre mur qui fait office de fond) \u00e0 l&rsquo;aide de vis et de chevilles. Les tasseaux doivent \u00eatre confectionn\u00e9s dans le m\u00eame mat\u00e9riau que vos \u00e9tag\u00e8res pour assurer l\u2019homog\u00e9n\u00e9it\u00e9 du support en cas de dilatation naturelle. L\u00e0 encore, vous avez le choix entre le bois brut, le contreplaqu\u00e9, l\u2019agglom\u00e9r\u00e9\u2026 Pour optimiser efficacement le rangement de votre dressing, placez vos \u00e9tag\u00e8res tous les 30 cm environ, car si elles sont plus espac\u00e9es, vous devrez faire des piles de v\u00eatements plus hautes et donc moins stables.<\/p>\r\n\r\n\r\n\r\n<ul>\r\n<li><strong>Les tringles :<\/strong><\/li>\r\n<\/ul>\r\n\r\n\r\n\r\n<p>Pour cr\u00e9er l&rsquo;espace penderie, vous avez besoin d&rsquo;une ou de plusieurs tringles.\u00a0Elles se fixent simplement sur chaque planche qui encadre la penderie. Pour une penderie consacr\u00e9e aux chemises, pr\u00e9voyez 90 cm \u00e0 1 m de hauteur. Pour des robes et manteaux, pr\u00e9voyez environ 1,70 m. Pour des vestes, pr\u00e9voyez 1,10 m. Et pour des pantalons 1,20 m.<\/p>\r\n\r\n\r\n\r\n<figure class=\"wp-block-image\"><img loading=\"lazy\" decoding=\"async\" width=\"880\" height=\"1024\" class=\"wp-image-715\" src=\"\/wp-content\/uploads\/2019\/10\/dressing-sur-mesure3-880x1024.jpg\" alt=\"Dressing sur-mesure \u00e9tag\u00e8re\" srcset=\"https:\/\/www.lapeyre.fr\/wp-content\/uploads\/2019\/10\/dressing-sur-mesure3-880x1024.jpg 880w, https:\/\/www.lapeyre.fr\/wp-content\/uploads\/2019\/10\/dressing-sur-mesure3-258x300.jpg 258w, https:\/\/www.lapeyre.fr\/wp-content\/uploads\/2019\/10\/dressing-sur-mesure3-768x893.jpg 768w, https:\/\/www.lapeyre.fr\/wp-content\/uploads\/2019\/10\/dressing-sur-mesure3.jpg 894w\" sizes=\"auto, (max-width: 880px) 100vw, 880px\" \/><\/figure>\r\n\r\n\r\n\r\n<ul>\r\n<li><strong>Les tiroirs :<\/strong><\/li>\r\n<\/ul>\r\n\r\n\r\n\r\n<p>Parfaits pour ranger les petites pi\u00e8ces tels que les sous-v\u00eatements, les bijoux, les chaussettes, les ceintures ou les cravates, les tiroirs sont incontournables. Pr\u00e9voyez donc l&rsquo;espace n\u00e9cessaire pour int\u00e9grer des blocs \u00e0 tiroirs, qui peuvent combler une hauteur de tringles par exemple.<\/p>\r\n\r\n\r\n\r\n<h2 class=\"wp-block-heading\"><strong>Derni\u00e8re \u00e9tape\u00a0: les finitions<\/strong><\/h2>\r\n\r\n\r\n\r\n<p>Il est possible d\u2019opter pour un dressing ouvert, \u00e0 condition qu&rsquo;il soit toujours impeccablement rang\u00e9 et que votre pi\u00e8ce soit ventil\u00e9e pour \u00e9viter l\u2019accumulation de poussi\u00e8re. Si vous pr\u00e9f\u00e9rez le fermer, il est conseill\u00e9 d\u2019opter pour des rideaux, des portes coulissantes ou encore des portes battantes si la configuration le permet. Si vous avez opt\u00e9 pour des portes, personnalisez-les avec les poign\u00e9es et boutons de votre choix ! Voici un dressing 100 % sur-mesure, que vous pourrez optimiser en fonction de vos besoins, \u00e0 l\u2019aide des accessoires de rangements disponibles chez Lapeyre qui vous faciliteront le quotidien.<\/p>\r\n\n<p style=\"text-align: center;\"><a class=\"bouton bleu\" id=\"btn-rdv-magazine\" href=\"https:\/\/www.lapeyre.fr\/prise-de-rdv\">Prendre RDV<\/a><\/p>","protected":false},"excerpt":{"rendered":"<p>Id\u00e9al pour s\u2019offrir un espace de rangement qui colle parfaitement \u00e0 ses besoins, le dressing sur-mesure demande&#8230;<\/p>\n","protected":false},"author":1005,"featured_media":713,"comment_status":"open","ping_status":"open","sticky":false,"template":"","format":"standard","meta":{"_acf_changed":false,"footnotes":""},"categories":[969,967],"tags":[926,935],"class_list":{"2":"type-post","6":"hentry"},"acf":[],"_links":{"self":[{"href":"https:\/\/www.lapeyre.fr\/c\/magazine\/wp-json\/wp\/v2\/posts\/710","targetHints":{"allow":["GET"]}}],"collection":[{"href":"https:\/\/www.lapeyre.fr\/c\/magazine\/wp-json\/wp\/v2\/posts"}],"about":[{"href":"https:\/\/www.lapeyre.fr\/c\/magazine\/wp-json\/wp\/v2\/types\/post"}],"author":[{"embeddable":true,"href":"https:\/\/www.lapeyre.fr\/c\/magazine\/wp-json\/wp\/v2\/users\/1005"}],"replies":[{"embeddable":true,"href":"https:\/\/www.lapeyre.fr\/c\/magazine\/wp-json\/wp\/v2\/comments?post=710"}],"version-history":[{"count":0,"href":"https:\/\/www.lapeyre.fr\/c\/magazine\/wp-json\/wp\/v2\/posts\/710\/revisions"}],"wp:featuredmedia":[{"embeddable":true,"href":"https:\/\/www.lapeyre.fr\/c\/magazine\/wp-json\/wp\/v2\/media\/713"}],"wp:attachment":[{"href":"https:\/\/www.lapeyre.fr\/c\/magazine\/wp-json\/wp\/v2\/media?parent=710"}],"wp:term":[{"taxonomy":"category","embeddable":true,"href":"https:\/\/www.lapeyre.fr\/c\/magazine\/wp-json\/wp\/v2\/categories?post=710"},{"taxonomy":"post_tag","embeddable":true,"href":"https:\/\/www.lapeyre.fr\/c\/magazine\/wp-json\/wp\/v2\/tags?post=710"}],"curies":[{"name":"wp","href":"https:\/\/api.w.org\/{rel}","templated":true}]}}