{"id":732,"date":"2025-07-27T00:00:41","date_gmt":"2025-07-26T22:00:41","guid":{"rendered":"https:\/\/magazine.lapeyre.fr\/?p=732"},"modified":"2025-10-29T17:22:50","modified_gmt":"2025-10-29T16:22:50","slug":"choisir-dimension-douche-italienne","status":"publish","type":"post","link":"https:\/\/www.lapeyre.fr\/c\/magazine\/choisir-dimension-douche-italienne\/","title":{"rendered":"Choisir la bonne dimension pour votre douche \u00e0 l&rsquo;italienne"},"content":{"rendered":"<h1>Choisir les bonnes dimensions pour votre douche \u00e0 l\u2019italienne<\/h1>\n<p>Vous avez succomb\u00e9 au charme de la\u00a0douche italienne\u00a0? On vous comprend, on en r\u00eave tous. De plain-pied, spacieuse, pratique et tr\u00e8s esth\u00e9tique, elle est souvent LA solution pl\u00e9biscit\u00e9e pour les salles de bain. Si elle s\u2019adapte \u00e0 presque tous les espaces, il faut en amont bien d\u00e9finir les dimensions de votre douche \u00e0 l\u2019italienne. Pour pr\u00e9parer votre projet, suivez les conseils Lapeyre pour choisir la bonne dimension de douche. Andiamo\u00a0!<\/p>\n<p><img loading=\"lazy\" decoding=\"async\" class=\"aligncenter wp-image-4480 size-large\" src=\"https:\/\/www.lapeyre.fr\/wp-content\/uploads\/2020\/07\/202443238_21-1024x1024.jpg\" alt=\"douche italienne\" width=\"1024\" height=\"1024\" srcset=\"https:\/\/www.lapeyre.fr\/wp-content\/uploads\/2020\/07\/202443238_21-1024x1024.jpg 1024w, https:\/\/www.lapeyre.fr\/wp-content\/uploads\/2020\/07\/202443238_21-300x300.jpg 300w, https:\/\/www.lapeyre.fr\/wp-content\/uploads\/2020\/07\/202443238_21-150x150.jpg 150w, https:\/\/www.lapeyre.fr\/wp-content\/uploads\/2020\/07\/202443238_21-768x768.jpg 768w, https:\/\/www.lapeyre.fr\/wp-content\/uploads\/2020\/07\/202443238_21-1536x1536.jpg 1536w, https:\/\/www.lapeyre.fr\/wp-content\/uploads\/2020\/07\/202443238_21-2048x2048.jpg 2048w, https:\/\/www.lapeyre.fr\/wp-content\/uploads\/2020\/07\/202443238_21-1920x1920.jpg 1920w\" sizes=\"auto, (max-width: 1024px) 100vw, 1024px\" \/><\/p>\n<h2>Quelle dimension pour votre douche italienne ?<\/h2>\n<p>Avant de d\u00e9finir la dimension de votre douche \u00e0 l\u2019italienne, voyons ses composants. Un v\u00e9ritable mod\u00e8le de douche \u00e0 l\u2019italienne a la particularit\u00e9 d\u2019\u00eatre ouvert et de plain-pied, c\u2019est \u00e0 dire sans marche, ni bac de douche. La douche suit le prolongement du sol de la salle de bain. Con\u00e7ue en carrelage, elle comprend plusieurs \u00e9l\u00e9ments :<\/p>\n<ol>\n<li>\u00c9ventuellement, quand elle n\u2019est pas d\u00e9j\u00e0 ma\u00e7onn\u00e9e, elle se compose d\u2019un\u00a0<a href=\"https:\/\/www.lapeyre.fr\/produits\/salle-bains-wc\/douche\/receveur-receveur-carreler\"><strong>receveur<\/strong><\/a> encastrable \u00e0 carreler ou non, g\u00e9n\u00e9ralement invisible et qui ne fait qu\u2019un avec le sol<\/li>\n<li>D\u2019une\u00a0<a href=\"https:\/\/www.lapeyre.fr\/produits\/salle-bains-wc\/douche\/paroi-douche\"><strong>paroi de douche<\/strong><\/a>\u00a0en verre, pas indispensable mais recommand\u00e9e pour \u00e9viter les \u00e9claboussures dans une petite douche \u00e0 l\u2019italienne<\/li>\n<li>D\u2019un\u00a0<a href=\"https:\/\/www.lapeyre.fr\/produits\/revetement-sol-mur\"><strong>rev\u00eatement<\/strong><\/a>\u00a0(par exemple de la mosa\u00efque ou du b\u00e9ton cir\u00e9 sur un pan de mur, carrelage au sol)<\/li>\n<li>D\u2019un siphon et d\u2019un caniveau de douche au ras du sol \u00e0 fort d\u00e9bit<\/li>\n<li>D\u2019une bonde de 90 mm minimum et d\u2019un diam\u00e8tre de canalisation de 50 mm au moins<\/li>\n<li>D\u2019un syst\u00e8me d\u2019\u00e9tanch\u00e9it\u00e9 (chape hydrofuge et herm\u00e9tique)<\/li>\n<li>Et d\u2019une <a href=\"https:\/\/www.lapeyre.fr\/produits\/salle-bains-wc\/robinetterie-colonne-douche\/colonne-douche\">colonne de douche<\/a><\/li>\n<\/ol>\n<p>Cependant, il existe aussi des mod\u00e8les de douches s\u2019inspirant de l\u2019esprit \u201cdouche \u00e0 l\u2019italienne\u201d. \u00c9tant donn\u00e9 que les travaux pour avoir une v\u00e9ritable douche \u00e0 l\u2019italienne sont assez importants, il n\u2019est pas rare de voir des r\u00e9novations de douches avec un receveur qui n\u2019est pas de plain-pied mais l\u00e9g\u00e8rement au-dessus du niveau du sol. Ce sont des mod\u00e8les de receveurs dits extra-plats (entre 2 et 9 cm), en partie visibles. C\u2019est souvent l\u2019alternative la plus simple et \u00e9conomique. Esth\u00e9tiquement, cela n\u2019est absolument pas g\u00eanant\u00a0: le tout, c\u2019est de bien d\u00e9finir en amont la dimension de votre douche \u00e0 l\u2019italienne pour qu\u2019elle s\u2019int\u00e8gre bien \u00e0 votre salle de bain\u00a0!<\/p>\n<p>Le crit\u00e8re imp\u00e9ratif pour vous aider \u00e0 d\u00e9terminer la dimension id\u00e9ale de votre douche \u00e0 l\u2019italienne : le confort. Oui, comme pour toute les douches, il faut s\u2019y sentir \u00e0 l\u2019aise. Vous devez pouvoir bouger, chanter \u201cMama Mia\u201d sans craindre de vous cogner un coude. En somme, plus la dimension de votre douche \u00e0 l\u2019italienne sera importante, plus la douche sera agr\u00e9able. S\u2019il n\u2019y a pas de taille impos\u00e9e, id\u00e9alement on recommande une dimension de douche \u00e0 l\u2019italienne de 100 cm par 200 cm. La dimension minimale acceptable pour une douche \u00e0 l\u2019italienne est de 80 x 100 cm.<\/p>\n<p>Pour profiter de tout le confort dont vous avez besoin, la largeur de la douche \u00e0 l\u2019italienne doit \u00eatre d\u2019au moins 80 cm.<\/p>\n<p>Notre conseil ? Avec un peu d\u2019imagination, n\u2019h\u00e9sitez pas \u00e0 simuler vos d\u00e9placements. Prenez des mesures par rapport \u00e0 l\u2019espace de votre salle de bain actuelle, au mobilier souhait\u00e9 et \u00e0 vos mouvements.<\/p>\n<h2>Quelles dimensions pour le receveur d\u2019une douche italienne\u00a0?<\/h2>\n<p>\u00c9l\u00e9ment central de votre future douche, le receveur ou bac \u00e0 douche peut \u00eatre donc encastrable, extra- plat ou m\u00eame sur mesure. Il se d\u00e9cline en diff\u00e9rentes formes et tailles :<\/p>\n<ul>\n<li>Rectangle : entre 60 et 180 cm de largeur, et 70 et 200 cm pour la longueur<\/li>\n<li>Carr\u00e9 : 70 x 70 cm, 80 x 80 cm, 90 x 90 cm, 100 x 100 cm et de 120 x 120 cm<\/li>\n<li>\u00c0 angle arrondi : 80 x 80 cm ou 90 x 90 cm<\/li>\n<\/ul>\n<p><strong>Attention<\/strong>\u00a0: si vous disposez d\u2019une petite salle de bain, il est pr\u00e9f\u00e9rable d\u2019opter pour une cabine de douche classique. De cette fa\u00e7on, vous optimiserez l\u2019espace dont vous disposez. Lapeyre vous propose un vaste choix de cabines de douche plus compactes qui ne font pas l\u2019impasse sur le design\u00a0!<\/p>\n<p><img loading=\"lazy\" decoding=\"async\" class=\"aligncenter wp-image-4482 size-large\" src=\"https:\/\/www.lapeyre.fr\/wp-content\/uploads\/2020\/07\/202443252_3-1024x768.jpg\" alt=\"douche italienne\" width=\"1024\" height=\"768\" srcset=\"https:\/\/www.lapeyre.fr\/wp-content\/uploads\/2020\/07\/202443252_3-1024x768.jpg 1024w, https:\/\/www.lapeyre.fr\/wp-content\/uploads\/2020\/07\/202443252_3-300x225.jpg 300w, https:\/\/www.lapeyre.fr\/wp-content\/uploads\/2020\/07\/202443252_3-768x576.jpg 768w, https:\/\/www.lapeyre.fr\/wp-content\/uploads\/2020\/07\/202443252_3-1536x1152.jpg 1536w, https:\/\/www.lapeyre.fr\/wp-content\/uploads\/2020\/07\/202443252_3-2048x1536.jpg 2048w, https:\/\/www.lapeyre.fr\/wp-content\/uploads\/2020\/07\/202443252_3-1920x1440.jpg 1920w\" sizes=\"auto, (max-width: 1024px) 100vw, 1024px\" \/><\/p>\n<h2>Autre point \u00e0 pr\u00e9voir : l\u2019\u00e9vacuation de l\u2019eau !<\/h2>\n<p>Pour bien \u00e9vacuer l\u2019eau, l\u2019espace de votre salle de bain doit poss\u00e9der une pente entre 1 et 3 cm par m\u00e8tre. Si votre future douche \u00e0 l\u2019italienne inclut un receveur extra-plat, il faut auparavant que le sol o\u00f9 sera pos\u00e9 votre bac, soit\u2026 bien plat ! V\u00e9rifiez ce point avec un niveau \u00e0 bulle afin d\u2019\u00e9viter un d\u00e9faut de plan\u00e9it\u00e9 lors de la pose.<\/p>\n<p>&nbsp;<\/p>\n<p>Vous l\u2019aurez compris, les dimensions de votre douche \u00e0 l\u2019italienne jouent un r\u00f4le tr\u00e8s important\u00a0: ce sont bien elles qui garantissent votre confort\u2026 et qui vous permettent d\u2019assurer \u00e0 100% pendant que vous chantez vos classiques italiens favoris. Les dimensions de votre receveur doivent bien \u00e9videmment correspondre aux dimensions de votre douche italienne. Optez pour un mod\u00e8le rectangulaire, carr\u00e9 ou m\u00eame arrondi et \u00e9quipez votre nouvelle douche d\u2019une paroi si vous le souhaitez. Le tout est que vous profitiez au maximum de votre espace de douche\u00a0!<\/p>\n<p>Une question\u00a0? Un doute quant aux dimensions de votre douche \u00e0 l\u2019italienne\u00a0? Prenez rendez-vous avec nos experts Lapeyre, en magasin ou chez vous\u00a0! Ces derniers vous guideront et vous aideront \u00e0 faire votre choix parmi notre gamme de produits.<\/p>\n<p>&nbsp;<\/p>\n<p style=\"text-align: center;\"><a class=\"bouton bleu\" id=\"btn-rdv-magazine\" href=\"https:\/\/www.lapeyre.fr\/prise-de-rdv\">Prendre RDV<\/a><\/p>\n","protected":false},"excerpt":{"rendered":"<p>Choisir les bonnes dimensions pour votre douche \u00e0 l\u2019italienne Vous avez succomb\u00e9 au charme de la\u00a0douche italienne\u00a0?&#8230;<\/p>\n","protected":false},"author":1002,"featured_media":4480,"comment_status":"open","ping_status":"open","sticky":false,"template":"","format":"standard","meta":{"_acf_changed":false,"footnotes":""},"categories":[973,971],"tags":[11],"class_list":{"2":"type-post","6":"hentry"},"acf":[],"_links":{"self":[{"href":"https:\/\/www.lapeyre.fr\/c\/magazine\/wp-json\/wp\/v2\/posts\/732","targetHints":{"allow":["GET"]}}],"collection":[{"href":"https:\/\/www.lapeyre.fr\/c\/magazine\/wp-json\/wp\/v2\/posts"}],"about":[{"href":"https:\/\/www.lapeyre.fr\/c\/magazine\/wp-json\/wp\/v2\/types\/post"}],"author":[{"embeddable":true,"href":"https:\/\/www.lapeyre.fr\/c\/magazine\/wp-json\/wp\/v2\/users\/1002"}],"replies":[{"embeddable":true,"href":"https:\/\/www.lapeyre.fr\/c\/magazine\/wp-json\/wp\/v2\/comments?post=732"}],"version-history":[{"count":0,"href":"https:\/\/www.lapeyre.fr\/c\/magazine\/wp-json\/wp\/v2\/posts\/732\/revisions"}],"wp:featuredmedia":[{"embeddable":true,"href":"https:\/\/www.lapeyre.fr\/c\/magazine\/wp-json\/wp\/v2\/media\/4480"}],"wp:attachment":[{"href":"https:\/\/www.lapeyre.fr\/c\/magazine\/wp-json\/wp\/v2\/media?parent=732"}],"wp:term":[{"taxonomy":"category","embeddable":true,"href":"https:\/\/www.lapeyre.fr\/c\/magazine\/wp-json\/wp\/v2\/categories?post=732"},{"taxonomy":"post_tag","embeddable":true,"href":"https:\/\/www.lapeyre.fr\/c\/magazine\/wp-json\/wp\/v2\/tags?post=732"}],"curies":[{"name":"wp","href":"https:\/\/api.w.org\/{rel}","templated":true}]}}