{"id":755,"date":"2019-10-28T14:00:37","date_gmt":"2019-10-28T13:00:37","guid":{"rendered":"https:\/\/magazine.lapeyre.fr\/?p=755"},"modified":"2025-03-13T10:14:50","modified_gmt":"2025-03-13T09:14:50","slug":"choisir-evier-de-cuisine","status":"publish","type":"post","link":"https:\/\/www.lapeyre.fr\/c\/magazine\/choisir-evier-de-cuisine\/","title":{"rendered":"Quel \u00e9vier de cuisine choisir ?"},"content":{"rendered":"\r\n<p><strong>Si le design des meubles de cuisine\u00a0a bien \u00e9volu\u00e9, celui des \u00e9viers\u00a0n\u2019est pas rest\u00e9 de c\u00f4t\u00e9. Des formats atypiques, des mati\u00e8res innovantes et une pose revisit\u00e9e ont su moderniser cet \u00e9quipement phare de la cuisine. Moderne, l\u2019\u00e9vier ne se limite plus \u00e0 une simple cuve. Lapeyre fait le point.<\/strong><\/p>\r\n\r\n\r\n\r\n<h2 class=\"wp-block-heading\">L\u2019\u00e9vier de cuisine : les formes et les mati\u00e8res<\/h2>\r\n\r\n\r\n\r\n<p>Aujourd\u2019hui, l\u2019<a href=\"https:\/\/www.lapeyre.fr\/eviers-CCN0014\">\u00e9vier<\/a> de cuisine se fond dans le d\u00e9cor, ou se d\u00e9marque. Trois types de forme s\u2019offrent \u00e0 vous : rectangulaire, carr\u00e9e ou ronde. N\u2019h\u00e9sitez donc pas \u00e0 revisiter les standards et \u00e0 les remplacer par des formes plus ergonomiques.<\/p>\r\n\r\n\r\n\r\n<h2 class=\"wp-block-heading\">L\u2019\u00e9vier rond : un design contemporain et original<\/h2>\r\n\r\n\r\n\r\n<p>Vous poss\u00e9dez un <a href=\"https:\/\/www.lapeyre.fr\/lave-vaisselle-CCN0099\">lave-vaisselle<\/a> et votre <a href=\"https:\/\/www.lapeyre.fr\/cuisine-CCU0001\">cuisine<\/a> est petite ? Pensez \u00e0 un \u00e9vier \u00e0 cuve ronde. Id\u00e9al sur les petits <a href=\"https:\/\/www.lapeyre.fr\/plans-travail-CCN0091\">plans de travail<\/a>, il est sans angle donc facile \u00e0 entretenir. Simple ou double, il est parfait pour se laver les mains et laver fruits et l\u00e9gumes.<\/p>\r\n\r\n\r\n\r\n<figure class=\"wp-block-image\"><img loading=\"lazy\" decoding=\"async\" width=\"1024\" height=\"1018\" class=\"wp-image-757\" src=\"\/wp-content\/uploads\/2019\/10\/grand-evier-vuisine-blanc-1024x1018.jpg\" alt=\"\u00e9vier de cuisine rond \" srcset=\"https:\/\/www.lapeyre.fr\/wp-content\/uploads\/2019\/10\/grand-evier-vuisine-blanc-1024x1018.jpg 1024w, https:\/\/www.lapeyre.fr\/wp-content\/uploads\/2019\/10\/grand-evier-vuisine-blanc-150x150.jpg 150w, https:\/\/www.lapeyre.fr\/wp-content\/uploads\/2019\/10\/grand-evier-vuisine-blanc-300x298.jpg 300w, https:\/\/www.lapeyre.fr\/wp-content\/uploads\/2019\/10\/grand-evier-vuisine-blanc-768x764.jpg 768w, https:\/\/www.lapeyre.fr\/wp-content\/uploads\/2019\/10\/grand-evier-vuisine-blanc.jpg 1269w\" sizes=\"auto, (max-width: 1024px) 100vw, 1024px\" \/><\/figure>\r\n\r\n\r\n\r\n<h2 class=\"wp-block-heading\">L\u2019\u00e9vier carr\u00e9 : le roi de l\u2019optimisation<\/h2>\r\n\r\n\r\n\r\n<p>Souvent utilis\u00e9 pour les petites cuisines dont le plan de travail a une surface limit\u00e9e, il poss\u00e8de un seul bac et peut \u00eatre prolong\u00e9 d\u2019un \u00e9gouttoir. Tr\u00e8s compact, il est id\u00e9al pour optimiser l&rsquo;espace. On associe g\u00e9n\u00e9ralement sa couleur \u00e0 celui du plan de travail.<\/p>\r\n\r\n\r\n\r\n<h2 class=\"wp-block-heading\">L\u2019\u00e9vier rectangle : un grand classique adaptable et revisit\u00e9<\/h2>\r\n\r\n\r\n\r\n<p>C\u2019est la forme la plus r\u00e9pandue en cuisine. Disponible avec une ou deux cuves, c\u2019est aussi le plus pratique. Il permet ais\u00e9ment de faire la vaisselle, nettoyer les fruits et l\u00e9gumes et remplir de grands contenants. Ses nombreuses dimensions le rend adaptable \u00e0 toutes les cuisines.<\/p>\r\n\r\n\r\n\r\n<p>Bon \u00e0 savoir : Pour les familles nombreuses, privil\u00e9giez un \u00e9vier double cuve. Dans une kitchenette un bac et demi suffit.<\/p>\r\n\r\n\r\n\r\n<h2 class=\"wp-block-heading\">C\u00f4t\u00e9 mati\u00e8res<\/h2>\r\n\r\n\r\n\r\n<p>Jouez sur les mati\u00e8res. Vous avez le choix. Les \u00e9viers se d\u00e9clinent dans de nombreux mat\u00e9riaux ayant chacun leurs sp\u00e9cificit\u00e9s :<\/p>\r\n\r\n\r\n\r\n<p><strong>En pierre reconstitu\u00e9e<\/strong> : durable et tr\u00e8s r\u00e9sistante aux chocs, aux rayures, et \u00e0 la chaleur. Les \u00e9viers en pierre reconstitu\u00e9e offrent des designs innovants et affirm\u00e9s. Ils sont parfaits dans une cuisine contemporaine.<\/p>\r\n\r\n\r\n\r\n<p><strong>En c\u00e9ramique<\/strong> : belle long\u00e9vit\u00e9 et un bon rapport qualit\u00e9\/prix. Connu pour son aspect traditionnel, sachez que l\u2019\u00e9vier en c\u00e9ramique est propos\u00e9 dans des lignes plus modernes et amincies. Son \u00e9mail r\u00e9siste aux variations de temp\u00e9ratures, aux t\u00e2ches (y compris au risque de jaunissement), au r\u00e9curage et aux produits d\u2019entretien.<\/p>\r\n\r\n\r\n\r\n<p><strong>En inox <\/strong>: l\u00e9ger et hygi\u00e9nique, il est reconnu pour sa bonne r\u00e9sistance g\u00e9n\u00e9rale et est facile \u00e0 nettoyer. Esth\u00e9tique avec ses lignes minimalistes, il se dote d\u2019une cuve grande capacit\u00e9 tr\u00e8s pratique.<\/p>\r\n\r\n\r\n\r\n<figure class=\"wp-block-image\"><img loading=\"lazy\" decoding=\"async\" width=\"1024\" height=\"683\" class=\"wp-image-758\" src=\"\/wp-content\/uploads\/2019\/10\/evier-cuisine-inox-1024x683.jpg\" alt=\"\u00e9vier de cuisine en inox\" srcset=\"https:\/\/www.lapeyre.fr\/wp-content\/uploads\/2019\/10\/evier-cuisine-inox-1024x683.jpg 1024w, https:\/\/www.lapeyre.fr\/wp-content\/uploads\/2019\/10\/evier-cuisine-inox-300x200.jpg 300w, https:\/\/www.lapeyre.fr\/wp-content\/uploads\/2019\/10\/evier-cuisine-inox-768x512.jpg 768w, https:\/\/www.lapeyre.fr\/wp-content\/uploads\/2019\/10\/evier-cuisine-inox.jpg 1269w\" sizes=\"auto, (max-width: 1024px) 100vw, 1024px\" \/><\/figure>\r\n\r\n\r\n\r\n<p><strong>En verre tremp\u00e9 <\/strong>: moins connu que l\u2019inox ou la c\u00e9ramique, le verre tremp\u00e9 est design et robuste. On appr\u00e9cie cette mati\u00e8re facile \u00e0 nettoyer, non poreuse et r\u00e9sistante aux hautes temp\u00e9ratures et aux d\u00e9tergents.<\/p>\r\n\r\n\r\n\r\n<h2 class=\"wp-block-heading\">\u00c9vier de cuisine : les types de pose<\/h2>\r\n\r\n\r\n\r\n<p>Les couleurs et le format ne sont pas les seuls \u00e9l\u00e9ments \u00e0 votre disposition pour singulariser votre \u00e9vier. La pose aussi. Encastr\u00e9, affleurant ou bassin sous plan? Lapeyre vous propose des mod\u00e8les \u00e0 encastrer, mais aussi \u00e0 int\u00e9grer. Dans ce cas, nos usines assurent un montage par int\u00e9gration \u00e0 fleur de plan : le rendu est lisse et sans asp\u00e9rit\u00e9.<\/p>\r\n\r\n\r\n\r\n<p>On a pens\u00e9 \u00e0 tout\u00a0!<\/p>\r\n\n<p style=\"text-align: center;\"><a class=\"bouton bleu\" id=\"btn-rdv-magazine\" href=\"https:\/\/www.lapeyre.fr\/prise-de-rdv\">Prendre RDV<\/a><\/p>","protected":false},"excerpt":{"rendered":"<p>Si le design des meubles de cuisine\u00a0a bien \u00e9volu\u00e9, celui des \u00e9viers\u00a0n\u2019est pas rest\u00e9 de c\u00f4t\u00e9. Des&#8230;<\/p>\n","protected":false},"author":1002,"featured_media":756,"comment_status":"open","ping_status":"open","sticky":false,"template":"","format":"standard","meta":{"_acf_changed":false,"footnotes":""},"categories":[966,963],"tags":[5,15,940],"class_list":{"2":"type-post","6":"hentry"},"acf":[],"_links":{"self":[{"href":"https:\/\/www.lapeyre.fr\/c\/magazine\/wp-json\/wp\/v2\/posts\/755","targetHints":{"allow":["GET"]}}],"collection":[{"href":"https:\/\/www.lapeyre.fr\/c\/magazine\/wp-json\/wp\/v2\/posts"}],"about":[{"href":"https:\/\/www.lapeyre.fr\/c\/magazine\/wp-json\/wp\/v2\/types\/post"}],"author":[{"embeddable":true,"href":"https:\/\/www.lapeyre.fr\/c\/magazine\/wp-json\/wp\/v2\/users\/1002"}],"replies":[{"embeddable":true,"href":"https:\/\/www.lapeyre.fr\/c\/magazine\/wp-json\/wp\/v2\/comments?post=755"}],"version-history":[{"count":0,"href":"https:\/\/www.lapeyre.fr\/c\/magazine\/wp-json\/wp\/v2\/posts\/755\/revisions"}],"wp:featuredmedia":[{"embeddable":true,"href":"https:\/\/www.lapeyre.fr\/c\/magazine\/wp-json\/wp\/v2\/media\/756"}],"wp:attachment":[{"href":"https:\/\/www.lapeyre.fr\/c\/magazine\/wp-json\/wp\/v2\/media?parent=755"}],"wp:term":[{"taxonomy":"category","embeddable":true,"href":"https:\/\/www.lapeyre.fr\/c\/magazine\/wp-json\/wp\/v2\/categories?post=755"},{"taxonomy":"post_tag","embeddable":true,"href":"https:\/\/www.lapeyre.fr\/c\/magazine\/wp-json\/wp\/v2\/tags?post=755"}],"curies":[{"name":"wp","href":"https:\/\/api.w.org\/{rel}","templated":true}]}}