{"id":804,"date":"2019-11-07T16:12:26","date_gmt":"2019-11-07T15:12:26","guid":{"rendered":"https:\/\/magazine.lapeyre.fr\/?p=804"},"modified":"2025-03-13T10:12:50","modified_gmt":"2025-03-13T09:12:50","slug":"prix-plan-travail-sur-mesure","status":"publish","type":"post","link":"https:\/\/www.lapeyre.fr\/c\/magazine\/prix-plan-travail-sur-mesure\/","title":{"rendered":"Plan de travail sur-mesure : pour quel prix\u2009?"},"content":{"rendered":"\r\n<p><strong>Le prix d\u2019un plan de travail sur mesure varie en fonction de nombreux crit\u00e8res\u00a0: le mat\u00e9riau choisi, sa forme, ses dimensions, etc.<\/strong><\/p>\r\n\r\n\r\n\r\n<p>\u00c9l\u00e9ment central de la\u00a0<a href=\"https:\/\/www.lapeyre.fr\/cuisine-CCU0001\">cuisine<\/a>, votre\u00a0<a href=\"https:\/\/www.lapeyre.fr\/plans-travail-CCN0091\">plan de travail<\/a>\u00a0doit r\u00e9pondre \u00e0 vos besoins et envies. En fonction du mat\u00e9riau choisi et de son style, le prix d\u2019un plan de travail sur mesure peut varier du simple au quintuple\u2009! Envie de changer le\u00a0plan de travail\u00a0de votre cuisine\u2009? On fait le point sur tout ce qui influe sur le prix d\u2019achat d\u2019un plan de travail sur mesure.<\/p>\r\n\r\n\r\n\r\n<figure class=\"wp-block-image\"><img loading=\"lazy\" decoding=\"async\" width=\"865\" height=\"1024\" class=\"wp-image-805\" src=\"\/wp-content\/uploads\/2019\/11\/homme-cuisine-865x1024.jpg\" alt=\"Prix d\u2019un plan de travail\" srcset=\"https:\/\/www.lapeyre.fr\/wp-content\/uploads\/2019\/11\/homme-cuisine-865x1024.jpg 865w, https:\/\/www.lapeyre.fr\/wp-content\/uploads\/2019\/11\/homme-cuisine-253x300.jpg 253w, https:\/\/www.lapeyre.fr\/wp-content\/uploads\/2019\/11\/homme-cuisine-768x909.jpg 768w, https:\/\/www.lapeyre.fr\/wp-content\/uploads\/2019\/11\/homme-cuisine.jpg 1219w\" sizes=\"auto, (max-width: 865px) 100vw, 865px\" \/><\/figure>\r\n\r\n\r\n\r\n<h2 class=\"wp-block-heading\"><strong>Plan de travail sur mesure\u00a0: quel mat\u00e9riau pour quel budget\u2009?<\/strong><\/h2>\r\n\r\n\r\n\r\n<p>Le choix du mat\u00e9riau a une incidence directe sur le prix. En fonction du style souhait\u00e9, des avantages et des inconv\u00e9nients de chacun, s\u00e9lectionnez celui qui conviendra le mieux \u00e0 votre budget\u2009! Vous allez voir que le sur-mesure n\u2019est pas synonyme de fortes d\u00e9penses. Les moins on\u00e9reux et les plus fr\u00e9quemment utilis\u00e9s sont le stratifi\u00e9 et le m\u00e9lamin\u00e9. Avec une esth\u00e9tique qui s\u2019accorde \u00e0 presque tous les styles, ils ont aussi l\u2019avantage d\u2019afficher un prix abordable.\u00a0<\/p>\r\n\r\n\r\n\r\n<h3 class=\"wp-block-heading\"><strong>Les prix en \u20ac des plans de travail sur mesure<\/strong><\/h3>\r\n\r\n\r\n\r\n<p>Comptez de 20 \u00e0 100\u00a0\u20ac le m\u00b2 selon la qualit\u00e9 et le d\u00e9cor choisi. Plus original et bon march\u00e9, le b\u00e9ton, avec par exemple, une finition en b\u00e9ton cir\u00e9, varie de 50 \u00e0 150\u00a0\u20ac le m\u00b2.<\/p>\r\n\r\n\r\n\r\n<p>Les prix commencent \u00e0 augmenter lorsque l\u2019on se dirige vers des mati\u00e8res naturelles. Pour du bois, pr\u00e9voyez un budget allant de 50 \u00e0 300\u00a0\u20ac en fonction de l\u2019essence. Le granit ou la pierre tournent autour des 200\u00a0\u20ac et peuvent parfois atteindre les 500\u00a0\u20ac le m\u00b2. Beaucoup moins lourd et tout aussi r\u00e9sistant, vous pouvez opter pour un plan de travail sur mesure en Quartz. Un mat\u00e9riau dont les prix varient de 300 \u00e0 750\u00a0\u20ac le m\u00b2. Intemporel et chic, le marbre s\u2019affiche, quant \u00e0 lui, \u00e0 un prix allant de 200 \u00e0 600\u00a0\u20ac\u00a0le m\u00b2.<\/p>\r\n\r\n\r\n\r\n<p>Enfin, pour les Solid surfaces comme le Corian ou encore le Dekton, un m\u00e9lange de min\u00e9raux et de r\u00e9sine acrylique, les prix tournent autour de 400\u00a0\u20ac \u00e0 500\u00a0\u20ac le m\u00b2. Ces mat\u00e9riaux lisses r\u00e9sistent \u00e0 la plupart des chocs et des rayures.<\/p>\r\n\r\n\r\n\r\n<figure class=\"wp-block-image\"><img loading=\"lazy\" decoding=\"async\" width=\"1016\" height=\"943\" class=\"wp-image-806\" src=\"\/wp-content\/uploads\/2019\/11\/planche-\u00e0-d\u00e9couper.jpg\" alt=\"Prix d\u2019un plan de travail\" srcset=\"https:\/\/www.lapeyre.fr\/wp-content\/uploads\/2019\/11\/planche-\u00e0-d\u00e9couper.jpg 1016w, https:\/\/www.lapeyre.fr\/wp-content\/uploads\/2019\/11\/planche-\u00e0-d\u00e9couper-300x278.jpg 300w, https:\/\/www.lapeyre.fr\/wp-content\/uploads\/2019\/11\/planche-\u00e0-d\u00e9couper-768x713.jpg 768w\" sizes=\"auto, (max-width: 1016px) 100vw, 1016px\" \/><\/figure>\r\n\r\n\r\n\r\n<h2 class=\"wp-block-heading\"><strong><strong>La forme et l\u2019installation jouent sur le prix d\u2019un plan de travail sur mesure<\/strong><\/strong><\/h2>\r\n\r\n\r\n\r\n<p>En plus du choix du mat\u00e9riau, la taille, la forme, les d\u00e9coupes et la pose auront une incidence sur le prix de votre plan de travail.\u00a0<\/p>\r\n\r\n\r\n\r\n<h3 class=\"wp-block-heading\"><strong>Le co\u00fbt de la personnalisation du plan de travail<\/strong><\/h3>\r\n\r\n\r\n\r\n<p>Contrairement \u00e0 un plan de travail arrondi ou \u00e0 angle droit pr\u00eat \u00e0 poser, r\u00e9alis\u00e9 de fa\u00e7on industrielle dans des dimensions standardis\u00e9es, le plan de travail sur mesure s\u2019adapte parfaitement au plan et aux dimensions de votre cuisine.\u00a0Ce travail de personnalisation a un co\u00fbt. Un plan de travail classique vous co\u00fbtera moins cher \u00e0 la r\u00e9alisation qu\u2019un plan de travail en \u00eelot avec une partie repas, alors beaucoup plus large. Il peut arriver aussi qu\u2019il se compose de deux ou plusieurs niveaux. Le prix sera alors plus important que pour une forme simplifi\u00e9e.<\/p>\r\n\r\n\r\n\r\n<p>Notez \u00e9galement qu\u2019un\u00a0<a href=\"https:\/\/www.lapeyre.fr\/accessoires-plans-travail-CCN0092\">plan de travail accessoiris\u00e9<\/a>, avec par exemple un trou pour y installer un porte-savon ou un \u00e9gouttoir int\u00e9gr\u00e9, demandera un plus grand budget. Autant d\u2019options \u00e0 \u00e9valuer pour estimer, au plus juste, le prix du plan de travail sur mesure.<\/p>\r\n\r\n\r\n\r\n<h3 class=\"wp-block-heading\"><strong>Le prix de la livraison et de pose du plan de travail\u00a0<\/strong><\/h3>\r\n\r\n\r\n\r\n<p>Pensez aussi au co\u00fbt de livraison ainsi qu\u2019\u00e0 la pose. Les frais de livraison d\u00e9pendent du poids du plan de travail. Estimez pr\u00e9cis\u00e9ment vos co\u00fbts de livraison gr\u00e2ce au\u00a0<a href=\"https:\/\/www.lapeyre.fr\/c\/services\/la-livraison-a-domicile\">service Livraison de Lapeyre<\/a>.<\/p>\r\n\r\n\r\n\r\n<p>Quant au prix de la pose, il d\u00e9pend du niveau d\u2019intervention n\u00e9cessaire. Cependant, ce dernier peut augmenter si l\u2019espace est difficile d\u2019acc\u00e8s, si certaines d\u00e9coupes sont sp\u00e9cifiques ou encore s\u2019il faut r\u00e9aliser de petits travaux d\u2019\u00e9lectricit\u00e9 ou de plomberie pour les raccords. R\u00e9alisez \u00e0 l\u2019aide d\u2019un expert Lapeyre\u00a0<a href=\"https:\/\/www.lapeyre.fr\/c\/services\/installation-lapeyre\">votre devis pour la pose de votre plan de travail<\/a>. Pour une estimation pr\u00e9cise et globale de votre budget,\u00a0<a href=\"https:\/\/www.lapeyre.fr\/c\/h\/prise-de-rdv?choice=mag\">prenez directement rendez-vous avec nos experts Lapeyre en magasin ou \u00e0 domicile<\/a>.<\/p>\r\n\n<p style=\"text-align: center;\"><a class=\"bouton bleu\" id=\"btn-rdv-magazine\" href=\"https:\/\/www.lapeyre.fr\/prise-de-rdv\">Prendre RDV<\/a><\/p>","protected":false},"excerpt":{"rendered":"<p>Le prix d\u2019un plan de travail sur mesure varie en fonction de nombreux crit\u00e8res\u00a0: le mat\u00e9riau choisi,&#8230;<\/p>\n","protected":false},"author":1005,"featured_media":805,"comment_status":"open","ping_status":"open","sticky":false,"template":"","format":"standard","meta":{"_acf_changed":false,"footnotes":""},"categories":[978,975],"tags":[21],"class_list":{"2":"type-post","6":"hentry"},"acf":[],"_links":{"self":[{"href":"https:\/\/www.lapeyre.fr\/c\/magazine\/wp-json\/wp\/v2\/posts\/804","targetHints":{"allow":["GET"]}}],"collection":[{"href":"https:\/\/www.lapeyre.fr\/c\/magazine\/wp-json\/wp\/v2\/posts"}],"about":[{"href":"https:\/\/www.lapeyre.fr\/c\/magazine\/wp-json\/wp\/v2\/types\/post"}],"author":[{"embeddable":true,"href":"https:\/\/www.lapeyre.fr\/c\/magazine\/wp-json\/wp\/v2\/users\/1005"}],"replies":[{"embeddable":true,"href":"https:\/\/www.lapeyre.fr\/c\/magazine\/wp-json\/wp\/v2\/comments?post=804"}],"version-history":[{"count":0,"href":"https:\/\/www.lapeyre.fr\/c\/magazine\/wp-json\/wp\/v2\/posts\/804\/revisions"}],"wp:featuredmedia":[{"embeddable":true,"href":"https:\/\/www.lapeyre.fr\/c\/magazine\/wp-json\/wp\/v2\/media\/805"}],"wp:attachment":[{"href":"https:\/\/www.lapeyre.fr\/c\/magazine\/wp-json\/wp\/v2\/media?parent=804"}],"wp:term":[{"taxonomy":"category","embeddable":true,"href":"https:\/\/www.lapeyre.fr\/c\/magazine\/wp-json\/wp\/v2\/categories?post=804"},{"taxonomy":"post_tag","embeddable":true,"href":"https:\/\/www.lapeyre.fr\/c\/magazine\/wp-json\/wp\/v2\/tags?post=804"}],"curies":[{"name":"wp","href":"https:\/\/api.w.org\/{rel}","templated":true}]}}