{"id":845,"date":"2019-11-08T16:21:42","date_gmt":"2019-11-08T15:21:42","guid":{"rendered":"https:\/\/magazine.lapeyre.fr\/?p=845"},"modified":"2025-03-13T10:12:00","modified_gmt":"2025-03-13T09:12:00","slug":"choisir-plan-cuisine","status":"publish","type":"post","link":"https:\/\/www.lapeyre.fr\/c\/magazine\/choisir-plan-cuisine\/","title":{"rendered":"Choisir le bon plan pour votre cuisine"},"content":{"rendered":"\r\n<p><strong>Vous am\u00e9nagez le coin repas de votre nid douillet\u00a0mais ne savez pas par o\u00f9 commencer\u00a0? Quand il s\u2019agit de plans de cuisine, on parle en lettres. Elles correspondent \u00e0 la fa\u00e7on dont on dispose les diff\u00e9rents \u00e9l\u00e9ments. I, L, U ou G\u00a0? On vous propose une petite formation express gr\u00e2ce \u00e0 laquelle vous pourrez concevoir la cuisine de vos r\u00eaves.<\/strong><\/p>\r\n\r\n\r\n\r\n<h2 class=\"wp-block-heading\">L\u2019ind\u00e9modable plan de cuisine en I<\/h2>\r\n\r\n\r\n\r\n<p>La <a href=\"https:\/\/www.lapeyre.fr\/cuisine-CCU0001\" target=\"_blank\" rel=\"noreferrer noopener\" aria-label=\"cuisine  (s\u2019ouvre dans un nouvel onglet)\">cuisine <\/a>\u00e0 la silhouette la plus passe-partout ouvre le bal. Le I, vous l\u2019aurez compris, mat\u00e9rialise l\u2019alignement des \u00e9quipements sur un seul c\u00f4t\u00e9.<\/p>\r\n\r\n\r\n\r\n<p>Cette implantation colle parfaitement avec une cuisine en couloir, large d\u2019au moins 1m80 pour pouvoir installer le plan de travail, ouvrir vos placards, vos tiroirs et vous croiser sans vous g\u00eaner. Le plan de cuisine en I saura vous s\u00e9duire si votre pi\u00e8ce est ouverte sur le salon et que vous ne souhaitez pas donner trop d\u2019importance \u00e0 votre coin repas. Assez facile \u00e0 am\u00e9nager, cette cuisine sait se faire discr\u00e8te et rester \u00e0 sa place. Serait-ce le plan id\u00e9al\u00a0? Pas si l\u2019on suit la r\u00e8gle du triangle d\u2019activit\u00e9\u00a0qui consiste \u00e0 observer une distance r\u00e9duite et quasi \u00e9gale entre les plaques de cuisson, l\u2019\u00e9vier et le r\u00e9frig\u00e9rateur, afin de limiter et faciliter les d\u00e9placements.<\/p>\r\n\r\n\r\n\r\n<figure class=\"wp-block-image\"><img loading=\"lazy\" decoding=\"async\" width=\"1367\" height=\"911\" class=\"wp-image-846\" src=\"\/wp-content\/uploads\/2019\/11\/plan-de-travail-cuisine-rose.jpg\" alt=\"Cuisine en I aux tons rose p\u00e2le\" srcset=\"https:\/\/www.lapeyre.fr\/wp-content\/uploads\/2019\/11\/plan-de-travail-cuisine-rose.jpg 1367w, https:\/\/www.lapeyre.fr\/wp-content\/uploads\/2019\/11\/plan-de-travail-cuisine-rose-300x200.jpg 300w, https:\/\/www.lapeyre.fr\/wp-content\/uploads\/2019\/11\/plan-de-travail-cuisine-rose-768x512.jpg 768w, https:\/\/www.lapeyre.fr\/wp-content\/uploads\/2019\/11\/plan-de-travail-cuisine-rose-1024x682.jpg 1024w\" sizes=\"auto, (max-width: 1367px) 100vw, 1367px\" \/><\/figure>\r\n\r\n\r\n\r\n<p>Si vous poss\u00e9dez une cuisine ferm\u00e9e, optez pour une implantation en parall\u00e8le, vous aurez ainsi votre triangle optimal.<\/p>\r\n\r\n\r\n\r\n<p>Enfin un plan de cuisine en I vous obligera \u00e0 rivaliser d\u2019ing\u00e9niosit\u00e9 pour casser la lin\u00e9arit\u00e9 de ce plan de cuisine. Jouez avec les mat\u00e9riaux, les niveaux, les couleurs et les \u00e9clairages.<\/p>\r\n\r\n\r\n\r\n<h2 class=\"wp-block-heading\">Le populaire plan de cuisine en L<\/h2>\r\n\r\n\r\n\r\n<p>Formant un angle droit, cette configuration se retrouve chez beaucoup de foyers car elle est moins exigeante que sa cousine en I. Un retour d\u20191m20 suffit \u00e0 l\u2019accueillir. Elle est particuli\u00e8rement indiqu\u00e9e pour les pi\u00e8ces rectangulaires moyennes ou grandes, pas trop \u00e9troites. Avec ce genre de plan, vous ne vous \u00e9puiserez pas entre les points froid, chaud et la partie d\u00e9di\u00e9e au lavage. Vous \u00eates \u00e0 la t\u00eate d\u2019une famille nombreuse\u00a0? Investissez dans une confortable table de cuisine, elle se logera facilement dans l\u2019espace libre. Dernier point important, \u00e9vitez d\u2019installer vos plaques de cuisson ou votre \u00e9vier dans l\u2019angle afin de pouvoir circuler ais\u00e9ment.\u00a0<\/p>\r\n\r\n\r\n\r\n<figure class=\"wp-block-image\"><img loading=\"lazy\" decoding=\"async\" width=\"1303\" height=\"767\" class=\"wp-image-847\" src=\"\/wp-content\/uploads\/2019\/11\/cuisineL.jpg\" alt=\"Cuisine lumineuse en L avec enfant de dos assis \u00e0 table\" srcset=\"https:\/\/www.lapeyre.fr\/wp-content\/uploads\/2019\/11\/cuisineL.jpg 1303w, https:\/\/www.lapeyre.fr\/wp-content\/uploads\/2019\/11\/cuisineL-300x177.jpg 300w, https:\/\/www.lapeyre.fr\/wp-content\/uploads\/2019\/11\/cuisineL-768x452.jpg 768w, https:\/\/www.lapeyre.fr\/wp-content\/uploads\/2019\/11\/cuisineL-1024x603.jpg 1024w\" sizes=\"auto, (max-width: 1303px) 100vw, 1303px\" \/><\/figure>\r\n\r\n\r\n\r\n<h2 class=\"wp-block-heading\">L\u2019\u00eelot central, la cerise sur le g\u00e2teau<\/h2>\r\n\r\n\r\n\r\n<p>On a une bonne nouvelle\u00a0: les deux premiers types d\u2019implantations sont compatibles avec la pose d\u2019un convivial \u00eelot central, \u00e0 condition de poss\u00e9der un espace d\u2019au moins 15 m\u00e8tres carr\u00e9s. Pour en profiter pleinement, prenez le temps de r\u00e9fl\u00e9chir \u00e0 la fonction que vous allez attribuer \u00e0 votre \u00eelot central : simple rangement et suppl\u00e9ment d\u2019espace pour la pr\u00e9paration des repas ou coin bar \u00e9quip\u00e9 d\u2019un \u00e9vier et de plaques de cuisson.<\/p>\r\n\r\n\r\n\r\n<figure class=\"wp-block-image\"><img loading=\"lazy\" decoding=\"async\" width=\"1021\" height=\"901\" class=\"wp-image-848\" src=\"\/wp-content\/uploads\/2019\/11\/cuisine-ancienne.jpg\" alt=\"Cuisine \u00e0 l'ancienne avec \u00eelot central\r\n\" srcset=\"https:\/\/www.lapeyre.fr\/wp-content\/uploads\/2019\/11\/cuisine-ancienne.jpg 1021w, https:\/\/www.lapeyre.fr\/wp-content\/uploads\/2019\/11\/cuisine-ancienne-300x265.jpg 300w, https:\/\/www.lapeyre.fr\/wp-content\/uploads\/2019\/11\/cuisine-ancienne-768x678.jpg 768w\" sizes=\"auto, (max-width: 1021px) 100vw, 1021px\" \/><\/figure>\r\n\r\n\r\n\r\n<h2 class=\"wp-block-heading\">Cr\u00e9er sa cuisine en forme de U<\/h2>\r\n\r\n\r\n\r\n<p>La lettre U parle d\u2019elle-m\u00eame. Deux ou trois murs de la pi\u00e8ce sont occup\u00e9s, ce qui permet d\u2019optimiser l\u2019espace et d\u2019installer des rangements en colonne. Avec cette configuration, respecter le fameux triangle d\u2019activit\u00e9 devient un jeu d\u2019enfant\u00a0!<\/p>\r\n\r\n\r\n\r\n<p>\u00c0 ce propos, si vous aimez vous mettre aux fourneaux\u00a0en famille, adoptez une cuisine en U. Chacun trouvera sa place sur le copieux plan de travail et pourra piocher facilement dans les placards, les ustensiles et les ingr\u00e9dients qu\u2019il lui faut. L\u2019enjeu principal de cette disposition\u00a0demeure l\u2019am\u00e9nagement des angles afin qu\u2019ils soient fonctionnels et les moins on\u00e9reux possible.<\/p>\r\n\r\n\r\n\r\n<figure class=\"wp-block-image\"><img loading=\"lazy\" decoding=\"async\" width=\"1024\" height=\"717\" class=\"wp-image-850\" src=\"\/wp-content\/uploads\/2019\/11\/cuisine-U-1024x717.jpg\" alt=\"Cuisine moderne en U\" srcset=\"https:\/\/www.lapeyre.fr\/wp-content\/uploads\/2019\/11\/cuisine-U-1024x717.jpg 1024w, https:\/\/www.lapeyre.fr\/wp-content\/uploads\/2019\/11\/cuisine-U-300x210.jpg 300w, https:\/\/www.lapeyre.fr\/wp-content\/uploads\/2019\/11\/cuisine-U-768x538.jpg 768w, https:\/\/www.lapeyre.fr\/wp-content\/uploads\/2019\/11\/cuisine-U.jpg 1588w\" sizes=\"auto, (max-width: 1024px) 100vw, 1024px\" \/><\/figure>\r\n\r\n\r\n\r\n<h2 class=\"wp-block-heading\">Un plan de cuisine en G pour les cuisines carr\u00e9es<\/h2>\r\n\r\n\r\n\r\n<p>Les cuisines ouvertes sont faites pour ce genre de plan\u00a0: une implantation en U \u00e0 laquelle on ajoute un retour bar ou un plan de travail. La cuisine en G s\u2019int\u00e8gre harmonieusement dans une grande pi\u00e8ce de vie. C\u2019est d\u2019ailleurs tout l\u2019int\u00e9r\u00eat d\u2019un tel plan dans une cuisine ouverte. Il permet de d\u00e9limiter l\u2019espace sans le fermer. En revanche, l\u2019ouverture sur le s\u00e9jour n\u2019autorise aucun laisser-aller. Si vous misez sur cette configuration, veillez \u00e0 ranger votre cuisine au carr\u00e9 et choisissez un \u00e9lectrom\u00e9nager discret et une hotte performante pour prot\u00e9ger votre canap\u00e9 des odeurs de cuisson.<\/p>\r\n\r\n\r\n\r\n<p>Laissez tomber votre feuille de papier et votre crayon, utilisez <a href=\"https:\/\/www.lapeyre.fr\/c\/h\/outil-inspirationnel-cuisine\">notre outil d\u2019inspiration<\/a> pour confectionner votre plan de cuisine gratuit, propre et pr\u00e9cis\u00a0!<\/p>\r\n\n<p style=\"text-align: center;\"><a class=\"bouton bleu\" id=\"btn-rdv-magazine\" href=\"https:\/\/www.lapeyre.fr\/prise-de-rdv\">Prendre RDV<\/a><\/p>","protected":false},"excerpt":{"rendered":"<p>Vous am\u00e9nagez le coin repas de votre nid douillet\u00a0mais ne savez pas par o\u00f9 commencer\u00a0? Quand il&#8230;<\/p>\n","protected":false},"author":1005,"featured_media":0,"comment_status":"open","ping_status":"open","sticky":false,"template":"","format":"standard","meta":{"_acf_changed":false,"footnotes":""},"categories":[978,975],"tags":[5],"class_list":{"2":"type-post","5":"hentry"},"acf":[],"_links":{"self":[{"href":"https:\/\/www.lapeyre.fr\/c\/magazine\/wp-json\/wp\/v2\/posts\/845","targetHints":{"allow":["GET"]}}],"collection":[{"href":"https:\/\/www.lapeyre.fr\/c\/magazine\/wp-json\/wp\/v2\/posts"}],"about":[{"href":"https:\/\/www.lapeyre.fr\/c\/magazine\/wp-json\/wp\/v2\/types\/post"}],"author":[{"embeddable":true,"href":"https:\/\/www.lapeyre.fr\/c\/magazine\/wp-json\/wp\/v2\/users\/1005"}],"replies":[{"embeddable":true,"href":"https:\/\/www.lapeyre.fr\/c\/magazine\/wp-json\/wp\/v2\/comments?post=845"}],"version-history":[{"count":0,"href":"https:\/\/www.lapeyre.fr\/c\/magazine\/wp-json\/wp\/v2\/posts\/845\/revisions"}],"wp:attachment":[{"href":"https:\/\/www.lapeyre.fr\/c\/magazine\/wp-json\/wp\/v2\/media?parent=845"}],"wp:term":[{"taxonomy":"category","embeddable":true,"href":"https:\/\/www.lapeyre.fr\/c\/magazine\/wp-json\/wp\/v2\/categories?post=845"},{"taxonomy":"post_tag","embeddable":true,"href":"https:\/\/www.lapeyre.fr\/c\/magazine\/wp-json\/wp\/v2\/tags?post=845"}],"curies":[{"name":"wp","href":"https:\/\/api.w.org\/{rel}","templated":true}]}}