{"id":917,"date":"2019-11-13T09:48:36","date_gmt":"2019-11-13T08:48:36","guid":{"rendered":"https:\/\/magazine.lapeyre.fr\/?p=917"},"modified":"2025-03-13T10:11:04","modified_gmt":"2025-03-13T09:11:04","slug":"budget-renovation-cuisine","status":"publish","type":"post","link":"https:\/\/www.lapeyre.fr\/c\/magazine\/budget-renovation-cuisine\/","title":{"rendered":"Quel budget pour une r\u00e9novation de cuisine ?"},"content":{"rendered":"\r\n<p>Lapeyre vous donne des conseils de bricolage pour r\u00e9duire le co\u00fbt de vos travaux de r\u00e9novation. Identifiez vos envies, pensez \u00e0 bien prendre les mesures de\u00a0<a href=\"https:\/\/www.lapeyre.fr\/cuisine-CCU0001\">votre cuisine Lapeyre<\/a>\u00a0et dessinez votre plan de travail gr\u00e2ce \u00e0 notre outil virtuel. La r\u00e9novation de cuisine n\u2019est plus tr\u00e8s loin !<\/p>\r\n\r\n\r\n\r\n<h2 class=\"wp-block-heading\">D\u00e9finir l\u2019espace d\u00e9di\u00e9 \u00e0 votre cuisine Lapeyre<\/h2>\r\n\r\n\r\n\r\n<p>Commencez vos projets de r\u00e9novation de cuisine en t\u00e2chant de respecter aussi bien vos envies que l\u2019espace dont vous disposez.<\/p>\r\n\r\n\r\n\r\n<p>Rappelez-vous que les\u00a0<strong>trois formes majoritaires de cuisine<\/strong>\u00a0ont la forme de lettres de l\u2019alphabet : en U, en L et en I. Ces organisations sectoriseront diff\u00e9remment votre point d\u2019eau, cuisson et froid et l\u2019emplacement de vos\u00a0<a href=\"https:\/\/www.lapeyre.fr\/meubles-modeles-cuisine-CCN0010\" target=\"_blank\" rel=\"noreferrer noopener\"><strong>meubles de cuisine<\/strong><\/a>\u00a0et de vos\u00a0<a href=\"https:\/\/www.lapeyre.fr\/cuisine-CCU0001#SCU687997\" target=\"_blank\" rel=\"noreferrer noopener\"><strong>appareils \u00e9lectrom\u00e9nagers<\/strong><\/a>.<\/p>\r\n\r\n\r\n\r\n<ul>\r\n<li>La\u00a0<strong>cuisine en U<\/strong>\u00a0convient parfaitement aux grands espaces, ouverts sur salon ou ind\u00e9pendants.<\/li>\r\n<li>La\u00a0<strong>cuisine en L<\/strong>\u00a0est indiqu\u00e9e pour les espaces compris entre 15 et 40 m<sup>2<\/sup>.<\/li>\r\n<\/ul>\r\n\r\n\r\n\r\n<p>La\u00a0<strong>cuisine en I<\/strong>\u00a0ou en couloir est l\u2019option des petits espaces.<\/p>\r\n\r\n\r\n\r\n<figure class=\"wp-block-image size-large is-resized\"><img loading=\"lazy\" decoding=\"async\" class=\"wp-image-918\" src=\"\/wp-content\/uploads\/2019\/11\/plan-de-travail-cuisine-sur-mesure.jpg\" alt=\"plan de travail et meuble de cuisine sur mesure\" width=\"580\" height=\"199\" srcset=\"https:\/\/www.lapeyre.fr\/wp-content\/uploads\/2019\/11\/plan-de-travail-cuisine-sur-mesure.jpg 960w, https:\/\/www.lapeyre.fr\/wp-content\/uploads\/2019\/11\/plan-de-travail-cuisine-sur-mesure-300x103.jpg 300w, https:\/\/www.lapeyre.fr\/wp-content\/uploads\/2019\/11\/plan-de-travail-cuisine-sur-mesure-768x264.jpg 768w\" sizes=\"auto, (max-width: 580px) 100vw, 580px\" \/><\/figure>\r\n\r\n\r\n\r\n<h2 class=\"wp-block-heading\">Prendre les mesures de votre cuisine<\/h2>\r\n\r\n\r\n\r\n<p>Avant d\u2019\u00e9tablir le plan de votre prochaine cuisine,\u00a0<strong>prenez les mesures de votre cuisine\u00a0<\/strong>:<\/p>\r\n\r\n\r\n\r\n<ul>\r\n<li>Longueur ;<\/li>\r\n<li>Largeur ;<\/li>\r\n<li>Hauteur sous plafond ;<\/li>\r\n<li>Disposition, hauteur, largeur et sens d\u2019ouverture des ouvertures (portes et fen\u00eatres) ;<\/li>\r\n<\/ul>\r\n\r\n\r\n\r\n<p>Placez toutes les \u00ab contraintes \u00bb de votre pi\u00e8ce : prises \u00e9lectriques, chauffages, \u00e9vacuations et arriv\u00e9e d\u2019eau.<\/p>\r\n\r\n\r\n\r\n<h2 class=\"wp-block-heading\">Votre nouveau plan de cuisine budg\u00e9tis\u00e9<\/h2>\r\n\r\n\r\n\r\n<p>D\u00e9marrez maintenant notre outil Configurateur de cuisine.<\/p>\r\n\r\n\r\n\r\n<ul>\r\n<li><strong>Entrez les mesures<\/strong>\u00a0de votre pi\u00e8ce ainsi que toutes ses ouvertures.<\/li>\r\n<li><strong>Choisissez\u00a0<\/strong>la collection de meubles de cuisine que vous d\u00e9sirez.<\/li>\r\n<li><strong>Placez vos meubles<\/strong>\u00a0de cuisine selon l\u2019organisation souhait\u00e9e et\u00a0<strong>utilisez la vue 3D<\/strong>\u00a0pour vous assurer du r\u00e9sultat.<\/li>\r\n<li><strong>Vous obtenez un budget initial<\/strong>\u00a0qui d\u00e9taille le co\u00fbt de chaque meuble\u2026<\/li>\r\n<\/ul>\r\n\r\n\r\n\r\n<p>Vous n\u2019avez plus qu\u2019\u00e0 venir en magasin en parler \u00e0 nos vendeurs-conseils !<\/p>\r\n\n<p style=\"text-align: center;\"><a class=\"bouton bleu\" id=\"btn-rdv-magazine\" href=\"https:\/\/www.lapeyre.fr\/prise-de-rdv\">Prendre RDV<\/a><\/p>","protected":false},"excerpt":{"rendered":"<p>Lapeyre vous donne des conseils de bricolage pour r\u00e9duire le co\u00fbt de vos travaux de r\u00e9novation. Identifiez&#8230;<\/p>\n","protected":false},"author":1002,"featured_media":3337,"comment_status":"open","ping_status":"open","sticky":false,"template":"","format":"standard","meta":{"_acf_changed":false,"footnotes":""},"categories":[966,963],"tags":[5,15,19,21,24,937],"class_list":{"2":"type-post","6":"hentry"},"acf":[],"_links":{"self":[{"href":"https:\/\/www.lapeyre.fr\/c\/magazine\/wp-json\/wp\/v2\/posts\/917","targetHints":{"allow":["GET"]}}],"collection":[{"href":"https:\/\/www.lapeyre.fr\/c\/magazine\/wp-json\/wp\/v2\/posts"}],"about":[{"href":"https:\/\/www.lapeyre.fr\/c\/magazine\/wp-json\/wp\/v2\/types\/post"}],"author":[{"embeddable":true,"href":"https:\/\/www.lapeyre.fr\/c\/magazine\/wp-json\/wp\/v2\/users\/1002"}],"replies":[{"embeddable":true,"href":"https:\/\/www.lapeyre.fr\/c\/magazine\/wp-json\/wp\/v2\/comments?post=917"}],"version-history":[{"count":0,"href":"https:\/\/www.lapeyre.fr\/c\/magazine\/wp-json\/wp\/v2\/posts\/917\/revisions"}],"wp:featuredmedia":[{"embeddable":true,"href":"https:\/\/www.lapeyre.fr\/c\/magazine\/wp-json\/wp\/v2\/media\/3337"}],"wp:attachment":[{"href":"https:\/\/www.lapeyre.fr\/c\/magazine\/wp-json\/wp\/v2\/media?parent=917"}],"wp:term":[{"taxonomy":"category","embeddable":true,"href":"https:\/\/www.lapeyre.fr\/c\/magazine\/wp-json\/wp\/v2\/categories?post=917"},{"taxonomy":"post_tag","embeddable":true,"href":"https:\/\/www.lapeyre.fr\/c\/magazine\/wp-json\/wp\/v2\/tags?post=917"}],"curies":[{"name":"wp","href":"https:\/\/api.w.org\/{rel}","templated":true}]}}